{"id":124041,"date":"2022-03-17T20:24:33","date_gmt":"2022-03-17T23:24:33","guid":{"rendered":"http:\/\/argentinamunicipal.com.ar\/argentina\/?p=124041"},"modified":"2022-03-17T20:25:38","modified_gmt":"2022-03-17T23:25:38","slug":"treinta-anos-de-impunidad-y-un-nuevo-aniversario-del-ataque-a-la-embajada-de-israel","status":"publish","type":"post","link":"http:\/\/argentinamunicipal.com.ar\/argentina\/treinta-anos-de-impunidad-y-un-nuevo-aniversario-del-ataque-a-la-embajada-de-israel\/","title":{"rendered":"Treinta a\u00f1os de impunidad y un nuevo aniversario del ataque a la Embajada de Israel"},"content":{"rendered":"<p>El 17 de marzo de 1992 nuestro pa\u00eds entr\u00f3 brutalmente en la agenda del terrorismo internacional. Sobre qu\u00e9 pas\u00f3 en la pol\u00edtica internacional de la Argentina a partir del atentado, opinaron para T\u00e9lam Ornela Fabani, Dra. en Relaciones Internacionales (UNR), miembro de equipos de investigaci\u00f3n sobre Pol\u00edtica Exterior Argentina en la UNR, e Ignacio Rullansky, soci\u00f3logo, profesor de la Licenciatura en Estudios Internacionales de la Universidad Torcuato Di Tella. Ambos son becarios postdoctorales del Conicet y miembros del Instituto de Relaciones Internacionales (IRI) de la Universidad Nacional de La Plata y del Dpto. de Medio Oriente del IRI.<\/p>\n<p>Hoy el mundo observa a Kiev, un espejo que devuelve la imagen de una ciudad arrasada. La mirada conmina a imaginar la humanidad del otro como la propia. Mucho se critica sobre c\u00f3mo las vidas de los nuevos refugiados europeos parecen conmover m\u00e1s que las de los buscadores de asilo africanos y asi\u00e1ticos, entre ellos las de sirios, yemen\u00edes y afganos, envueltos en largos conflictos. De cualquier forma, el ejercicio es provocativo: \u00bfc\u00f3mo se ver\u00eda mi ciudad de ser atacada? En Buenos Aires no tenemos que imaginarlo.<\/p>\n<p>Hace 30 a\u00f1os, el 17 de marzo de 1992, se produjo el atentado a la Embajada de Israel en la Argentina. A\u00fan impune, \u00e9ste fue el primer ataque terrorista sucedido en nuestro pa\u00eds, con 22 v\u00edctimas fatales y cerca de 250 heridos. Las familias de los diplom\u00e1ticos israel\u00edes y de los ciudadanos argentinos cuyas vidas se vieron atravesadas por este hecho a\u00fan esperan justicia.<\/p>\n<p>El atentado ocurri\u00f3 durante la presidencia de Carlos Menem, quien adopt\u00f3 una pol\u00edtica exterior de alto perfil hacia el Medio Oriente. Primero, recordemos que el mandatario recorri\u00f3 la regi\u00f3n en reiteradas ocasiones. M\u00e1s notable a\u00fan es que, pese a sus ra\u00edces sirias, Menem fuera el primer presidente argentino en visitar el Estado de Israel. De hecho, el propio expresidente se propuso como mediador en el conflicto palestino-irael\u00ed, postulando a Buenos Aires como sede de una conferencia de paz. Esta pol\u00edtica convivi\u00f3, adem\u00e1s, con el env\u00edo de naves argentinas a la Guerra del Golfo.<\/p>\n<p>Tanto el ataque contra la embajada, como el que se produjo contra la sede de la AMIA en 1994, fueron relacionados, inexorablemente, al involucramiento de la administraci\u00f3n Menem en los conflictos vigentes en Medio Oriente. Distintas pistas y versiones atribuyen responsabilidades a ciudadanos y funcionarios iran\u00edes y libaneses. Pese a las diversas hip\u00f3tesis investigadas, a las alertas rojas, a los procesos judiciales abiertos y tras el fracaso del Memor\u00e1ndum de Entendimiento con Ir\u00e1n, no ha habido justicia para las v\u00edctimas ni pena para sus autores.<\/p>\n<p>No sorprender\u00e1 que ambos ataques ocuparan cierta centralidad en la agenda bilateral entre Argentina y el Estado de Israel. Cabe destacar que aunque pasaron tres d\u00e9cadas de impunidad y de mala justicia, la relaci\u00f3n bilateral no s\u00f3lo se sostiene, sino que en los \u00faltimos tiempos, se fortaleci\u00f3. Durante el gobierno de Mauricio Macri se produjo la primera visita de un primer ministro israel\u00ed cuando Benjam\u00edn Netanyahu, junto a una comitiva de empresarios, nos visit\u00f3 en septiembre de 2017. Luego, en enero de 2020, el flamante presidente Alberto Fern\u00e1ndez hizo su primera visita internacional a Jerusal\u00e9n, donde particip\u00f3 del Foro Mundial del Holocausto.<\/p>\n<p>A lo largo de 2020 y como efecto de la pandemia de Covid 19, el cierre de mercados europeos forz\u00f3 a redireccionar la exportaci\u00f3n de carne bovina argentina e Israel se convirti\u00f3 en un destino atractivo, registr\u00e1ndose un aumento del 23% de las ventas. Desde entonces, dichos incrementos se sostuvieron. Por \u00faltimo, tanto las provincias como la Ciudad de Buenos Aires han firmado convenios de cooperaci\u00f3n promoviendo intercambios comerciales y en materia de innovaci\u00f3n tecnol\u00f3gica y energ\u00e9tica.<\/p>\n<p>No obstante, los aspectos positivos del v\u00ednculo bilateral no bastan para que la Argentina persiga justicia por los atentados cometidos en su propio suelo. En un contexto pospand\u00e9mico, donde nos acostumbramos a leer cifras de contagios y muertes, y donde la guerra ocupa titulares a nivel global, nuestro pa\u00eds se debe al ejercicio de reconocer la humanidad de sus v\u00edctimas y evitar una d\u00e9cada m\u00e1s de impunidad.<\/p>\n<p>Por Ornela Fabani, Dra. en Relaciones Internacionales (UNR), becaria postdoctoral del Conicet, miembro de equipos de investigaci\u00f3n sobre Pol\u00edtica Exterior Argentina en la UNR, e Ignacio Rullansky, soci\u00f3logo, becario postdoctoral del Conicet, y profesor de la Licenciatura en Estudios Internacionales de la Universidad Torcuato Di Tella. Ambos son miembros del Instituto de Relaciones Internacionales (IRI) de la Universidad Nacional de La Plata y del Dpto. de Medio Oriente del IRI.<\/p>\n<h6>Fuente: Telam<\/h6>\n","protected":false},"excerpt":{"rendered":"<p>El 17 de marzo de 1992 nuestro pa\u00eds entr\u00f3 brutalmente en la agenda del terrorismo internacional.<\/p>\n","protected":false},"author":2,"featured_media":124044,"comment_status":"closed","ping_status":"closed","sticky":false,"template":"","format":"standard","meta":{"footnotes":""},"categories":[6],"tags":[21],"class_list":["post-124041","post","type-post","status-publish","format-standard","has-post-thumbnail","hentry","category-opiniones","tag-argentina"],"_links":{"self":[{"href":"http:\/\/argentinamunicipal.com.ar\/argentina\/wp-json\/wp\/v2\/posts\/124041","targetHints":{"allow":["GET"]}}],"collection":[{"href":"http:\/\/argentinamunicipal.com.ar\/argentina\/wp-json\/wp\/v2\/posts"}],"about":[{"href":"http:\/\/argentinamunicipal.com.ar\/argentina\/wp-json\/wp\/v2\/types\/post"}],"author":[{"embeddable":true,"href":"http:\/\/argentinamunicipal.com.ar\/argentina\/wp-json\/wp\/v2\/users\/2"}],"replies":[{"embeddable":true,"href":"http:\/\/argentinamunicipal.com.ar\/argentina\/wp-json\/wp\/v2\/comments?post=124041"}],"version-history":[{"count":0,"href":"http:\/\/argentinamunicipal.com.ar\/argentina\/wp-json\/wp\/v2\/posts\/124041\/revisions"}],"wp:featuredmedia":[{"embeddable":true,"href":"http:\/\/argentinamunicipal.com.ar\/argentina\/wp-json\/wp\/v2\/media\/124044"}],"wp:attachment":[{"href":"http:\/\/argentinamunicipal.com.ar\/argentina\/wp-json\/wp\/v2\/media?parent=124041"}],"wp:term":[{"taxonomy":"category","embeddable":true,"href":"http:\/\/argentinamunicipal.com.ar\/argentina\/wp-json\/wp\/v2\/categories?post=124041"},{"taxonomy":"post_tag","embeddable":true,"href":"http:\/\/argentinamunicipal.com.ar\/argentina\/wp-json\/wp\/v2\/tags?post=124041"}],"curies":[{"name":"wp","href":"https:\/\/api.w.org\/{rel}","templated":true}]}}