{"id":124064,"date":"2022-03-21T06:14:48","date_gmt":"2022-03-21T09:14:48","guid":{"rendered":"http:\/\/argentinamunicipal.com.ar\/argentina\/?p=124064"},"modified":"2022-03-21T06:14:48","modified_gmt":"2022-03-21T09:14:48","slug":"el-frente-de-todos-puede-seguir-asi","status":"publish","type":"post","link":"http:\/\/argentinamunicipal.com.ar\/argentina\/el-frente-de-todos-puede-seguir-asi\/","title":{"rendered":"\u00bfEl Frente de Todos puede seguir as\u00ed?"},"content":{"rendered":"<p>C\u00f3mo se lleg\u00f3 hasta ac\u00e1, a esta confrontaci\u00f3n a cielo abierto entre los segmentos del Frente de Todos, da cabida a unas preguntas entretenidas para catarsis individuales. No para (tratar de) ver cu\u00e1l es el arriba del laberinto.<\/p>\n<p>Un dato objetivo es que el Gobierno zaf\u00f3 del estrangulamiento de compromisos financieros inmediatos, porque arregl\u00f3 primero con los acreedores privados y ahora con el FMI.<\/p>\n<p>El conjunto de la deuda qued\u00f3 pateado hacia 2025 y 2026, respectivamente. \u00bfTiene sentido seguir discutiendo si eso es un logro inmenso, haber barrido debajo de la alfombra o ambas cosas? En cualquiera de las tres variantes y como nadie come con esa clase de an\u00e1lisis, lo que ocurre es una puja desmesurada que se adjudica al inter\u00e9s de \u201cla pol\u00edtica\u201d o \u201clos pol\u00edticos\u201d mientras \u201cel pueblo\u201d est\u00e1 cada vez peor. En forma preferencial, seg\u00fan las encuestas admitidas por unos y otros, lo estar\u00eda por culpa del Gobierno y no de quienes le dejaron un muerto de endeudamiento hist\u00f3rico. Y, como sea, que arreglen la inflaci\u00f3n.<\/p>\n<p>\u00bfDe qu\u00e9 van los cruces sobre si se negoci\u00f3 bien o mal con el Fondo Monetario?\u00a0\u00bfEso no tendr\u00edan que haberlo conversado antes y durante las negociaciones, entre Alberto y Cristina, e inclusive o sobre todo cuando convinieron la f\u00f3rmula electoral ganadora?<\/p>\n<p>\u00bfNo hablaron nunca m\u00e1s, o no lo hicieron sobre aspectos sustantivos, despu\u00e9s de sacarse de encima a Macri?\u00a0Y si no hablaron sobre el Fondo Monetario, porque despu\u00e9s de ganar era imprescindible concentrarse c\u00f3mo administrar la pandemia,\u00a0\u00bftampoco se sentaron a discutir acerca de la inflaci\u00f3n que Macri les entreg\u00f3 multiplicada?<\/p>\n<p>Y hoy, cuando lo \u201cformal\u201d con el Fondo est\u00e1 arreglado, \u00bfen serio siguen sin hablar de alguna manera que no fuere lanzarse munici\u00f3n tupida a trav\u00e9s de redes y chicanas de notas p\u00fablicas, que hasta llegan a ser provistas\u00a0desde adentro\u00a0a medios de la oposici\u00f3n?\u00a0(s\u00ed, es en serio:\u00a0cualquier periodista, con buenas fuentes, con acceso a altas figuras del Ejecutivo y del FdT, recibe desde los contendientes una carga de frases agresivas que el respeto por el off preserva de mayores esc\u00e1ndalos).<\/p>\n<p>\u00bfHay lugar para re-definir un liderazgo elemental, conceptual, frente a la derrota en las urnas a la vuelta de la esquina?<\/p>\n<p>En un art\u00edculo publicado en\u00a0La\u00a0Tecl@E\u00f1e, Ricardo Aronskind traza un recorrido preciso sobre origen, desarrollo y caracterizaci\u00f3n global del Fondo Monetario. Lo hace bajo un t\u00edtulo notable que, en nuestra opini\u00f3n, desaf\u00eda al debate hasta ahora eludido o no abordado en profundidad:\u00a0El FMI es un producto argentino.<\/p>\n<p>\u201c(\u2026) Creemos que se pone un\u00a0\u00e9nfasis exagerado\u00a0en la presencia de un organismo que no es otra cosa que la expresi\u00f3n de un\u00a0proyecto interno, de dominaci\u00f3n y control de nuestro pa\u00eds, a punta de pistola financiera.\u00a0El FMI no debe llevar a invisibilizar el problema de fondo.\u00a0La incapacidad de la c\u00fapula empresarial local, para ofrecer a nuestra sociedad un proyecto econ\u00f3mico viable y aceptable, los lleva a reforzar su control coercitivo con la ayuda del FMI, que contribuye a maniatar a gobiernos que no les responden plenamente (Alfons\u00edn, Fern\u00e1ndez)\u201d.<\/p>\n<p>\u201c(\u2026) Entonces,\u00a0ser\u00eda mucho m\u00e1s importante empezar a pensar c\u00f3mo se enfrenta a ese proyecto local, empobrecedor y extranjerizante, que es el que tiene vigencia permanente m\u00e1s all\u00e1 de la presencia o ausencia del FMI.\u00a0(\u2026) Su presencia es s\u00f3lo la constataci\u00f3n de qui\u00e9n va ganando en la puja interna; pero tambi\u00e9n de la incapacidad de esa elite local por asentar su control sobre el pa\u00eds, ofreciendo logros concretos.\u00a0No es el Fondo el problema.\u00a0Es el proyecto neoliberal globalizante de la elite argentina\u201d.<\/p>\n<p>A la simple complejidad que Aronskind describe con esa punter\u00eda tan necesaria para entender que el Fondo es consecuencia y no causa, corresponde, quiz\u00e1s, agregarle la incapacidad del Gobierno y del Frente de Todos\u00a0-sin excepciones-\u00a0a fin de presentar\u00a0alternativas concretas\u00a0de realizaci\u00f3n ejecutiva.\u00a0No el consignismo de un lado y las indecisiones del otro.<\/p>\n<p>Volvemos, as\u00ed, al triste y muy probablemente in\u00fatil espect\u00e1culo que gener\u00f3, o profundiz\u00f3, la aprobaci\u00f3n parlamentaria del \u201cacuerdo\u201d con el FMI.<\/p>\n<p>Siendo que la batalla de fondo es local y no externa, y siendo mucho m\u00e1s que lo acordado ya naci\u00f3 entre rengo y muerto porque las circunstancias b\u00e9licas internacionales as\u00ed lo ratifican\u00a0(acaba de reconocerlo en otras palabras el mism\u00edsimo vocero del FMI, Gerry Rice), resulta que las l\u00edneas internas del Gobierno se enredaron en una contienda cuya suma da cero.<\/p>\n<p>En la franja \u201ccristinista\u201d, de kirchnerismo duro o puro o de como cada quien quiera identificar(se), quedaron atrapados en el salvoconducto de No al Fondo\u00a0cuando s\u00f3lo se trataba de aprovechar la ventana de no pagarle hasta dentro de unos a\u00f1os, o nunca, o hasta m\u00e1s ver, evitando el default que nadie quiere (empezando por la propia Cristina).<\/p>\n<p>Y en el sector \u201calbertista\u201d es igual, porque \u201cresuelto\u201d el tr\u00e1mite t\u00e9cnico con el Fondo se enganchan en la escalada discursiva y ahora,\u00a0cuando sus dichos se\u00f1alan que comienza la pelea de veras, despejado el horizonte de vencimientos financieros (y la pandemia), no tienen espalda interna para afrontar la dureza requerida contra los factores de Poder que juegan a desestabilizar al Gobierno.<\/p>\n<p>\u00bfCon cu\u00e1les soldados enfrentar\u00eda el Presidente la \u201cguerra contra la inflaci\u00f3n\u201d que, calentura verborr\u00e1gica mediante, anunci\u00f3 para el viernes pasado?<\/p>\n<p>Resum\u00e1moslo de la siguiente manera que, desde ya, no es m\u00e1s que otra opini\u00f3n. Que toma t\u00e9rminos de la coyuntura dial\u00e9ctica. Y que a \u201cla gente\u201d le importa tres pitos, con toda l\u00f3gica: nada de esto le resuelve a las mayor\u00edas una inflaci\u00f3n descontrolada de los productos b\u00e1sicos, agravada por la guerra.<\/p>\n<p>Los \u201cradicalizados\u201d deber\u00edan haber comprendido que era momento de moderarse en la pol\u00e9mica casi absurda sobre el Fondo Monetario, en tanto sab\u00edan y saben que el arreglo era y es una ficci\u00f3n a renegociar chiquicientas veces.<\/p>\n<p>Y los \u201cmoderados\u201d debieron bajar varios cambios, en lugar de prenderse a qui\u00e9n tiene m\u00e1s larga la pr\u00e1ctica de gobernar porque, ya mismo, lo necesario ser\u00eda radicalizarse para enfrentar a especuladores, formadores de precios, gauchocracia envalentonada, aparato medi\u00e1tico enardecido, su ruta.<\/p>\n<p>Nada de esto \u00faltimo aparece en la \u201cguerra contra la inflaci\u00f3n\u201d anunciada por el Presidente. M\u00e1s bien lo contrario.\u00a0\u00bfD\u00f3nde se ha visto que una declaraci\u00f3n de guerra empiece por convocar a una en\u00e9sima mesa de di\u00e1logos que no dieron absolutamente ning\u00fan resultado?<\/p>\n<p>Hay cuestiones que son de una matem\u00e1tica pol\u00edtica asimilable a la tabla del uno. El Gobierno se topar\u00e1 con elecciones decisivas dentro de unos meses.<\/p>\n<p>No tiene tiempo para medidas anti-inflacionarias que no sean de shock, de reintroducci\u00f3n de confianza masiva, si de verdad pretende llegar a esas elecciones con alg\u00fan grado de esperanza.<\/p>\n<p>Economistas de la \u201cheterodoxia\u201d comienzan a sugerir que, inclusive, habr\u00eda que\u00a0contemplar, por lo menos, el estudio de un cambio de sistema monetario, en el pa\u00eds donde el peso ya se parece m\u00e1s a un vale de compra. No la dolarizaci\u00f3n, por supuesto, porque eso s\u00ed ser\u00eda la p\u00e9rdida final de soberan\u00eda b\u00e1sica.\u00a0Y, como fuera, debe haber disposiciones espec\u00edficas que determinen con firmeza para d\u00f3nde se quiere ir.\u00a0Eso es decisi\u00f3n pol\u00edtica: aqu\u00ed los aliados, aqu\u00ed los susceptibles de di\u00e1logo, aqu\u00ed el enemigo.<\/p>\n<p>\u00bfSe discute eso en el Gobierno y en el FdT? \u00bfO todo termina\/seguir\u00e1 en el onanismo de c\u00f3mo saldar, o no, los planteamientos con el FMI?<\/p>\n<p>Nadie sale indemne de esta divisi\u00f3n o fractura en el frente electoral que no supo, no pudo o no quiso continuarse como frente gobernante.<\/p>\n<p>\u00bfAlguien o alguno de los sectores tiene, por s\u00ed solo, la fuerza social, pol\u00edtica, para unir y no espantar a lo que quede de electorado dispuesto a impedir el retorno de la derecha expl\u00edcita?<\/p>\n<p>A esta altura, en el Frente de Todos no parece que haya una discusi\u00f3n y vocaci\u00f3n pol\u00edtico-ideol\u00f3gica que pueda resolverse sin \u201cmatarse\u201d en p\u00fablico.<\/p>\n<p>\u00bfLo que pasa en la coalici\u00f3n oficialista es un choque de fondo, sobre cu\u00e1l estructura de capitalismo perif\u00e9rico habr\u00e1 de implementarse?\u00a0\u00bfO es -tambi\u00e9n, en todo caso- una batalla de narcisismos?\u00a0Esto \u00faltimo puede parecer silvestre, pero hay quienes pierden de vista que la pol\u00edtica tambi\u00e9n se nutre de banalidades personales.<\/p>\n<p>Hay el dicho \u00e9se de que gobernar para el pueblo queda antes de la unidad de los dirigentes.<\/p>\n<p>\u00bfC\u00f3mo se gobierna para \u201cel pueblo\u201d si no vuelven a juntarse los dirigentes que recuperaron el Gobierno tras la tragedia macrista con, se dijo y supone, el objetivo de re-disputar una cuota del Poder verdadero (fue Cristina, el cuadro pol\u00edtico m\u00e1s grande de este pa\u00eds, quien afirm\u00f3 que gracias si pudo tener un 20\/25 por ciento del Poder \u00e9se)?<\/p>\n<p>Vaya instancia o etapa, en las que\u00a0deber\u00eda alcanzar con ver qui\u00e9nes est\u00e1n de festejo por esta grieta que ya no divide a los campos cl\u00e1sicos de modelo socialmente inclusivo versus gorilismo. Es m\u00e1s grave.<\/p>\n<p>La intentona de lo primero est\u00e1 partida.<\/p>\n<p>La fortaleza de lo segundo vuelve a sacar pecho, como si nada hubiese sucedido.<\/p>\n<p>\u00bfQueda espacio para encontrar s\u00edntesis en lugar de ant\u00edtesis?<\/p>\n<p>Por Eduardo Aliverti<\/p>\n<h6>Fuente: P\u00e1gina 12<\/h6>\n","protected":false},"excerpt":{"rendered":"<p>C\u00f3mo se lleg\u00f3 hasta ac\u00e1, a esta confrontaci\u00f3n a cielo abierto entre los segmentos del Frente de Todos, da cabida a unas preguntas entretenidas para catarsis individuales. No para (tratar de) ver cu\u00e1l es el arriba del laberinto.<\/p>\n","protected":false},"author":2,"featured_media":124065,"comment_status":"closed","ping_status":"closed","sticky":false,"template":"","format":"standard","meta":{"footnotes":""},"categories":[6],"tags":[21],"class_list":["post-124064","post","type-post","status-publish","format-standard","has-post-thumbnail","hentry","category-opiniones","tag-argentina"],"_links":{"self":[{"href":"http:\/\/argentinamunicipal.com.ar\/argentina\/wp-json\/wp\/v2\/posts\/124064","targetHints":{"allow":["GET"]}}],"collection":[{"href":"http:\/\/argentinamunicipal.com.ar\/argentina\/wp-json\/wp\/v2\/posts"}],"about":[{"href":"http:\/\/argentinamunicipal.com.ar\/argentina\/wp-json\/wp\/v2\/types\/post"}],"author":[{"embeddable":true,"href":"http:\/\/argentinamunicipal.com.ar\/argentina\/wp-json\/wp\/v2\/users\/2"}],"replies":[{"embeddable":true,"href":"http:\/\/argentinamunicipal.com.ar\/argentina\/wp-json\/wp\/v2\/comments?post=124064"}],"version-history":[{"count":0,"href":"http:\/\/argentinamunicipal.com.ar\/argentina\/wp-json\/wp\/v2\/posts\/124064\/revisions"}],"wp:featuredmedia":[{"embeddable":true,"href":"http:\/\/argentinamunicipal.com.ar\/argentina\/wp-json\/wp\/v2\/media\/124065"}],"wp:attachment":[{"href":"http:\/\/argentinamunicipal.com.ar\/argentina\/wp-json\/wp\/v2\/media?parent=124064"}],"wp:term":[{"taxonomy":"category","embeddable":true,"href":"http:\/\/argentinamunicipal.com.ar\/argentina\/wp-json\/wp\/v2\/categories?post=124064"},{"taxonomy":"post_tag","embeddable":true,"href":"http:\/\/argentinamunicipal.com.ar\/argentina\/wp-json\/wp\/v2\/tags?post=124064"}],"curies":[{"name":"wp","href":"https:\/\/api.w.org\/{rel}","templated":true}]}}