{"id":124126,"date":"2022-03-22T06:14:26","date_gmt":"2022-03-22T09:14:26","guid":{"rendered":"http:\/\/argentinamunicipal.com.ar\/argentina\/?p=124126"},"modified":"2022-03-22T06:14:26","modified_gmt":"2022-03-22T09:14:26","slug":"arreglo-de-escuelas-mendocinas-por-varios-planteos-el-gobierno-flexibiliza-los-convenios-con-los-intendentes","status":"publish","type":"post","link":"http:\/\/argentinamunicipal.com.ar\/argentina\/arreglo-de-escuelas-mendocinas-por-varios-planteos-el-gobierno-flexibiliza-los-convenios-con-los-intendentes\/","title":{"rendered":"Arreglo de escuelas mendocinas: por varios planteos, el Gobierno flexibiliza los convenios con los intendentes"},"content":{"rendered":"<p>Los convenios para que los intendentes destinen el 30% de lo que reciben de Financiamiento Educativo al arreglo de escuelas ser\u00e1n optativos, pero habr\u00e1 un instructivo de rendici\u00f3n para los que no firmen<\/p>\n<p>A qu\u00e9 se destinan los fondos de Financiamiento Educativo es la discusi\u00f3n que tienen intendentes y Gobierno. Si bien los jefes comunales ahora no estar\u00e1n obligados a firmar los convenios con la DGE, s\u00ed deber\u00e1n rendir a qu\u00e9 destinaron el 30% de los fondos que reciben por aquella ley nacional.<br \/>\nLa puja por el\u00a0arreglo de las escuelas\u00a0que inici\u00f3 el Gobierno en enero pasado a\u00fan no est\u00e1 cerrada. Hace m\u00e1s de dos meses el titular de la\u00a0DGE, Jos\u00e9 Thomas y su par de Hacienda, V\u00edctor Fayad\u00a0iniciaron una ronda de reuniones para\u00a0negociar con los intendentes de que deb\u00edan aportar el 30% de lo que reciben de Financiamiento Educativo\u00a0al arreglo de escuelas, pero no todos aceptaron sonrientes. Si bien eso figura en el\u00a0Presupuesto 2022, en el Gobierno saben que el \u00e9xito de esa pol\u00edtica depend\u00eda del consenso con los jefes comunales.<\/p>\n<p>Hubo quienes esgrimieron la autonom\u00eda municipal, que les da la potestad a los intendentes de definir qu\u00e9 pol\u00edticas implementan y priorizan, y quienes argumentaron que ya hab\u00edan pautado sus presupuestos con otros gastos. Otros plantearon que ya invierten m\u00e1s de lo que les est\u00e1 reclamando el Gobierno, y que ellos por estar m\u00e1s cerca de las necesidades escolares, tienen claro d\u00f3nde est\u00e1n las prioridades.<\/p>\n<p>Por eso ahora, desde el Gobierno decidieron\u00a0flexibilizar la firma de convenios, que ser\u00e1n optativos para los intendentes,\u00a0pero a la par\u00a0delinean un instructivo que deber\u00e1n seguir para la rendici\u00f3n de los fondos que inviertan en \u00abhabitabilidad y conectividad de las escuelas\u00bb. En principio algunos prev\u00e9n firmar el convenio en los pr\u00f3ximos d\u00edas, y otros lo siguen analizando.<\/p>\n<p>\u00abEllos (por los intendentes) podr\u00e1n firmar los convenios que son voluntarios y alinearse as\u00ed a las prioridades que ha delineado la Direcci\u00f3n General de Escuelas, haciendo un trabajo coordinado, o aplicar los recursos de acuerdo a la ley provincial y para eso habr\u00e1 un instructivo para que rindan en qu\u00e9 gastaron el 30% de lo que reciben de Financiamiento Educativo\u00bb, ampli\u00f3 el ministro de Hacienda, V\u00edctor Fayad.<\/p>\n<p>En los planes del Gobierno figuraba que este mes estuvieran firmados los\u00a0convenios para el arreglo de escuelas con los 18 intendentes, y de hecho as\u00ed lo remarc\u00f3 Jos\u00e9 Thomas a mediados de febrero cuando asegur\u00f3 que esta iniciativa no era un manotazo de ahogado para conseguir dinero antes del inicio de clases, pero este lunes cuando ya se cumpli\u00f3 un mes del ciclo lectivo, a\u00fan no logran rubricar esos acuerdos.<\/p>\n<p>Con la vista puesta en el vaso medio lleno, en el Gobierno aseguran que ya\u00a0hay comunas que han avanzado en la licitaciones, por ejemplo, para el arreglo de ba\u00f1os de escuelas,\u00a0algo que ya previeron en el borrador del acuerdo que firmar\u00e1n con el Gobierno, \u00abde no ser por ese convenio, antes no podr\u00edan haber hecho ellos esos arreglos, porque no pod\u00edan meterse en las escuelas, y ahora eso se trabaja de manera coordinada\u00bb, aseguran.<\/p>\n<p>Pero tambi\u00e9n es real que\u00a0algunos intendentes prefieren determinar ellos mismos a qu\u00e9 destinan aquellos fondos que reciben por coparticipaci\u00f3n y para eso tienen un amplio espectro que les abre la ley Federal de Educaci\u00f3n.\u00a0Otros pusieron de condici\u00f3n saber cu\u00e1nto es lo que la provincia destinar\u00e1 a arreglos de escuelas de su comuna, antes de firmar los mentados convenios.<\/p>\n<p>\u00abEs claro que la provincia tiene que mostrar que\u00a0el arreglo de escuelas es prioritario\u00a0cuando se le pide a los intendentes este tipo de colaboraciones. Por eso\u00a0les hemos contado a todos que se ha incrementado en un 80% lo que Infraestructura escolar destina a los zonales,\u00a0que son las\u00a0reparaciones de escuelas que se hacen con empresas que tienen mayor capacidad de respuesta en zonas m\u00e1s aisladas y que hacen tareas de mantenimiento en un menor tiempo.\u00a0A esos zonales el a\u00f1o pasado se destinaron $700 millones y hoy eso se incrementar\u00e1 en un 80%\u00bb, insisti\u00f3 Fayad.<\/p>\n<p><strong>Qu\u00e9 dice el art\u00edculo del Presupuesto 2022 y qu\u00e9 deber\u00e1n rendir los intendentes<\/strong><br \/>\nEl\u00a0art\u00edculo 55 del Presupuesto 2022\u00a0establece que los intendentes deber\u00e1n destinar como m\u00ednimo el 30% de lo que perciben de la Ley Nacional de Financiamiento Educativo a mejorar la inversi\u00f3n en \u00abinversi\u00f3n en educaci\u00f3n, ciencia y tecnolog\u00eda, priorizando la habitabilidad de los establecimientos educativos, y el equipamiento mobiliario y educativo fundamentalmente destinado a la conectividad de los establecimientos\u00bb.<\/p>\n<p>Pero de ese texto hay distintas interpretaciones, seg\u00fan la problem\u00e1tica que se dan en las distintas comunas. Hay quienes entienden que invertir en educaci\u00f3n es mejorar los accesos para que los chicos puedan llegar a determinadas escuelas rurales por ejemplo, y otros que se preocupan m\u00e1s por mejorar la infraestructura puertas adentro de sus colegios.<\/p>\n<p>\u00abSi bien la pol\u00edtica educativa la define la provincia, y con ella se determinan las prioridades tambi\u00e9n de infraestructura escolar,\u00a0las comunas tienen toda la autonom\u00eda para definir d\u00f3nde destinar\u00e1n los fondos, porque tambi\u00e9n es cierto que los intendentes est\u00e1n m\u00e1s cerca de los problemas y son los que reciben los reclamos, por eso ac\u00e1 nadie va a considerar rebelde a un intendente que no firme el convenio, s\u00ed les vamos a pedir que cumplan con la norma\u00bb, concluy\u00f3 Fayad.<\/p>\n<h6>Fuente: Uno<\/h6>\n","protected":false},"excerpt":{"rendered":"<p>Los convenios para que los intendentes destinen el 30% de lo que reciben de Financiamiento Educativo al arreglo de escuelas ser\u00e1n optativos, pero habr\u00e1 un instructivo de rendici\u00f3n para los que no firmen<\/p>\n","protected":false},"author":2,"featured_media":124127,"comment_status":"closed","ping_status":"closed","sticky":false,"template":"","format":"standard","meta":{"footnotes":""},"categories":[5],"tags":[31],"class_list":["post-124126","post","type-post","status-publish","format-standard","has-post-thumbnail","hentry","category-informe-economico","tag-mendoza"],"_links":{"self":[{"href":"http:\/\/argentinamunicipal.com.ar\/argentina\/wp-json\/wp\/v2\/posts\/124126","targetHints":{"allow":["GET"]}}],"collection":[{"href":"http:\/\/argentinamunicipal.com.ar\/argentina\/wp-json\/wp\/v2\/posts"}],"about":[{"href":"http:\/\/argentinamunicipal.com.ar\/argentina\/wp-json\/wp\/v2\/types\/post"}],"author":[{"embeddable":true,"href":"http:\/\/argentinamunicipal.com.ar\/argentina\/wp-json\/wp\/v2\/users\/2"}],"replies":[{"embeddable":true,"href":"http:\/\/argentinamunicipal.com.ar\/argentina\/wp-json\/wp\/v2\/comments?post=124126"}],"version-history":[{"count":0,"href":"http:\/\/argentinamunicipal.com.ar\/argentina\/wp-json\/wp\/v2\/posts\/124126\/revisions"}],"wp:featuredmedia":[{"embeddable":true,"href":"http:\/\/argentinamunicipal.com.ar\/argentina\/wp-json\/wp\/v2\/media\/124127"}],"wp:attachment":[{"href":"http:\/\/argentinamunicipal.com.ar\/argentina\/wp-json\/wp\/v2\/media?parent=124126"}],"wp:term":[{"taxonomy":"category","embeddable":true,"href":"http:\/\/argentinamunicipal.com.ar\/argentina\/wp-json\/wp\/v2\/categories?post=124126"},{"taxonomy":"post_tag","embeddable":true,"href":"http:\/\/argentinamunicipal.com.ar\/argentina\/wp-json\/wp\/v2\/tags?post=124126"}],"curies":[{"name":"wp","href":"https:\/\/api.w.org\/{rel}","templated":true}]}}