{"id":124212,"date":"2022-03-25T04:34:01","date_gmt":"2022-03-25T07:34:01","guid":{"rendered":"http:\/\/argentinamunicipal.com.ar\/argentina\/?p=124212"},"modified":"2022-03-25T06:36:09","modified_gmt":"2022-03-25T09:36:09","slug":"en-el-gran-santa-fe-hay-15-000-desocupados-y-25-000-buscan-un-segundo-empleo","status":"publish","type":"post","link":"http:\/\/argentinamunicipal.com.ar\/argentina\/en-el-gran-santa-fe-hay-15-000-desocupados-y-25-000-buscan-un-segundo-empleo\/","title":{"rendered":"En el gran Santa Fe hay 15.000 desocupados y 25.000 buscan un segundo empleo"},"content":{"rendered":"<p>As\u00ed lo inform\u00f3 el Instituto Nacional de Estad\u00edsticas y Censos. La desocupaci\u00f3n en Santa Fe es del 6,3 por ciento. Fue menor a la media nacional<\/p>\n<p>El Instituto Nacional de Estad\u00edsticas y Censos inform\u00f3 este mi\u00e9rcoles que la desocupaci\u00f3n en el Gran Santa Fe, durante el cuarto trimestre del a\u00f1o pasado, fue del 6,3 por ciento. El valor se ubic\u00f3 por debajo de la media nacional y del gran Rosario que, en ambos casos, fue del 7 por ciento.<br \/>\nSeg\u00fan el organismo nacional, en el gran Santa Fe son\u00a015.000 las personas que no tienen empleo; hay 245.000 econ\u00f3micamente activas, de las cuales 230.000 se encuentran ocupadas.<\/p>\n<p>En tanto, inform\u00f3 que son 25.000 las personas \u00abocupadas demandante de empleo\u00bb; es decir, que tienen trabajo pero que busca activamente otra ocupaci\u00f3n.<\/p>\n<p>En esa misma l\u00ednea, inform\u00f3 que la \u00abpoblaci\u00f3n subocupada\u00bb (ocupados que trabajan menos de 35 horas semanales por causas involuntarias y est\u00e1n dispuestos a trabajar m\u00e1s horas) es de 28.000.<\/p>\n<p>A nivel\u00a0nacional\u00a0el \u00edndice de desocupaci\u00f3n\u00a0fue 4 puntos porcentuales por debajo del 11% registrado al cierre de 2020, con lo que se ubic\u00f3 en su menor nivel desde 2016\u00a0a la fecha, inform\u00f3 hoy el Instituto Nacional de Estad\u00edstica y Censos (Indec).<\/p>\n<p>Al cierre del cuarto trimestre,\u00a0el \u00edndice tambi\u00e9n se ubic\u00f3 1,2 puntos porcentuales por debajo del 8,2% del tercer trimestre del a\u00f1o pasado.<\/p>\n<p>N\u00fameros en contexto<br \/>\nEsta baja en la tasa de desocupaci\u00f3n se produjo en un contexto en el que el Producto Bruto Interno cerr\u00f3 el 2021 con un crecimiento de 10,3%, con lo que recuper\u00f3 e incluso super\u00f3 la ca\u00edda de 9,9% registrada en 2020, en medio de las medidas de aislamiento social puestas en marcha en medio de la primera ola de la pandemia de coronavirus.<\/p>\n<p>Luego de que se conocieran los datos,\u00a0el ministro de Desarrollo Productivo, Mat\u00edas Kulfas, destac\u00f3 que \u201cla baja de la desocupaci\u00f3n se debe a la creaci\u00f3n de 1,8 millones de empleos en el \u00faltimo a\u00f1o\u201d.<\/p>\n<p>\u201cComparado con fines de 2019, hay 650.000 personas ocupadas m\u00e1s. Gracias a ello, la tasa de empleo (ocupados cada 100 personas) alcanz\u00f3 el 43,6%, la cifra m\u00e1s alta en al menos cinco a\u00f1os\u201d, dijo Kulfas en su cuenta en la red social Twitter.<\/p>\n<p>Desde el Ministerio de Econom\u00eda, por su parte, destacaron que en\u00a0el cuarto trimestre de 2021, la tasa de empleo alcanz\u00f3 un m\u00e1ximo hist\u00f3rico ubic\u00e1ndose en el 43,6% de la poblaci\u00f3n, ya que desde el inicio de la serie en 2016, no hab\u00eda logrado superar el 43%.<\/p>\n<p>Por otra parte, la tasa de actividad en el cuarto trimestre de 2021 alcanz\u00f3 el 46,9% de la poblaci\u00f3n y creci\u00f3 0,2 puntos porcentuales (p.p.) respecto al trimestre anterior, 46,7%; y 1,9 p.p. respecto al mismo trimestre de 2020, del 45 %.<\/p>\n<p>El valor alcanzado en el \u00faltimo trimestre del a\u00f1o se encuentra por encima de los promedios de 2018, del 46,6%; y 2017, con 45,9%; y est\u00e1 levemente por debajo de los niveles de actividad m\u00e1ximos de 2019, 47,3%, que fue un a\u00f1o con aumento inusual de la tasa de actividad.<\/p>\n<p>De esta forma, la tasa de empleo alcanz\u00f3 un m\u00e1ximo hist\u00f3rico ubic\u00e1ndose en el 43,6% de la poblaci\u00f3n, ya que desde el inicio de la serie publicada por Indec en 2016 no hab\u00eda logrado superar el 43%.<\/p>\n<p>En el cuarto trimestre de 2021 la tasa de empleo se increment\u00f3 0,7 puntos porcentual respecto del tercer trimestre, y 3,5 puntos porcentual contra igual per\u00edodo de 2020.<\/p>\n<p>\u201cCon esta din\u00e1mica, la tasa de desocupaci\u00f3n cay\u00f3 al 7,0% de la poblaci\u00f3n econ\u00f3micamente activa (PEA), ubic\u00e1ndose en su nivel m\u00e1s bajo desde 2016\u201d, destacaron desde el Ministerio de Econom\u00eda.<\/p>\n<p>\u201dDe esta forma, el a\u00f1o 2021 cerr\u00f3 con una tasa de empleo r\u00e9cord y con niveles de desocupaci\u00f3n por debajo de los registrados desde 2016\u201d, enfatizaron en el Palacio de Hacienda.<\/p>\n<p>Seg\u00fan detall\u00f3 el Indec, entre los mayores de 14 a\u00f1os la desocupaci\u00f3n afect\u00f3 m\u00e1s a las mujeres (7,7%) que a los hombres (6,4%).<\/p>\n<p>En lo que respecta a las distintas regiones del pa\u00eds, las mayores tasas de desempleo se verificaron en el Gran Buenos Aires y en la regi\u00f3n Pampeana.<\/p>\n<p>En cuanto al nivel educativo de las personas desocupadas, 72,3% tienen secundario completo, y 27,6% presentan nivel superior y universitario, completo o incompleto.<\/p>\n<p>Con respecto al tiempo de b\u00fasqueda de empleo, el Indec relev\u00f3 que un 54,3% las b\u00fasquedas van de entre 1 y 12 meses, mientras que el 45,7% dijo llevar m\u00e1s de un a\u00f1o en esa situaci\u00f3n.<\/p>\n<h6>Fuente: Uno<\/h6>\n","protected":false},"excerpt":{"rendered":"<p>As\u00ed lo inform\u00f3 el Instituto Nacional de Estad\u00edsticas y Censos. La desocupaci\u00f3n en Santa Fe es del 6,3 por ciento. Fue menor a la media nacional<\/p>\n","protected":false},"author":2,"featured_media":124213,"comment_status":"closed","ping_status":"closed","sticky":false,"template":"","format":"standard","meta":{"footnotes":""},"categories":[2],"tags":[10],"class_list":["post-124212","post","type-post","status-publish","format-standard","has-post-thumbnail","hentry","category-informe-municipal","tag-santa-fe"],"_links":{"self":[{"href":"http:\/\/argentinamunicipal.com.ar\/argentina\/wp-json\/wp\/v2\/posts\/124212","targetHints":{"allow":["GET"]}}],"collection":[{"href":"http:\/\/argentinamunicipal.com.ar\/argentina\/wp-json\/wp\/v2\/posts"}],"about":[{"href":"http:\/\/argentinamunicipal.com.ar\/argentina\/wp-json\/wp\/v2\/types\/post"}],"author":[{"embeddable":true,"href":"http:\/\/argentinamunicipal.com.ar\/argentina\/wp-json\/wp\/v2\/users\/2"}],"replies":[{"embeddable":true,"href":"http:\/\/argentinamunicipal.com.ar\/argentina\/wp-json\/wp\/v2\/comments?post=124212"}],"version-history":[{"count":0,"href":"http:\/\/argentinamunicipal.com.ar\/argentina\/wp-json\/wp\/v2\/posts\/124212\/revisions"}],"wp:featuredmedia":[{"embeddable":true,"href":"http:\/\/argentinamunicipal.com.ar\/argentina\/wp-json\/wp\/v2\/media\/124213"}],"wp:attachment":[{"href":"http:\/\/argentinamunicipal.com.ar\/argentina\/wp-json\/wp\/v2\/media?parent=124212"}],"wp:term":[{"taxonomy":"category","embeddable":true,"href":"http:\/\/argentinamunicipal.com.ar\/argentina\/wp-json\/wp\/v2\/categories?post=124212"},{"taxonomy":"post_tag","embeddable":true,"href":"http:\/\/argentinamunicipal.com.ar\/argentina\/wp-json\/wp\/v2\/tags?post=124212"}],"curies":[{"name":"wp","href":"https:\/\/api.w.org\/{rel}","templated":true}]}}