{"id":124302,"date":"2022-03-29T06:27:39","date_gmt":"2022-03-29T09:27:39","guid":{"rendered":"http:\/\/argentinamunicipal.com.ar\/argentina\/?p=124302"},"modified":"2022-03-29T06:27:39","modified_gmt":"2022-03-29T09:27:39","slug":"en-mendoza-bajo-la-desocupacion-pero-casi-100-000-personas-trabajan-en-la-informalidad","status":"publish","type":"post","link":"http:\/\/argentinamunicipal.com.ar\/argentina\/en-mendoza-bajo-la-desocupacion-pero-casi-100-000-personas-trabajan-en-la-informalidad\/","title":{"rendered":"En Mendoza baj\u00f3 la desocupaci\u00f3n pero casi 100.000 personas trabajan en la informalidad"},"content":{"rendered":"<p>El \u00edndice de desempleo baj\u00f3 al 6,8% al t\u00e9rmino del cuarto trimestre del 2021, 4 puntos porcentuales por debajo del 11% registrado en igual per\u00edodo del 2020<\/p>\n<p>Si bien\u00a0el\u00a0desempleo\u00a0baj\u00f3 en Mendoza,\u00a0ubic\u00e1ndose en el 6,8%, se debe a que muchas de las personas que eran parte de la estad\u00edstica ahora tienen\u00a0un trabajo no registrado. De hecho son casi 100.000 personas las que trabajan en la informalidad.<\/p>\n<p>Tambi\u00e9n creci\u00f3 la tasa de personas con un empleo y que est\u00e1n en b\u00fasqueda de otro trabajo porque los ingresos son insuficientes.<\/p>\n<p>El Instituto Nacional de Estad\u00edsticas y Censos (INDEC) public\u00f3 las cifras de ocupaci\u00f3n para el cuarto trimestre del 2021. A nivel nacional,\u00a0la tasa fue del 7%.<\/p>\n<p>En el Gran Mendoza la desocupaci\u00f3n baj\u00f3 al 6,8 %. Esto significa que\u00a035 mil personas est\u00e1n sin trabajo\u00a0en el principal conurbano de la provincia.<\/p>\n<p>Para Alfredo Cecchi, presidente de la Federaci\u00f3n Econ\u00f3mica de Mendoza, el dato es positivo. \u00abHubo una recuperaci\u00f3n importante del empleo. La Argentina creci\u00f3 10% en 2021 contra todos los pron\u00f3sticos, recuperando cifras de dos o tres a\u00f1os antes a los niveles prepandemia. Sin embargo, este crecimiento no ha sido homog\u00e9neo, sectorial ni territorialmente\u00bb.<\/p>\n<p>El economista y asesor del Gobierno de Mendoza, Sebasti\u00e1n Laza, explic\u00f3 que la desocupaci\u00f3n en la provincia viene bajando porque la econom\u00eda se est\u00e1 reactivando desde hace un a\u00f1o y medio. \u00abA diferencia del presidente Fern\u00e1ndez, Suarez nunca cerr\u00f3 la econom\u00eda y la tasa de actividad siempre se mantuvo alta en Mendoza\u00bb, dijo.<\/p>\n<p>Detall\u00f3 que los programas Mendoza Activa, Enlace y Enlazados del Ministerio de Econom\u00eda de la provincia financiaron m\u00e1s de 10 mil proyectos en tres a\u00f1os y traccionaron $90 millones en inversiones.<\/p>\n<p>Luis M\u00e1rquez, secretario general de la CGT (Confederaci\u00f3n General del Trabajo) Mendoza, opin\u00f3 para Diario UNO que \u00abestamos ante el crecimiento de la tasa de actividad m\u00e1s alta desde el 2003 a la fecha\u00bb.<\/p>\n<p>Pero las buenas noticias terminan ah\u00ed&#8230;<\/p>\n<p><strong>El 19% de los trabajadores lo hace en negro<\/strong><br \/>\nSi bien baj\u00f3 la desocupaci\u00f3n, el menor \u00edndice nacional,\u00a0el trabajo informal, aument\u00f3. El 2021 cerr\u00f3 el 19,1% de subempleados. Esta cifra representa que un total de\u00a098 mil mendocinos est\u00e1n en trabajos informales.<\/p>\n<p>Un trabajador en negro es un trabajador ilegal. Carece de la protecci\u00f3n de la Seguridad Social, adem\u00e1s no tiene obra social ni seguro de riesgos del trabajo.<\/p>\n<p>El subsecretario de Trabajo y Empleo de Mendoza, Carlos Segura,\u00a0explic\u00f3 que el empleo no registrado, a\u00fan cuando combate la desocupaci\u00f3n, no implica un buen resguardo para el futuro de los trabajadores. \u00abLo vivimos en la pandemia con actividades que dejaron de hacerse. Eso gener\u00f3 aumento de la pobreza\u00bb, afirm\u00f3.<\/p>\n<p>El sindicalista M\u00e1rquez tambi\u00e9n opin\u00f3 que Mendoza tiene la tasa de desocupaci\u00f3n m\u00e1s baja desde el 2019 pero como contrapartida hay un crecimiento del trabajo informal. Sobre todo en sectores vinculados al comercio, gastronom\u00eda, hoteler\u00eda, incluso el sector industrial. \u00abHay empresas que se acostumbraron a tomar trabajadores por los per\u00edodos de prueba y pasado ese tiempo los desvinculan\u00bb, asegur\u00f3.<\/p>\n<p>El subsecretario de Trabajo coincidi\u00f3 en el incremento de la informalidad en el sector gastron\u00f3mico y hotelero pero afirm\u00f3 que a la cabeza est\u00e1 el sector rural.<\/p>\n<p>Remarc\u00f3 tambi\u00e9n que en el empleo dom\u00e9stico es alto el grado de informalidad.\u00a0\u00abEl personal de casas particulares si bien ha tenido en los \u00faltimos a\u00f1os una recuperaci\u00f3n, una mayor conciencia de registraci\u00f3n, sigue estando en valores altos la no registraci\u00f3n\u00bb, explic\u00f3 Segura.<\/p>\n<p>El titular de la FEM opin\u00f3 que \u00aben gran parte la recuperaci\u00f3n del emplo ha sido por el crecimiento de la informalidad superando incluso los promedios nacionales\u00bb.<\/p>\n<p><strong>Se labran 2.000 multas al a\u00f1o por trabajo en negro<\/strong><br \/>\nEl subsecretario de Trabajo explic\u00f3 que\u00a0la idea del Gobierno provincial no es tener una pol\u00edtica sancionatoria, sino preventiva, de toma de conciencia.\u00a0Incluso hay reuniones frecuentes con sindicatos y c\u00e1maras empresariales donde se exhorta a registrar a los trabajadores.<\/p>\n<p>El Ministerio de Trabajo es quien tiene mayormente la tarea sancionatoria contra el empresariado y es la cartera que judicializa los casos.<\/p>\n<p>Pero la Subsecretar\u00eda de la provincia, por el poder de polic\u00eda que tiene, tambi\u00e9n hace controles en este sentido.<\/p>\n<p>El funcionario explic\u00f3 que\u00a0la Provincia puede controlar y sancionar a las empresas por el no pago de salarios y\/o aguinaldos, la no aplicaci\u00f3n de convenios colectivos o por el trabajo no registrado.<\/p>\n<p>En promedio, la Subsecretar\u00eda de Trabajo realiza entre 20 mil y 22 mil inspecciones al a\u00f1o por cuestiones laborales o por fallas en la higiene y seguridad de los trabjadores. De las cuales 3.200 aproximadamente terminan en sanciones y multas.<\/p>\n<p>De esa cifra,\u00a02.000 son por cuestiones laborales. \u00abLo que empez\u00f3 en una inspecci\u00f3n por trabajo no registrado puede terminar en trabajo defectuosamente registrado o en una sanci\u00f3n por obstrucci\u00f3n o una comparencia del empresario\u00bb, detall\u00f3 Segura.<\/p>\n<p>Sin embargo,\u00a0el titular de la CGT, dice que los controles en la provincia son insuficientes.\u00a0\u00abLa Subsecretar\u00eda de Trabajo no cuenta con el personal ni los recursos necesarios para hacer inspecciones y aplicar multas. A\u00fan as\u00ed hay empresas que prefieren pagar las multas asumiendo planes de pago a cumplir con las normas laborales\u00bb, afirm\u00f3 M\u00e1rquez.<\/p>\n<p>\u00abAnte la falta de registraci\u00f3n o la registraci\u00f3n defectuosa, la Subsecretar\u00eda aplica multas, las ejecuta y las cobra\u00bb, sostuvo Segura.<\/p>\n<p>El economista\u00a0Laza analiz\u00f3 que el trabajo en negro se debe a la incertidumbre general de la macroeconom\u00eda que no incentiva a tomar trabajadores en blanco:\u00a0\u00abSe hacen controles pero no es f\u00e1cil. Comercio, construcci\u00f3n y agro son sectores con mucha informalidad\u00bb.<\/p>\n<p>Quiz\u00e1 concientizar y tanta reuniones dialoguistas no tengan mucho sentido. Todos los empleadores conocen la ley y saben que deben poner en blanco al trabajador. Probablemente haya que reforzar las inspecciones, aplicar mayores sanciones para combatir la precarizaci\u00f3n laboral.<\/p>\n<p>A veces los propios trabajadores aceptan la informalidad por la necesidad de tener un salario. Pero cuando la ilegalidad comienza a naturalizarse o estos desv\u00edos se confunden con las reglas hay un problema grave y serio.<\/p>\n<p>Estas situaciones se transforman en un drama social porque ser\u00e1 un trabajador sin aportes jubilatorios, obra social ni resguardo alguno en caso de accidente laboral.<\/p>\n<p>Es tal deseperaci\u00f3n del desocupado que cuando le ofrecen un empleo informal, pareciera que est\u00e1 bien. \u00abEs preferible esto a no tener nada\u00bb, se suele escuchar. Una creencia colectiva de que lo que est\u00e1 mal no est\u00e1 tan mal, o, mejor dicho, est\u00e1 justificado.<\/p>\n<p><strong>Trabajo rural, falta de mano de obra y planes sociales<\/strong><br \/>\nEn el \u00e1mbito rural, por la estacionalidad de las actividades, muchos trabajadores temporarios, que\u00a0en su gran mayor\u00eda cobran planes sociales, prefieren voluntariamente que sus empleadores no hagan la registraci\u00f3n por temor a la p\u00e9rdida de esos beneficios.\u00a0Claramente por desconocimiento a las normas vigentes.<\/p>\n<p>\u00abEl decreto 514 del Ministerio de Trabajo, en conjunto con el Ministerio de Desarrollo Social de la Naci\u00f3n, aplica la posibilidad de compatibilizar los planes sociales con la registraci\u00f3n de los trabajadores temporarios\u00bb, explic\u00f3 el subsecretario de Trabajo.<\/p>\n<p>\u00abNo obstante, cuesta much\u00edsimo que el trabajador pueda creer en ese sistema. Es un gran desaf\u00edo que tenemos los gobiernos locales de trabajar en favor de la registraci\u00f3n sin que el empleado rural pierda esos beneficios\u00bb, afirm\u00f3 Segura.<\/p>\n<p><strong>\u00bfQu\u00e9 necesita Mendoza para terminar con la desocupaci\u00f3n?<\/strong><br \/>\nMendoza no es una isla y el contexto macroecon\u00f3mico influye directamente en su crecimiento.<\/p>\n<p>Los salarios en la provincia, en general, son bajos por la crisis estructural de la econom\u00eda nacional.<\/p>\n<p>\u00abNo contamos con el desarrollo de las actividades econ\u00f3micas que logren dinamizar la econom\u00eda al ritmo que necesitamos para bajar la informalidad y mejorar los niveles salariales\u00bb, explic\u00f3 Cecchi, de la FEM.<\/p>\n<p>\u00abHay un contexto de mucho potencial tur\u00edstico. Se deben destrabar las fronteras con Chile. Hay dos tercios de las frecuencias de vuelos nacionales e internacionales que a\u00fan Mendoza no recupera\u00bb, sum\u00f3.<\/p>\n<p>En lo a\u00f1os &#8217;90 hubo una gran desindustrializaci\u00f3n provocada por la Promoci\u00f3n Industrial de la cual Mendoza estuvo excluida.\u00a0\u00abA partir de ah\u00ed, todav\u00eda no podemos recuperar la actividad que la provincia supo tener a nivel industrial\u00bb, dijo Cecchi.<\/p>\n<p>Para recuperar el empleo, agreg\u00f3, Mendoza debe ampliar la matriz productiva y explorar otras actividades.\u00a0\u00abEn esta ampliaci\u00f3n de la matriz productiva el horizonte m\u00e1s cercano es la industria del conocimiento y no debemos dejar de lado la miner\u00eda compatible con la ley 7.722, o como en el caso de Malarg\u00fce, donde hay licencia social es l\u00f3gico que se pugne por la miner\u00eda\u00bb.<\/p>\n<p>Y como explic\u00f3 Laza, si bien en la provincia se generaron programas para el incentivo de la inversi\u00f3n y el empleo,\u00a0la econom\u00eda nacional no ayuda porque la gesti\u00f3n del presidente Alberto Fern\u00e1ndez es muy pobre.<\/p>\n<p>Como pudimos ver las cifras totales del empleo registrado retom\u00f3 buenos niveles, pero se puede verificar la p\u00e9rdida de la calidad de los empleos y el incremento en el segmento informal.<\/p>\n<p>\u00bfEsta recuperaci\u00f3n del empleo ser\u00e1 solo el \u00abefecto rebote\u00bb -como dicen algunos analistas- de la salida de la pandemia?<\/p>\n<p>Argentina sigue con las mismas deudas estructurales del mercado laboral, lo que hace dif\u00edcil pensar en una recuperaci\u00f3n y en la generaci\u00f3n de empleo de calidad.<\/p>\n<p>Quiz\u00e1 la deuda pendiente sea una reforma laboral que permita cambiar las bases del mercado del trabajo.<\/p>\n<p>Como explic\u00f3 el subsecretario de Trabajo \u00abhemos planteado la necesidad de discutir, analizar y ver las posibilidades de revisar nuestra normativa laboral. Eso fue dejado de lado por el Presidente\u00bb.<\/p>\n<p>Incluso Alberto Fern\u00e1ndez en su discurso ante la Asamblea Legislativa, anunci\u00f3 con bombos y platillos que no habr\u00e1 ning\u00fan tipo de modificaci\u00f3n al sistema laboral lo cual fue aplaudido por parte de la dirigencia pol\u00edtica.<\/p>\n<p>\u00abVemos que ah\u00ed hay un problema en materia de pol\u00edtica indemnizatoria con los convenios colectivos de trabajo. Exigimos tener claridad sobre el rumbo econ\u00f3mico. Esto tampoco se avisora\u00bb, dijo, de modo contundente, el subsecretario de Trabajo.<\/p>\n<p>Y agreg\u00f3: \u00abNo dejamos de tener esperanza en tener un mercado laboral sano, donde los trabajadores est\u00e9n registrados y sepan que tendr\u00e1n una jubilaci\u00f3n en el futuro o que contar\u00e1n con cobertura ante riesgos del trabajo o una enfermedad profesional. Nos quita el sue\u00f1o no plasmar esta pol\u00edticas\u00bb.<\/p>\n<p>Con este panorama no deber\u00eda esperarse un marcado aumento del empleo.<\/p>\n<p>No debemos olvidar la inflaci\u00f3n en ascenso, que algunas consultoras la ubican en el 60% anual y salarios que parece que no llegan nunca a \u00abalcanzar la zanahoria\u00bb.<\/p>\n<p>Por eso est\u00e1 la necesidad de tener un empleo de calidad y de que cada vez haya menos hogares sin la necesidad de sumar ingresos extras.<\/p>\n<p>Hoy la plata no alcanza. Con esta inflaci\u00f3n, el panorama se avizora negro.<\/p>\n<h6>Fuente: Uno<\/h6>\n","protected":false},"excerpt":{"rendered":"<p>El \u00edndice de desempleo baj\u00f3 al 6,8% al t\u00e9rmino del cuarto trimestre del 2021, 4 puntos porcentuales por debajo del 11% registrado en igual per\u00edodo del 2020<\/p>\n","protected":false},"author":2,"featured_media":124303,"comment_status":"closed","ping_status":"closed","sticky":false,"template":"","format":"standard","meta":{"footnotes":""},"categories":[2],"tags":[31],"class_list":["post-124302","post","type-post","status-publish","format-standard","has-post-thumbnail","hentry","category-informe-municipal","tag-mendoza"],"_links":{"self":[{"href":"http:\/\/argentinamunicipal.com.ar\/argentina\/wp-json\/wp\/v2\/posts\/124302","targetHints":{"allow":["GET"]}}],"collection":[{"href":"http:\/\/argentinamunicipal.com.ar\/argentina\/wp-json\/wp\/v2\/posts"}],"about":[{"href":"http:\/\/argentinamunicipal.com.ar\/argentina\/wp-json\/wp\/v2\/types\/post"}],"author":[{"embeddable":true,"href":"http:\/\/argentinamunicipal.com.ar\/argentina\/wp-json\/wp\/v2\/users\/2"}],"replies":[{"embeddable":true,"href":"http:\/\/argentinamunicipal.com.ar\/argentina\/wp-json\/wp\/v2\/comments?post=124302"}],"version-history":[{"count":0,"href":"http:\/\/argentinamunicipal.com.ar\/argentina\/wp-json\/wp\/v2\/posts\/124302\/revisions"}],"wp:featuredmedia":[{"embeddable":true,"href":"http:\/\/argentinamunicipal.com.ar\/argentina\/wp-json\/wp\/v2\/media\/124303"}],"wp:attachment":[{"href":"http:\/\/argentinamunicipal.com.ar\/argentina\/wp-json\/wp\/v2\/media?parent=124302"}],"wp:term":[{"taxonomy":"category","embeddable":true,"href":"http:\/\/argentinamunicipal.com.ar\/argentina\/wp-json\/wp\/v2\/categories?post=124302"},{"taxonomy":"post_tag","embeddable":true,"href":"http:\/\/argentinamunicipal.com.ar\/argentina\/wp-json\/wp\/v2\/tags?post=124302"}],"curies":[{"name":"wp","href":"https:\/\/api.w.org\/{rel}","templated":true}]}}