{"id":124355,"date":"2022-03-30T06:32:46","date_gmt":"2022-03-30T09:32:46","guid":{"rendered":"http:\/\/argentinamunicipal.com.ar\/argentina\/?p=124355"},"modified":"2022-03-30T06:32:46","modified_gmt":"2022-03-30T09:32:46","slug":"el-intendente-de-malargue-recibira-us1-250-000-de-la-nacion-para-el-plan-de-desarrollo-caprino","status":"publish","type":"post","link":"http:\/\/argentinamunicipal.com.ar\/argentina\/el-intendente-de-malargue-recibira-us1-250-000-de-la-nacion-para-el-plan-de-desarrollo-caprino\/","title":{"rendered":"El intendente de Malarg\u00fce recibir\u00e1 U$S1.250.000 de la Naci\u00f3n para el plan de desarrollo caprino"},"content":{"rendered":"<p>Juan Manuel Ojeda viaj\u00f3 este martes a Buenos Aires para recibir el reconocimiento que ser\u00e1 financiado por la Naci\u00f3n. Van a modernizar el matadero y conformar un fideicomiso ganadero. El proyecto fue elegido entre 950 propuetas innovadoras<\/p>\n<p>El\u00a0intendente de\u00a0Malarg\u00fce, Juan Manuel Ojeda,\u00a0particip\u00f3 este martes de la\u00a0convocatoria del Consejo Econ\u00f3mico y Social (CES), en el Centro Cultural Kirchner, donde el\u00a0proyecto de desarrollo caprino del municipio fue reconocido\u00a0por la Naci\u00f3n.\u00a0Ser\u00e1 financiado con U$S1.250.000 aportados por la Naci\u00f3n\u00a0y otros U$S500.000 de parte de la Municipalidad\u00a0sure\u00f1a.<\/p>\n<p>Seg\u00fan se\u00f1al\u00f3 el intendente, el plan \u00abincluye la modernizaci\u00f3n del matadero y la generaci\u00f3n de un fideicomiso ganadero que tendr\u00e1 como finalidad mejorar el precio del chivo en el campo malarg\u00fcino\u00bb.<\/p>\n<p>El proyecto fue uno de los seleccionados entre m\u00e1s de 950 ideas innovadoras\u00a0presentadas en la convocatoria para el Desarrollo Arm\u00f3nico con Equilibrio Territorial, llevada a cabo en conjunto por la Jefatura de Gabinete de la Naci\u00f3n y el Consejo Econ\u00f3mico y Social (CES).<\/p>\n<p>Las metas del plan de desarrollo caprino de Malarg\u00fce responden a la convocatoria lanzada y son: \u00abProfundizar la\u00a0recuperaci\u00f3n del tejido productivo, generar oportunidades de empleo e inclusi\u00f3n real y promover un desarrollo territorial arm\u00f3nico\u00a0impulsando actividades productivas\u00bb.<\/p>\n<p>Respecto del\u00a0fideicomiso ganadero, el intendente radical expres\u00f3 que\u00a0tiene como fin \u00abdejar de lado la informalidad para mejorar rentabilidad y la calidad de vida de nuestros puesteros\u00bb.<\/p>\n<p>\u00abLa idea es poder para concentrar la oferta y distribuirla a lo largo de todo el a\u00f1o. Con el fideicomiso bajamos costos de intermediaci\u00f3n, mejoraramos los precios que se pagan al productor y generamos m\u00e1s puestos de trabajo\u00bb, se\u00f1al\u00f3.<\/p>\n<p>Y\u00a0pidi\u00f3 a los concejales de su departamento que aprueben el proyecto Malarg\u00fce Fiduciaria, que est\u00e1 hace 10 meses en estudio en el Concejo Deliberante. \u00abEs la \u00fanica manera de garantizar que los fondos queden \u00edntegramente en suelo malarg\u00fcino\u00bb, aport\u00f3 en un hilo de Twitter.<\/p>\n<p><strong>Plan Argentina Productiva 2030<\/strong><br \/>\nEl presidente Alberto Fern\u00e1ndez particip\u00f3 de la convocatoria del Consejo Econ\u00f3mico y Social (CES) en la que se presentaron los ejes para la implementaci\u00f3n del\u00a0Plan Argentina Productiva 2030, que incluir\u00e1 la puesta en marcha de mesas multisectoriales a lo largo de todo el pa\u00eds, junto a gobernadores y representantes de sindicatos, de c\u00e1maras empresarias, de la academia y de la sociedad civil.<\/p>\n<p>Fern\u00e1ndez estuvo acompa\u00f1ado por el jefe de Gabinete, Juan Manzur; el secretario de Asuntos Estrat\u00e9gicos y titular del CES, Gustavo Beliz; el ministro de Desarrollo Productivo, Mat\u00edas Kulfas; y el presidente de la C\u00e1mara de Diputados, Sergio Massa, entre otros.<\/p>\n<p>El ministro Kulfas asegur\u00f3 que con este plan de producci\u00f3n a largo plazo, \u00abel sistema productivo de nuestro pa\u00eds se est\u00e1 poniendo nuevamente de pie\u00bb.<\/p>\n<p>\u00abArgentina necesita recuperar empleo de calidad y este plan se propone como objetivo\u00a0crear 2 millones de puestos de trabajos asalariados en el sector privado formal\u00bb, dijo.<\/p>\n<h6>Fuente: Uno<\/h6>\n","protected":false},"excerpt":{"rendered":"<p>Juan Manuel Ojeda viaj\u00f3 este martes a Buenos Aires para recibir el reconocimiento que ser\u00e1 financiado por la Naci\u00f3n. Van a modernizar el matadero y conformar un fideicomiso ganadero. El proyecto fue elegido entre 950 propuetas innovadoras<\/p>\n","protected":false},"author":2,"featured_media":124356,"comment_status":"closed","ping_status":"closed","sticky":false,"template":"","format":"standard","meta":{"footnotes":""},"categories":[5],"tags":[31],"class_list":["post-124355","post","type-post","status-publish","format-standard","has-post-thumbnail","hentry","category-informe-economico","tag-mendoza"],"_links":{"self":[{"href":"http:\/\/argentinamunicipal.com.ar\/argentina\/wp-json\/wp\/v2\/posts\/124355","targetHints":{"allow":["GET"]}}],"collection":[{"href":"http:\/\/argentinamunicipal.com.ar\/argentina\/wp-json\/wp\/v2\/posts"}],"about":[{"href":"http:\/\/argentinamunicipal.com.ar\/argentina\/wp-json\/wp\/v2\/types\/post"}],"author":[{"embeddable":true,"href":"http:\/\/argentinamunicipal.com.ar\/argentina\/wp-json\/wp\/v2\/users\/2"}],"replies":[{"embeddable":true,"href":"http:\/\/argentinamunicipal.com.ar\/argentina\/wp-json\/wp\/v2\/comments?post=124355"}],"version-history":[{"count":0,"href":"http:\/\/argentinamunicipal.com.ar\/argentina\/wp-json\/wp\/v2\/posts\/124355\/revisions"}],"wp:featuredmedia":[{"embeddable":true,"href":"http:\/\/argentinamunicipal.com.ar\/argentina\/wp-json\/wp\/v2\/media\/124356"}],"wp:attachment":[{"href":"http:\/\/argentinamunicipal.com.ar\/argentina\/wp-json\/wp\/v2\/media?parent=124355"}],"wp:term":[{"taxonomy":"category","embeddable":true,"href":"http:\/\/argentinamunicipal.com.ar\/argentina\/wp-json\/wp\/v2\/categories?post=124355"},{"taxonomy":"post_tag","embeddable":true,"href":"http:\/\/argentinamunicipal.com.ar\/argentina\/wp-json\/wp\/v2\/tags?post=124355"}],"curies":[{"name":"wp","href":"https:\/\/api.w.org\/{rel}","templated":true}]}}