{"id":12440,"date":"2014-07-30T09:22:28","date_gmt":"2014-07-30T12:22:28","guid":{"rendered":"http:\/\/argentinamunicipal.com.ar\/argentina\/?p=12440"},"modified":"2014-07-30T09:22:28","modified_gmt":"2014-07-30T12:22:28","slug":"gaza-vivio-el-dia-mas-violento-del-ataque-israeli","status":"publish","type":"post","link":"http:\/\/argentinamunicipal.com.ar\/argentina\/gaza-vivio-el-dia-mas-violento-del-ataque-israeli\/","title":{"rendered":"Gaza vivi\u00f3 el d\u00eda m\u00e1s violento del ataque israel\u00ed"},"content":{"rendered":"<p><a href=\"http:\/\/argentinamunicipal.com.ar\/argentina\/wp-content\/uploads\/2014\/07\/AR-140729297-640x330.jpg\"><img loading=\"lazy\" decoding=\"async\" class=\"aligncenter size-full wp-image-12441\" src=\"http:\/\/argentinamunicipal.com.ar\/argentina\/wp-content\/uploads\/2014\/07\/AR-140729297-640x330.jpg\" alt=\"AR-140729297-640x330\" width=\"640\" height=\"330\" srcset=\"http:\/\/argentinamunicipal.com.ar\/argentina\/wp-content\/uploads\/2014\/07\/AR-140729297-640x330.jpg 640w, http:\/\/argentinamunicipal.com.ar\/argentina\/wp-content\/uploads\/2014\/07\/AR-140729297-640x330-300x154.jpg 300w\" sizes=\"auto, (max-width: 640px) 100vw, 640px\" \/><\/a><br \/>\nLos muertos y heridos siguieron llenado cementerios y hospitales en la Franja de Gaza, donde ayer fue bombardeada la casa del l\u00edder de Hamas y la ciudad se qued\u00f3 sin luz por el ataque contra la \u00fanica planta el\u00e9ctrica del lugar, en un conflicto que comenz\u00f3 hace 22 d\u00edas y que ya se cobr\u00f3 la vida de casi 1.230 palestinos y 56 israel\u00edes, 53 de ellos soldados.<\/p>\n<p>En el d\u00eda m\u00e1s violento de lo que va de la ofensiva israel\u00ed, el n\u00famero de palestinos muertos desde la medianoche pasada, super\u00f3 los 150, mientras que los heridos rondaban los 7.000, seg\u00fan el Ministerio de Salud de Gaza.<\/p>\n<p>La casa del primer ministro del Movimiento de Resistencia Isl\u00e1mica Hamas, Ismail Haniyeh, fue uno de los 150 objetivos bombardeados durante la madrugada de ayer por el Ej\u00e9rcito de Israel.<\/p>\n<p>El Ministerio del Interior palestino y el hijo de Haniyeh confirmaron el ataque, y este \u00faltimo asegur\u00f3 que la vivienda se encontraba vac\u00eda en el momento del bombardeo por lo que no deben lamentarse v\u00edctimas, inform\u00f3 la agencia palestina Maan.<\/p>\n<p>Adem\u00e1s, la \u00fanica planta el\u00e9ctrica de la Franja debi\u00f3 suspender su actividad a causa de un fuerte explosi\u00f3n provocada por un bombardeo contra un contenedor de combustible, que levant\u00f3 enormes columnas de humo visibles durante horas.<\/p>\n<p>As\u00ed lo confirm\u00f3 un vocero el Ministerio de Infraestructura de Gaza, luego que responsables de la compa\u00f1\u00eda el\u00e9ctrica de Gaza advirtieran que la planta dejaba de producir electricidad para toda la franja, hogar de 1,8 millones de palestinos que adem\u00e1s tienen problemas para conseguir agua potable, desde el inicio del bloqueo militar israel\u00ed en 2007.<\/p>\n<p>Paralelamente, 17 miembros de una familia palestina murieron en un ataque contra una casa en la ciudad de Khan Younis, en el sur de la franja, seg\u00fan inform\u00f3 el jefe adjunto de la unidad de emergencia del Ministerio de Salud, Yousef Abu al Rish. Los residentes acudieron al lugar y ayudaron a sacar de los escombros los cuerpos de varias personas, entre ellos ni\u00f1os.<\/p>\n<p>Los ataques de la aviaci\u00f3n israel\u00ed alcanzaron asimismo la sede de la emisora de radio de Hamas, Al Aqsa, que qued\u00f3 destruida, as\u00ed como instalaciones de la televisi\u00f3n del mismo nombre, y un centro que alberga a productoras, que result\u00f3 da\u00f1ado.<\/p>\n<p>El Ej\u00e9rcito israel\u00ed inform\u00f3 en un comunicado que durante las \u00faltimas operaciones nocturnas en Gaza atac\u00f3 70 \u201clugares terroristas\u201d, que incluyeron dos centros empleados para el comando y control de actividades pertenecientes a Hamas, cuatro almacenes de armas escondidos en mezquitas, lanzaderas de cohetes ocultas cerca de una mezquita y un t\u00fanel para infilitrarse en Israel.<\/p>\n<p>Adem\u00e1s, inform\u00f3 que a primera hora del d\u00eda sus fuerzas atacaron infraestructuras de la tesorer\u00eda de Hamas, \u201cempleada para la financiaci\u00f3n y administraci\u00f3n de actividades terroristas en la ciudad de Gaza\u201d, seg\u00fan un parte militar citado por la agencia de noticias EFE.<\/p>\n<p>El mismo comunicado agreg\u00f3 que el ataque alcanz\u00f3 la televisi\u00f3n al Aksa, a la que acusa de instigar a la poblaci\u00f3n palestina contra Israel, as\u00ed como a una decena de \u201cdestacados operativos\u201d en el centro de la Franja.<\/p>\n<p>Por su parte, Israel anunci\u00f3 hoy la muerte de diez soldados, lo que supone una de las jornadas m\u00e1s duras en cuanto a bajas, y elev\u00f3 la cifra de uniformados ca\u00eddos hasta ahora a 53.Adem\u00e1s, tres civiles, dos de ellos israel\u00edes, murieron por el impacto de algunos de los m\u00e1s de 2.600 proyectiles disparados desde Gaza en el transcurso de la ofensiva militar.<\/p>\n<p>Cinco de los soldados murieron en un ataque de un comando palestino que intentaba atacar una comunidad israel\u00ed aleda\u00f1a a Gaza a trav\u00e9s de un t\u00fanel, y los otros por el fuego de mortero ayer contra un punto fronterizo.<\/p>\n<h6>Fuente: Preg\u00f3n<\/h6>\n","protected":false},"excerpt":{"rendered":"<p>Los muertos y heridos siguieron llenado cementerios y hospitales en la Franja de Gaza, donde ayer fue bombardeada la casa del l\u00edder de Hamas y la ciudad se qued\u00f3 sin luz por el ataque contra la \u00fanica planta el\u00e9ctrica del lugar, en un conflicto que comenz\u00f3 hace 22 d\u00edas y que ya se cobr\u00f3 la<\/p>\n","protected":false},"author":2,"featured_media":12441,"comment_status":"closed","ping_status":"closed","sticky":false,"template":"","format":"standard","meta":{"footnotes":""},"categories":[22],"tags":[57],"class_list":["post-12440","post","type-post","status-publish","format-standard","has-post-thumbnail","hentry","category-el-mundo","tag-el-mundo"],"_links":{"self":[{"href":"http:\/\/argentinamunicipal.com.ar\/argentina\/wp-json\/wp\/v2\/posts\/12440","targetHints":{"allow":["GET"]}}],"collection":[{"href":"http:\/\/argentinamunicipal.com.ar\/argentina\/wp-json\/wp\/v2\/posts"}],"about":[{"href":"http:\/\/argentinamunicipal.com.ar\/argentina\/wp-json\/wp\/v2\/types\/post"}],"author":[{"embeddable":true,"href":"http:\/\/argentinamunicipal.com.ar\/argentina\/wp-json\/wp\/v2\/users\/2"}],"replies":[{"embeddable":true,"href":"http:\/\/argentinamunicipal.com.ar\/argentina\/wp-json\/wp\/v2\/comments?post=12440"}],"version-history":[{"count":0,"href":"http:\/\/argentinamunicipal.com.ar\/argentina\/wp-json\/wp\/v2\/posts\/12440\/revisions"}],"wp:featuredmedia":[{"embeddable":true,"href":"http:\/\/argentinamunicipal.com.ar\/argentina\/wp-json\/wp\/v2\/media\/12441"}],"wp:attachment":[{"href":"http:\/\/argentinamunicipal.com.ar\/argentina\/wp-json\/wp\/v2\/media?parent=12440"}],"wp:term":[{"taxonomy":"category","embeddable":true,"href":"http:\/\/argentinamunicipal.com.ar\/argentina\/wp-json\/wp\/v2\/categories?post=12440"},{"taxonomy":"post_tag","embeddable":true,"href":"http:\/\/argentinamunicipal.com.ar\/argentina\/wp-json\/wp\/v2\/tags?post=12440"}],"curies":[{"name":"wp","href":"https:\/\/api.w.org\/{rel}","templated":true}]}}