{"id":12443,"date":"2014-07-30T09:25:15","date_gmt":"2014-07-30T12:25:15","guid":{"rendered":"http:\/\/argentinamunicipal.com.ar\/argentina\/?p=12443"},"modified":"2014-07-30T09:25:15","modified_gmt":"2014-07-30T12:25:15","slug":"confirman-la-construccion-de-495-viviendas-para-bariloche","status":"publish","type":"post","link":"http:\/\/argentinamunicipal.com.ar\/argentina\/confirman-la-construccion-de-495-viviendas-para-bariloche\/","title":{"rendered":"Confirman la construcci\u00f3n de 495 viviendas para Bariloche"},"content":{"rendered":"<p><a href=\"http:\/\/argentinamunicipal.com.ar\/argentina\/wp-content\/uploads\/2014\/07\/big_aeb1bbc84223c6eaf541b3a338538d6b9c0ff048.jpg\"><img loading=\"lazy\" decoding=\"async\" class=\"aligncenter size-full wp-image-12444\" src=\"http:\/\/argentinamunicipal.com.ar\/argentina\/wp-content\/uploads\/2014\/07\/big_aeb1bbc84223c6eaf541b3a338538d6b9c0ff048.jpg\" alt=\"big_aeb1bbc84223c6eaf541b3a338538d6b9c0ff048\" width=\"660\" height=\"495\" srcset=\"http:\/\/argentinamunicipal.com.ar\/argentina\/wp-content\/uploads\/2014\/07\/big_aeb1bbc84223c6eaf541b3a338538d6b9c0ff048.jpg 660w, http:\/\/argentinamunicipal.com.ar\/argentina\/wp-content\/uploads\/2014\/07\/big_aeb1bbc84223c6eaf541b3a338538d6b9c0ff048-300x225.jpg 300w\" sizes=\"auto, (max-width: 660px) 100vw, 660px\" \/><\/a><br \/>\nEl Ministerio de Planificaci\u00f3n Federal del Gobierno Nacional aval\u00f3 los proyectos remitidos por el municipio de Bariloche. 120 viviendas ser\u00e1n construidas en las 35 hect\u00e1reas y las otras 375 ser\u00e1n construidas en las 26,5 Ha. Habr\u00e1 una inversi\u00f3n de 225 millones.<\/p>\n<p>Con una inversi\u00f3n de 225 millones de pesos, en el marco del Programa Federal de Construcci\u00f3n de Viviendas Techo Digno, la Subsecretar\u00eda de Desarrollo Urbano y Vivienda del Ministerio de Planificaci\u00f3n Federal del Gobierno Nacional, aval\u00f3 los proyectos remitidos por el municipio de Bariloche.<\/p>\n<p>La novedad fue confirmada por el senador nacional Miguel \u00c1ngel Pichetto, que esta ma\u00f1ana se reuni\u00f3 en su despacho con la intentendente Mar\u00eda Eugenia Martini.<\/p>\n<p>En di\u00e1logo con El Vespertino de Radio Seis, Martini expres\u00f3 que \u00abes una noticia muy importante para Bariloche\u00bb y precis\u00f3 que \u00ab120 viviendas ser\u00e1n destinadas a UnTER y el resto para las cooperativas de la zona conocida como 26 hect\u00e1reas\u00bb.<\/p>\n<p>Las 120 viviendas del gremio docente estar\u00e1n ubicadas en las 35 hect\u00e1reas de la zona de circunvalaci\u00f3n, \u00abque termin\u00f3 de comprar la Municipalidad en los pr\u00f3ximos d\u00edas\u00bb agreg\u00f3 el secretario de Desarrollo Estrat\u00e9gico, Horacio Fern\u00e1ndez.<\/p>\n<p>\u00abEstamos muy conformes y es una licitaci\u00f3n que vamos a poder realizar en los pr\u00f3ximos d\u00edas\u00bb concluy\u00f3 la intendente. El proceso licitatorio incluye la infraestructura frentista de red de agua potable y red de desag\u00fces cloacales.<\/p>\n<h6>Fuente: Bariloche 2000<\/h6>\n","protected":false},"excerpt":{"rendered":"<p>El Ministerio de Planificaci\u00f3n Federal del Gobierno Nacional aval\u00f3 los proyectos remitidos por el municipio de Bariloche. 120 viviendas ser\u00e1n construidas en las 35 hect\u00e1reas y las otras 375 ser\u00e1n construidas en las 26,5 Ha. Habr\u00e1 una inversi\u00f3n de 225 millones. Con una inversi\u00f3n de 225 millones de pesos, en el marco del Programa Federal<\/p>\n","protected":false},"author":2,"featured_media":12444,"comment_status":"closed","ping_status":"closed","sticky":false,"template":"","format":"standard","meta":{"footnotes":""},"categories":[2],"tags":[11],"class_list":["post-12443","post","type-post","status-publish","format-standard","has-post-thumbnail","hentry","category-informe-municipal","tag-rio-negro"],"_links":{"self":[{"href":"http:\/\/argentinamunicipal.com.ar\/argentina\/wp-json\/wp\/v2\/posts\/12443","targetHints":{"allow":["GET"]}}],"collection":[{"href":"http:\/\/argentinamunicipal.com.ar\/argentina\/wp-json\/wp\/v2\/posts"}],"about":[{"href":"http:\/\/argentinamunicipal.com.ar\/argentina\/wp-json\/wp\/v2\/types\/post"}],"author":[{"embeddable":true,"href":"http:\/\/argentinamunicipal.com.ar\/argentina\/wp-json\/wp\/v2\/users\/2"}],"replies":[{"embeddable":true,"href":"http:\/\/argentinamunicipal.com.ar\/argentina\/wp-json\/wp\/v2\/comments?post=12443"}],"version-history":[{"count":0,"href":"http:\/\/argentinamunicipal.com.ar\/argentina\/wp-json\/wp\/v2\/posts\/12443\/revisions"}],"wp:featuredmedia":[{"embeddable":true,"href":"http:\/\/argentinamunicipal.com.ar\/argentina\/wp-json\/wp\/v2\/media\/12444"}],"wp:attachment":[{"href":"http:\/\/argentinamunicipal.com.ar\/argentina\/wp-json\/wp\/v2\/media?parent=12443"}],"wp:term":[{"taxonomy":"category","embeddable":true,"href":"http:\/\/argentinamunicipal.com.ar\/argentina\/wp-json\/wp\/v2\/categories?post=12443"},{"taxonomy":"post_tag","embeddable":true,"href":"http:\/\/argentinamunicipal.com.ar\/argentina\/wp-json\/wp\/v2\/tags?post=12443"}],"curies":[{"name":"wp","href":"https:\/\/api.w.org\/{rel}","templated":true}]}}