{"id":124467,"date":"2022-04-01T05:40:15","date_gmt":"2022-04-01T08:40:15","guid":{"rendered":"http:\/\/argentinamunicipal.com.ar\/argentina\/?p=124467"},"modified":"2022-03-31T19:52:04","modified_gmt":"2022-03-31T22:52:04","slug":"maipu-en-una-cumbre-bien-peronista-el-ministro-zabaleta-pidio-dejar-de-pensar-en-las-elecciones","status":"publish","type":"post","link":"http:\/\/argentinamunicipal.com.ar\/argentina\/maipu-en-una-cumbre-bien-peronista-el-ministro-zabaleta-pidio-dejar-de-pensar-en-las-elecciones\/","title":{"rendered":"Maip\u00fa: En una cumbre bien peronista, el ministro Zabaleta pidi\u00f3 \u00abdejar de pensar en las elecciones\u00bb"},"content":{"rendered":"<p>El titular de Desarrollo Social, uno de los m\u00e1s allegados a Alberto Fern\u00e1ndez, lleg\u00f3 a Mendoza para firmar convenios por $1.500 millones para mejorar la infraestructura de barrios populares de San Roque y Fray Luis Beltr\u00e1n. Estuvieron intendentes del PJ y varios legisladores<\/p>\n<p>Mat\u00edas Stevanato\u00a0fue el anfitri\u00f3n de un\u00a0mi\u00e9rcoles peronista en Maip\u00fa. La llegada a Mendoza del\u00a0ministro Juan Zabaleta\u00a0fue la excusa perfecta para la\u00a0concreci\u00f3n de una \u00abcumbre\u00bb con los intendentes del PJ\u00a0en el Museo del Vino del departamento. Adem\u00e1s de los jefes comunales estuvieron varios legisladores. El encargado de Desarrollo Social, allegado al presidente Alberto Fern\u00e1ndez,\u00a0pidi\u00f3 \u00abdejar de pensar en las elecciones\u00bb.<\/p>\n<p>Acompa\u00f1ado de sus pares Roberto Righi y Fernando Ubieta, Stevanato recibi\u00f3 al ministro de Desarrollo Social de la Naci\u00f3n y a la secretaria de Integraci\u00f3n Socio Urbana, Fernanda Mi\u00f1o, en el aeropuerto internacional gobernador Francisco Gabrielli.<\/p>\n<p>De ah\u00ed, se fueron directamente al Museo del Vino donde Zabaleta firm\u00f3 convenios con el intendente de Maip\u00fa por una inversi\u00f3n social de m\u00e1s de $1.500 millones de la Secretar\u00eda de Integraci\u00f3n Socio Urbana, encargada del Registro Nacional de Barrios Populares.<\/p>\n<p>La inversi\u00f3n ser\u00e1 destinada a la concreci\u00f3n de obras de mejora en la\u00a0infraestructura de viviendas de barrios populares\u00a0como agua, cloaca, asfalto, plazas, veredas, cord\u00f3n- cuneta, conexi\u00f3n de luz, entre otros, beneficiando a unas 100 familias de San Roque y Fray Luis Beltr\u00e1n.<\/p>\n<p>El ministro\u00a0Zabaleta, que recibi\u00f3 a intendentes radicales la semana pasada en Buenos Aires, se reuni\u00f3 tambi\u00e9n con los intendentes peronistas mendocinos en la previa del acto oficial previsto en el Museo del Vino.<\/p>\n<p>En el encuentro estuvieron,\u00a0adem\u00e1s de Stevanato y Ubieta (La Paz), Mart\u00edn Aveiro (Tunuy\u00e1n), Pablo Campi, interino en San Rafael, y en representaci\u00f3n de la intendenta de Santa Rosa,\u00a0Flor Dest\u00e9fanis\u00a0(quien estaba en Buenos Aires), su secretario de Gobierno Leonardo Saile. Righi asisti\u00f3 solamente al recibimiento en el aeropuerto.<\/p>\n<p>Adem\u00e1s de los popes de los departamentos peronistas, en el acto\u00a0estuvieron los legisladores Lucas Ilardo, el maipucino Bartolom\u00e9 Robles, Gustavo Perret, Paola Calle y el diputado provincial electo Alejandro Bermejo.<\/p>\n<p><strong>\u00abDejemos de pensar en las elecciones\u00bb<\/strong><br \/>\nUno de los llamados \u00abhombres de Alberto\u00bb, en contraposici\u00f3n con los que responden a Cristina Kirchner,\u00a0pidi\u00f3 en medio de la cumbre peronista, ante justicialistas tradicionales y de La C\u00e1mpora, \u00abllamar a la reflexi\u00f3n para que dejemos de pensar en las elecciones\u00bb.<\/p>\n<p>\u00abEstamos en un momento en el que\u00a0la pol\u00edtica ha dejado de hablarle a la gente, y comenzado a hablar para adentro\u00bb, apunt\u00f3. \u00abPorque generalmente nuestros problemas (los de los pol\u00edticos) no son los de ustedes\u00bb, agreg\u00f3. \u00abEs mi deber -como ministro de Desarrollo Social- federalizar la Argentina, hablarle a la gente y decirle que ac\u00e1 est\u00e1 el Estado para que recuperen trabajo, para que los pibes puedan ir a un buen colegio y a la universidad p\u00fablica\u00bb, dijo.<\/p>\n<p>\u00abQueremos llamar a la reflexi\u00f3n para que dejemos de pensar en las elecciones\u00bb,\u00a0sum\u00f3. \u00abEstamos m\u00e1s cerca de la que pas\u00f3 que de la que viene y lo que hay que lograr en 2022 es que vivan mejor.\u00a0El Gobierno municipal de Maip\u00fa tiene que lograr que el pueblo viva mejor\u00bb, dijo con \u00edmpetu generando el aplauso de los presentes.<\/p>\n<p>\u00abTenemos que lograr que el pan no cueste $300 el kilo y por eso tomamos decisiones\u00bb, dijo como miembro del gabinete allegado a Fern\u00e1ndez. \u00abTenemos que hablarle a los argentinos y dejar de hablarle a la pol\u00edtica. Interpretar cu\u00e1l es la demanda y mirarle la carita al vecino\u00bb, acot\u00f3 dejando un claro mensaje interno.<\/p>\n<p>Y cerr\u00f3: \u00abSepan que ac\u00e1 hay un militante, un ministro que est\u00e1 a disposici\u00f3n para que Maip\u00fa crezca y vivan un poco mejor todos los d\u00edas\u00bb.<\/p>\n<h6>Fuente: UNo<\/h6>\n","protected":false},"excerpt":{"rendered":"<p>El titular de Desarrollo Social, uno de los m\u00e1s allegados a Alberto Fern\u00e1ndez, lleg\u00f3 a Mendoza para firmar convenios por $1.500 millones para mejorar la infraestructura de barrios populares de San Roque y Fray Luis Beltr\u00e1n. Estuvieron intendentes del PJ y varios legisladores<\/p>\n","protected":false},"author":2,"featured_media":124468,"comment_status":"closed","ping_status":"closed","sticky":false,"template":"","format":"standard","meta":{"footnotes":""},"categories":[4],"tags":[31],"class_list":["post-124467","post","type-post","status-publish","format-standard","has-post-thumbnail","hentry","category-informe-politico","tag-mendoza"],"_links":{"self":[{"href":"http:\/\/argentinamunicipal.com.ar\/argentina\/wp-json\/wp\/v2\/posts\/124467","targetHints":{"allow":["GET"]}}],"collection":[{"href":"http:\/\/argentinamunicipal.com.ar\/argentina\/wp-json\/wp\/v2\/posts"}],"about":[{"href":"http:\/\/argentinamunicipal.com.ar\/argentina\/wp-json\/wp\/v2\/types\/post"}],"author":[{"embeddable":true,"href":"http:\/\/argentinamunicipal.com.ar\/argentina\/wp-json\/wp\/v2\/users\/2"}],"replies":[{"embeddable":true,"href":"http:\/\/argentinamunicipal.com.ar\/argentina\/wp-json\/wp\/v2\/comments?post=124467"}],"version-history":[{"count":0,"href":"http:\/\/argentinamunicipal.com.ar\/argentina\/wp-json\/wp\/v2\/posts\/124467\/revisions"}],"wp:featuredmedia":[{"embeddable":true,"href":"http:\/\/argentinamunicipal.com.ar\/argentina\/wp-json\/wp\/v2\/media\/124468"}],"wp:attachment":[{"href":"http:\/\/argentinamunicipal.com.ar\/argentina\/wp-json\/wp\/v2\/media?parent=124467"}],"wp:term":[{"taxonomy":"category","embeddable":true,"href":"http:\/\/argentinamunicipal.com.ar\/argentina\/wp-json\/wp\/v2\/categories?post=124467"},{"taxonomy":"post_tag","embeddable":true,"href":"http:\/\/argentinamunicipal.com.ar\/argentina\/wp-json\/wp\/v2\/tags?post=124467"}],"curies":[{"name":"wp","href":"https:\/\/api.w.org\/{rel}","templated":true}]}}