{"id":12476,"date":"2014-07-31T07:00:29","date_gmt":"2014-07-31T10:00:29","guid":{"rendered":"http:\/\/argentinamunicipal.com.ar\/argentina\/?p=12476"},"modified":"2014-07-30T18:50:14","modified_gmt":"2014-07-30T21:50:14","slug":"bolivia-insiste-que-es-solida-su-demanda-maritima-a-chile","status":"publish","type":"post","link":"http:\/\/argentinamunicipal.com.ar\/argentina\/bolivia-insiste-que-es-solida-su-demanda-maritima-a-chile\/","title":{"rendered":"Bolivia insiste que es s\u00f3lida su demanda mar\u00edtima a Chile"},"content":{"rendered":"<p><a href=\"http:\/\/argentinamunicipal.com.ar\/argentina\/wp-content\/uploads\/2014\/07\/0000053254.jpg\"><img loading=\"lazy\" decoding=\"async\" class=\"aligncenter  wp-image-12477\" src=\"http:\/\/argentinamunicipal.com.ar\/argentina\/wp-content\/uploads\/2014\/07\/0000053254.jpg\" alt=\"0000053254\" width=\"731\" height=\"411\" srcset=\"http:\/\/argentinamunicipal.com.ar\/argentina\/wp-content\/uploads\/2014\/07\/0000053254.jpg 1099w, http:\/\/argentinamunicipal.com.ar\/argentina\/wp-content\/uploads\/2014\/07\/0000053254-300x168.jpg 300w, http:\/\/argentinamunicipal.com.ar\/argentina\/wp-content\/uploads\/2014\/07\/0000053254-1024x575.jpg 1024w\" sizes=\"auto, (max-width: 731px) 100vw, 731px\" \/><\/a><\/p>\n<p>El portavoz internacional de la demanda mar\u00edtima de Bolivia, el ex presidente Carlos Mesa, insisti\u00f3 que es s\u00f3lida la acci\u00f3n legal presentada en contra de Chile en la Corte Internacional de Justicia (CIJ).<\/p>\n<p>\u00abLa demanda boliviana mantiene su solidez y su consistencia. No creemos que el documento de Chile vaya a modificar en absoluto esa solidez y esa consistencia en la consideraci\u00f3n de la Corte. Tenemos un gran optimismo en que nuestra causa est\u00e1 muy bien planteada desde el punto de vista jur\u00eddico\u00bb, dijo Mesa.<\/p>\n<p>Bolivia pidi\u00f3 en abril de 2013 a la Corte de La Haya que emita un fallo obligando a Chile a sentarse en una mesa a negociar una salida al mar. \u00abNo pidi\u00f3 que decida una salida al mar para Bolivia, que no es lo mismo\u00bb, reiteraron en la canciller\u00eda boliviana.<\/p>\n<p>Pero el gobierno de Chile present\u00f3 el pasado 15 de julio una excepci\u00f3n de incompetencia de la Corte Internacional de Justicia para atender la demanda boliviana.<\/p>\n<p>Chile aduce que el reclamo boliviano vulnera el tratado de 1904 que fij\u00f3 los actuales l\u00edmites fronterizos de ambos pa\u00edses.<\/p>\n<p>Tras una reuni\u00f3n en La Paz con cinco ex cancilleres, Mesa anticip\u00f3 que Bolivia profundizar\u00e1 el contenido de la \u00abcontraargumentaci\u00f3n\u00bb que presentar\u00e1 su pa\u00eds antes del 14 de noviembre, seg\u00fan los plazos de la Corte Internacional de Justicia.<\/p>\n<h6>Fuente: El Tribuno, Jujuy<\/h6>\n","protected":false},"excerpt":{"rendered":"<p>El portavoz internacional de la demanda mar\u00edtima de Bolivia, el ex presidente Carlos Mesa, insisti\u00f3 que es s\u00f3lida la acci\u00f3n legal presentada en contra de Chile en la Corte Internacional de Justicia (CIJ). \u00abLa demanda boliviana mantiene su solidez y su consistencia. No creemos que el documento de Chile vaya a modificar en absoluto esa<\/p>\n","protected":false},"author":2,"featured_media":12477,"comment_status":"closed","ping_status":"closed","sticky":false,"template":"","format":"standard","meta":{"footnotes":""},"categories":[22],"tags":[57],"class_list":["post-12476","post","type-post","status-publish","format-standard","has-post-thumbnail","hentry","category-el-mundo","tag-el-mundo"],"_links":{"self":[{"href":"http:\/\/argentinamunicipal.com.ar\/argentina\/wp-json\/wp\/v2\/posts\/12476","targetHints":{"allow":["GET"]}}],"collection":[{"href":"http:\/\/argentinamunicipal.com.ar\/argentina\/wp-json\/wp\/v2\/posts"}],"about":[{"href":"http:\/\/argentinamunicipal.com.ar\/argentina\/wp-json\/wp\/v2\/types\/post"}],"author":[{"embeddable":true,"href":"http:\/\/argentinamunicipal.com.ar\/argentina\/wp-json\/wp\/v2\/users\/2"}],"replies":[{"embeddable":true,"href":"http:\/\/argentinamunicipal.com.ar\/argentina\/wp-json\/wp\/v2\/comments?post=12476"}],"version-history":[{"count":0,"href":"http:\/\/argentinamunicipal.com.ar\/argentina\/wp-json\/wp\/v2\/posts\/12476\/revisions"}],"wp:featuredmedia":[{"embeddable":true,"href":"http:\/\/argentinamunicipal.com.ar\/argentina\/wp-json\/wp\/v2\/media\/12477"}],"wp:attachment":[{"href":"http:\/\/argentinamunicipal.com.ar\/argentina\/wp-json\/wp\/v2\/media?parent=12476"}],"wp:term":[{"taxonomy":"category","embeddable":true,"href":"http:\/\/argentinamunicipal.com.ar\/argentina\/wp-json\/wp\/v2\/categories?post=12476"},{"taxonomy":"post_tag","embeddable":true,"href":"http:\/\/argentinamunicipal.com.ar\/argentina\/wp-json\/wp\/v2\/tags?post=12476"}],"curies":[{"name":"wp","href":"https:\/\/api.w.org\/{rel}","templated":true}]}}