{"id":124894,"date":"2022-04-18T06:08:49","date_gmt":"2022-04-18T09:08:49","guid":{"rendered":"http:\/\/argentinamunicipal.com.ar\/argentina\/?p=124894"},"modified":"2022-04-18T06:08:49","modified_gmt":"2022-04-18T09:08:49","slug":"la-reserva-natural-manzano-historico-ofrece-turismo-aventura-en-las-montanas-de-mendoza","status":"publish","type":"post","link":"http:\/\/argentinamunicipal.com.ar\/argentina\/la-reserva-natural-manzano-historico-ofrece-turismo-aventura-en-las-montanas-de-mendoza\/","title":{"rendered":"La Reserva Natural Manzano Hist\u00f3rico ofrece turismo aventura en las monta\u00f1as de Mendoza"},"content":{"rendered":"<p>La Reserva, brinda actividades de aventura, naturaleza, historia, espacios recreativos, plaza de juegos y paseo de artesanos que se suma a las propuestas de enoturismo y art\u00edsticas de Tunuy\u00e1n.<\/p>\n<p>La Reserva Provincial Manzano Hist\u00f3rico, en el centro oeste de Mendoza, suma sus actividades de turismo aventura, naturaleza e historia a las propuestas de enoturismo y art\u00edsticas del departamento Tunuy\u00e1n para el feriado largo de Semana Santa, que coincidir\u00e1 con el Dia Mundial del Malbec.<\/p>\n<p>Manzano Hist\u00f3rico debe su nombre -desde antes de ser declarada reserva- al\u00a0\u00e1rbol bajo el cual se reunieron el general Jos\u00e9 de San Mart\u00edn y el coronel Manuel Olaz\u00e1bal, durante la Guerra de la Independencia, que permaneci\u00f3 vivo hasta la d\u00e9cada de 1940.<\/p>\n<p>En 1975 el sitio fue\u00a0declarado Lugar Hist\u00f3rico\u00a0por decreto nacional y en 1994 sus cerca de 1.000 hect\u00e1reas se convirtieron en Reserva Natural Provincial.<\/p>\n<p>Manzano Hist\u00f3rico es un espacio que se puede disfrutar en familia, con\u00a0espacios recreativos, plaza de juegos, paseo de artesanos y actividades de turismo de naturaleza y aventura, como senderismo con gu\u00edas, cabalgatas y parapente, adem\u00e1s de paseos gastron\u00f3micos.<\/p>\n<p>Con el marco de\u00a0monta\u00f1as cordilleranas\u00a0y a poco m\u00e1s de una hora en coche de la capital provincial, la Reserva est\u00e1 atravesada por numerosos\u00a0senderos, r\u00edos y arroyos, en un ambiente de profusa\u00a0vegetaci\u00f3n y fauna\u00a0aut\u00f3ctona terrestre y a\u00e9rea, a unos 1.200 metros sobre el nivel del mar.<\/p>\n<p>En su entrada se encuentra el\u00a0monumento \u00abRetorno a la Patria\u00bb, que es una escultura tallada en bronce y piedra en homenaje al encuentro entre San Mart\u00edn y Olaz\u00e1bal, que se destaca entre los\u00a0\u00e1rboles a\u00f1osos, junto al cual hay dos miradores que ofrecen vistas imponentes, y muy cerca el manzano ya seco que alberg\u00f3 esa reuni\u00f3n.<\/p>\n<p>El paseo se disfruta desde la llegada a la ciudad de\u00a0Tunuy\u00e1n, paso previo a la reserva de El Manzano, el visitante puede acudir al Centro de Informes Tur\u00edstico Inteligente, que brinda informaci\u00f3n de manera personalizada o por\u00a0autogesti\u00f3n en pantallas digitales sobre las bodegas, restoranes y atractivos naturales.<\/p>\n<p>En el camino a El Manzano est\u00e1 el\u00a0Puente del Salto, que es un salto de agua del arroyo Grande, al pie del cerro Punta Negra, y es un sitio \u00f3ptimo para observar la fauna del lugar.<\/p>\n<p>A unos 3 kil\u00f3metros de la reserva, al oeste, se puede acceder al\u00a0Paso de los Puntanos\u00a0y, para los m\u00e1s aventureros, a unos 12 kil\u00f3metros del Manzano, se podr\u00e1 descubrir una atractiva cascada conocida como el\u00a0\u00abChorro de la Vieja\u00bb.<\/p>\n<p>Los responsables del lugar indicaron que es un circuito de\u00a0trekking de nivel moderado\u00a0que exige al caminante trepar hasta llegar a la\u00a0ca\u00edda de agua cristalina de unos 40 metros de altura, que es otra de las postales destacadas de la zona.<\/p>\n<p>En autom\u00f3vil particular, el turista debe circular por la Ruta Nacional 40, luego la Provincial 92 y tras una media hora la tambi\u00e9n Provincial 94, hasta llegar al Manzano Hist\u00f3rico.<\/p>\n<p>Desde la ruta, en esta \u00e9poca se puede admirar la\u00a0paleta de colores que conforman los \u00e1rboles\u00a0que hacen una postal \u00fanica de oto\u00f1o, junto a las\u00a0bodegas, vi\u00f1edos y la Cordillera de los Andes.<\/p>\n<p>La directora de Turismo del municipio de\u00a0Tunuy\u00e1n, Elizabeth Marincak Randazzo, dijo a T\u00e9lam que tuvieron \u00abocupaci\u00f3n plena en los fines semana largo y ahora, para Semana Santa, estamos en un 75 % de plazas reservadas sobre 2.000 camas disponibles y que puede llegar al 85% de ocupaci\u00f3n\u00bb.<\/p>\n<p>\u00ab\u00daltimamente -explic\u00f3- las reservas se hacen muy anticipadas o muy por la fecha, por lo que se espera turistas de \u00faltimo momento y se\u00a0prev\u00e9 una buena concurrencia de turistas\u00bb.<\/p>\n<p>Sobre las actividades para esa fin de semana largo, detall\u00f3 que cuenta con \u00abuna agenda cargadas de actividades, esperamos\u00a0m\u00e1s de 25.000 personas que recorrer\u00e1n los\u00a0circuitos religiosos, al mismo tiempo visitar\u00e1n el Manzano Hist\u00f3rico, que incluye un\u00a0parque tem\u00e1tico Sanmartiniano\u00a0y durante el recorrido estar\u00e1n acompa\u00f1ados por gu\u00edas explicando la gesta\u00bb.<\/p>\n<p>Este a\u00f1o, en coincidencia con el feriado de Semana Santa,\u00a0el 17 de abril se celebrar\u00e1 el D\u00eda Mundial del Malbec, un varietal representativo de Tunuy\u00e1n, de Mendoza, y\u00a0cepa insignia del vino argentino, por lo que se ofrecer\u00e1n\u00a0degustaciones\u00a0al turista.<\/p>\n<p>Las bodegas de la zona tendr\u00e1n ofertas de men\u00fas con degustaciones con precios que ir\u00e1n de $600 a $800, en tanto la gastronom\u00eda tradicional tiene cubiertos que comienzan en los $3.000 pesos.<\/p>\n<p>\u00abEl 17 de abril vamos a tener un evento con artistas locales, un ensamble donde se va a disfrutar de la m\u00fasica y tambi\u00e9n de una degustaci\u00f3n simb\u00f3lica y un brindis por el d\u00eda del Malbec para los turistas en el paseo de \u00abLas P\u00e9rgolas\u00bb, ubicado en el cruce de las rutas 92 y 94, acot\u00f3 Marincak Randazzo.<\/p>\n<p>Otro atractivo ser\u00e1 la agenda de la\u00a0M\u00fasica Cl\u00e1sica por los Caminos del Vino, del 10 al 17 pr\u00f3ximos, que en la ciudad de Tunuy\u00e1n tendr\u00e1 su cita el 13 a las 20, en el auditorio Municipal Dr. Jorge Ra\u00fal Silvano, con la presencia del Quinteto de Maderas \u00abMolto Giocoso\u00bb.<\/p>\n<p>El\u00a0alojamiento\u00a0en Tunuy\u00e1n es variado, con opciones que van desde $1.500 a $2.000 por persona, adem\u00e1s de los alojamientos exclusivos, que pueden llegar a los 1.000 d\u00f3lares la noche, seg\u00fan datos del Centro de Informes Tur\u00edstico Inteligente.<\/p>\n<p>Tambi\u00e9n se puede obtener informaci\u00f3n sobre los atractivos tur\u00edsticos en el enlace\u00a0www.vivitunuyan\u00a0o en el tel\u00e9fono (0622) 561314.<\/p>\n<h6>Fuente: Telam<\/h6>\n","protected":false},"excerpt":{"rendered":"<p>La Reserva, brinda actividades de aventura, naturaleza, historia, espacios recreativos, plaza de juegos y paseo de artesanos que se suma a las propuestas de enoturismo y art\u00edsticas de Tunuy\u00e1n.<\/p>\n","protected":false},"author":2,"featured_media":124895,"comment_status":"closed","ping_status":"closed","sticky":false,"template":"","format":"standard","meta":{"footnotes":""},"categories":[87],"tags":[31],"class_list":["post-124894","post","type-post","status-publish","format-standard","has-post-thumbnail","hentry","category-turismo","tag-mendoza"],"_links":{"self":[{"href":"http:\/\/argentinamunicipal.com.ar\/argentina\/wp-json\/wp\/v2\/posts\/124894","targetHints":{"allow":["GET"]}}],"collection":[{"href":"http:\/\/argentinamunicipal.com.ar\/argentina\/wp-json\/wp\/v2\/posts"}],"about":[{"href":"http:\/\/argentinamunicipal.com.ar\/argentina\/wp-json\/wp\/v2\/types\/post"}],"author":[{"embeddable":true,"href":"http:\/\/argentinamunicipal.com.ar\/argentina\/wp-json\/wp\/v2\/users\/2"}],"replies":[{"embeddable":true,"href":"http:\/\/argentinamunicipal.com.ar\/argentina\/wp-json\/wp\/v2\/comments?post=124894"}],"version-history":[{"count":0,"href":"http:\/\/argentinamunicipal.com.ar\/argentina\/wp-json\/wp\/v2\/posts\/124894\/revisions"}],"wp:featuredmedia":[{"embeddable":true,"href":"http:\/\/argentinamunicipal.com.ar\/argentina\/wp-json\/wp\/v2\/media\/124895"}],"wp:attachment":[{"href":"http:\/\/argentinamunicipal.com.ar\/argentina\/wp-json\/wp\/v2\/media?parent=124894"}],"wp:term":[{"taxonomy":"category","embeddable":true,"href":"http:\/\/argentinamunicipal.com.ar\/argentina\/wp-json\/wp\/v2\/categories?post=124894"},{"taxonomy":"post_tag","embeddable":true,"href":"http:\/\/argentinamunicipal.com.ar\/argentina\/wp-json\/wp\/v2\/tags?post=124894"}],"curies":[{"name":"wp","href":"https:\/\/api.w.org\/{rel}","templated":true}]}}