{"id":125080,"date":"2022-04-21T06:43:27","date_gmt":"2022-04-21T09:43:27","guid":{"rendered":"http:\/\/argentinamunicipal.com.ar\/argentina\/?p=125080"},"modified":"2022-04-21T06:43:27","modified_gmt":"2022-04-21T09:43:27","slug":"verdurazo-las-deudas-que-tiene-el-gobernador-de-mendoza-con-las-familias-del-agro-mendocino","status":"publish","type":"post","link":"http:\/\/argentinamunicipal.com.ar\/argentina\/verdurazo-las-deudas-que-tiene-el-gobernador-de-mendoza-con-las-familias-del-agro-mendocino\/","title":{"rendered":"Verdurazo: las \u00abdeudas\u00bb que tiene el gobernador de Mendoza con las familias del agro mendocino"},"content":{"rendered":"<p>La comunidad agropecuaria se manifest\u00f3 este mi\u00e9rcoles en Casa de Gobierno para pedir por pol\u00edticas \u00abclaras\u00bb y reclamar por las \u00abdeudas\u00bb que tiene el Estado provincial con las familias del agro mendocino.<\/p>\n<p>En la ma\u00f1ana de este mi\u00e9rcoles se realiz\u00f3 en inmediaciones de la Casa de Gobierno un verdurazo organizado por trabajadores rurales de Mendoza, para visibilizar el enojo del sector con el gobernador Rodolfo Suarez. Como forma de protesta, las familias agricultoras decidieron donar sus productos a la gente que se acercaba.<\/p>\n<p>Dhana Moyano, productora de la\u00a0Uni\u00f3n de Trabajadores de la Tierra (UTT),\u00a0en di\u00e1logo\u00a0con\u00a0MDZ Radio\u00a0coment\u00f3 que el\u00a0verdurazo\u00a0fue para ayudar a los mendocinos y asegur\u00f3\u00a0que la gesti\u00f3n de Rodolfo Suarez tiene \u201cvarias deudas\u201d con las familias rurales de Mendoza.<\/p>\n<p>\u201cNosotros regalamos nuestros productos agr\u00edcolas conociendo las necesidades del pueblo mendocino. Muchas veces las verduras y frutas que producimos se pudren y se tiran, si no se venden. Por eso donamos la mercader\u00eda de la \u00faltima temporada, para demostrarle al pueblo que es un mes de lucha y resistencia. Adem\u00e1s, aprovechamos para conmemorar el d\u00eda la lucha campesina en todo el territorio latinoamericano, que fue el 17 de abril\u201d, coment\u00f3 Moyano.<\/p>\n<p>Insistiendo con las demandas \u00abadeudadas\u00bb, la productora rural remarc\u00f3. \u201cPedimos por l\u00edneas pol\u00edticas claras para los productores de alimento agropecuario en Mendoza. Hace dos a\u00f1os que no las tenemos y reclamamos el acceso a tierras para producir, el permiso para\u00a0 acceder a los canales de riego y, en especial, las familias agropecuarias pedimos por la educaci\u00f3n, una gran deuda que tiene el Estado con nuestras comunidades\u201d.<\/p>\n<p>Por \u00faltimo, Moyano carg\u00f3 contra\u00a0el gobernador por haber concedido 12 mil hect\u00e1reas\u00a0en el departamento de\u00a0Malarg\u00fce\u00a0a un grupo empresarial llamado\u00a0El Azufre S.A. para realizar un complejo de esqu\u00ed. \u201cSuarez tuvo la brillante idea de conceder hect\u00e1reas a un grupo empresarial de amigos, mientras que para las familias campesinas que venimos hist\u00f3ricamente tratando de obtener terrenos para producir alimentos, el gobernador hace o\u00eddos sordos\u201d.<\/p>\n<h6>Fuente: MDZ Online<\/h6>\n","protected":false},"excerpt":{"rendered":"<p>La comunidad agropecuaria se manifest\u00f3 este mi\u00e9rcoles en Casa de Gobierno para pedir por pol\u00edticas \u00abclaras\u00bb y reclamar por las \u00abdeudas\u00bb que tiene el Estado provincial con las familias del agro mendocino.<\/p>\n","protected":false},"author":2,"featured_media":125081,"comment_status":"closed","ping_status":"closed","sticky":false,"template":"","format":"standard","meta":{"footnotes":""},"categories":[65],"tags":[31],"class_list":["post-125080","post","type-post","status-publish","format-standard","has-post-thumbnail","hentry","category-provincias","tag-mendoza"],"_links":{"self":[{"href":"http:\/\/argentinamunicipal.com.ar\/argentina\/wp-json\/wp\/v2\/posts\/125080","targetHints":{"allow":["GET"]}}],"collection":[{"href":"http:\/\/argentinamunicipal.com.ar\/argentina\/wp-json\/wp\/v2\/posts"}],"about":[{"href":"http:\/\/argentinamunicipal.com.ar\/argentina\/wp-json\/wp\/v2\/types\/post"}],"author":[{"embeddable":true,"href":"http:\/\/argentinamunicipal.com.ar\/argentina\/wp-json\/wp\/v2\/users\/2"}],"replies":[{"embeddable":true,"href":"http:\/\/argentinamunicipal.com.ar\/argentina\/wp-json\/wp\/v2\/comments?post=125080"}],"version-history":[{"count":0,"href":"http:\/\/argentinamunicipal.com.ar\/argentina\/wp-json\/wp\/v2\/posts\/125080\/revisions"}],"wp:featuredmedia":[{"embeddable":true,"href":"http:\/\/argentinamunicipal.com.ar\/argentina\/wp-json\/wp\/v2\/media\/125081"}],"wp:attachment":[{"href":"http:\/\/argentinamunicipal.com.ar\/argentina\/wp-json\/wp\/v2\/media?parent=125080"}],"wp:term":[{"taxonomy":"category","embeddable":true,"href":"http:\/\/argentinamunicipal.com.ar\/argentina\/wp-json\/wp\/v2\/categories?post=125080"},{"taxonomy":"post_tag","embeddable":true,"href":"http:\/\/argentinamunicipal.com.ar\/argentina\/wp-json\/wp\/v2\/tags?post=125080"}],"curies":[{"name":"wp","href":"https:\/\/api.w.org\/{rel}","templated":true}]}}