{"id":12517,"date":"2014-07-31T08:37:49","date_gmt":"2014-07-31T11:37:49","guid":{"rendered":"http:\/\/argentinamunicipal.com.ar\/argentina\/?p=12517"},"modified":"2014-07-31T08:37:49","modified_gmt":"2014-07-31T11:37:49","slug":"anuncian-400-nuevas-viviendas-para-viedma","status":"publish","type":"post","link":"http:\/\/argentinamunicipal.com.ar\/argentina\/anuncian-400-nuevas-viviendas-para-viedma\/","title":{"rendered":"Anuncian 400 nuevas viviendas para Viedma"},"content":{"rendered":"<div id=\"attachment_12518\" style=\"width: 711px\" class=\"wp-caption aligncenter\"><a href=\"http:\/\/argentinamunicipal.com.ar\/argentina\/wp-content\/uploads\/2014\/07\/imagen3.jpg\"><img loading=\"lazy\" decoding=\"async\" aria-describedby=\"caption-attachment-12518\" class=\" wp-image-12518\" src=\"http:\/\/argentinamunicipal.com.ar\/argentina\/wp-content\/uploads\/2014\/07\/imagen3.jpg\" alt=\"El anunci\u00f3 se realiz\u00f3 luego de una reuni\u00f3n entre Pichetto y Foulkes.\" width=\"701\" height=\"480\" srcset=\"http:\/\/argentinamunicipal.com.ar\/argentina\/wp-content\/uploads\/2014\/07\/imagen3.jpg 800w, http:\/\/argentinamunicipal.com.ar\/argentina\/wp-content\/uploads\/2014\/07\/imagen3-300x205.jpg 300w\" sizes=\"auto, (max-width: 701px) 100vw, 701px\" \/><\/a><p id=\"caption-attachment-12518\" class=\"wp-caption-text\">El anunci\u00f3 se realiz\u00f3 luego de una reuni\u00f3n entre Pichetto y Foulkes.<\/p><\/div>\n<p>En breve comenzar\u00e1 el proceso licitatorio de una obra que demandar\u00e1 una inversi\u00f3n superior a los 180 millones de pesos.<\/p>\n<p>Otras 400 viviendas se construir\u00e1n en esta capital para intentar paliar la alta demanda habitacional que constituye una de las principales problem\u00e1ticas en la ciudad.<\/p>\n<p>El senador nacional Miguel Pichetto y el intendente Jos\u00e9 Luis Foulkes, se reunieron en el Senado y anunciaron \u00abla construcci\u00f3n de 400 viviendas con una inversi\u00f3n de m\u00e1s de 181 millones de pesos del Gobierno Nacional\u00bb. Indicaron que \u00abobtuvimos la declaraci\u00f3n de No Objeci\u00f3n T\u00e9cnica del proyecto por parte de la Subsecretar\u00eda de Desarrollo Urbano y Vivienda del Ministerio de Planificaci\u00f3n Federal, en el marco del Programa Federal de Construcci\u00f3n de Viviendas Techo Digno\u00bb.<\/p>\n<p>Foulkes y Pichetto se reunieron en el despacho del senador y coincidieron en que \u00abeste proyecto es muy importante para la capital\u00bb. A partir de ahora, con esta No Objeci\u00f3n T\u00e9cnica del proyecto, la Municipalidad comenzar\u00e1 el proceso licitatorio para avanzar en la construcci\u00f3n de las viviendas, que incluyen la infraestructura frentista de red de agua potable y red de desag\u00fces cloacales.<\/p>\n<p>El intendente Foulkes afirm\u00f3 que con \u00abesta No Objeci\u00f3n T\u00e9cnica para este proyecto se garantiza la continuidad laboral de empleados y obreros que est\u00e1n trabajando en la construcci\u00f3n de otros planes de viviendas en nuestra ciudad, y al mismo tiempo avanzamos en la tarea de satisfacer la demanda habitacional de los viedmenses\u00bb. Pichetto, por su parte, dijo que \u00abeste avance en la construcci\u00f3n de 400 viviendas en Viedma se suma al proyecto de otras 495 para Bariloche que anunciamos con la intendenta Mar\u00eda Eugenia Martini, y es un paso m\u00e1s que damos para llevar obras a toda la provincia\u00bb. Agreg\u00f3 que \u00abcomo lo vengo haciendo desde hace m\u00e1s de diez a\u00f1os junto con todos los intendentes de la provincia, independientemente del partido pol\u00edtico al que pertenezcan, reafirmo mi voluntad de continuar gestionando d\u00eda a d\u00eda para todos los rionegrinos\u00bb.<\/p>\n<h6>Fuente: R\u00edo Negro<\/h6>\n","protected":false},"excerpt":{"rendered":"<p>En breve comenzar\u00e1 el proceso licitatorio de una obra que demandar\u00e1 una inversi\u00f3n superior a los 180 millones de pesos. Otras 400 viviendas se construir\u00e1n en esta capital para intentar paliar la alta demanda habitacional que constituye una de las principales problem\u00e1ticas en la ciudad. El senador nacional Miguel Pichetto y el intendente Jos\u00e9 Luis<\/p>\n","protected":false},"author":2,"featured_media":12518,"comment_status":"closed","ping_status":"closed","sticky":false,"template":"","format":"standard","meta":{"footnotes":""},"categories":[2],"tags":[11],"class_list":["post-12517","post","type-post","status-publish","format-standard","has-post-thumbnail","hentry","category-informe-municipal","tag-rio-negro"],"_links":{"self":[{"href":"http:\/\/argentinamunicipal.com.ar\/argentina\/wp-json\/wp\/v2\/posts\/12517","targetHints":{"allow":["GET"]}}],"collection":[{"href":"http:\/\/argentinamunicipal.com.ar\/argentina\/wp-json\/wp\/v2\/posts"}],"about":[{"href":"http:\/\/argentinamunicipal.com.ar\/argentina\/wp-json\/wp\/v2\/types\/post"}],"author":[{"embeddable":true,"href":"http:\/\/argentinamunicipal.com.ar\/argentina\/wp-json\/wp\/v2\/users\/2"}],"replies":[{"embeddable":true,"href":"http:\/\/argentinamunicipal.com.ar\/argentina\/wp-json\/wp\/v2\/comments?post=12517"}],"version-history":[{"count":0,"href":"http:\/\/argentinamunicipal.com.ar\/argentina\/wp-json\/wp\/v2\/posts\/12517\/revisions"}],"wp:featuredmedia":[{"embeddable":true,"href":"http:\/\/argentinamunicipal.com.ar\/argentina\/wp-json\/wp\/v2\/media\/12518"}],"wp:attachment":[{"href":"http:\/\/argentinamunicipal.com.ar\/argentina\/wp-json\/wp\/v2\/media?parent=12517"}],"wp:term":[{"taxonomy":"category","embeddable":true,"href":"http:\/\/argentinamunicipal.com.ar\/argentina\/wp-json\/wp\/v2\/categories?post=12517"},{"taxonomy":"post_tag","embeddable":true,"href":"http:\/\/argentinamunicipal.com.ar\/argentina\/wp-json\/wp\/v2\/tags?post=12517"}],"curies":[{"name":"wp","href":"https:\/\/api.w.org\/{rel}","templated":true}]}}