{"id":125300,"date":"2022-04-27T04:09:26","date_gmt":"2022-04-27T07:09:26","guid":{"rendered":"http:\/\/argentinamunicipal.com.ar\/argentina\/?p=125300"},"modified":"2022-04-27T06:12:33","modified_gmt":"2022-04-27T09:12:33","slug":"el-pj-mendocino-acordo-mantener-a-sus-jefes-de-bloque-en-la-legislatura","status":"publish","type":"post","link":"http:\/\/argentinamunicipal.com.ar\/argentina\/el-pj-mendocino-acordo-mantener-a-sus-jefes-de-bloque-en-la-legislatura\/","title":{"rendered":"El PJ mendocino acord\u00f3 mantener a sus jefes de bloque en la Legislatura"},"content":{"rendered":"<p>De la reuni\u00f3n que comand\u00f3 Anabel Fern\u00e1ndez Sagasti, participaron 4 intendentes (falt\u00f3 Mart\u00edn Aveiro que estaba en Buenos Aires) y en representaci\u00f3n de Emir F\u00e9lix estuvo su hermano Omar F\u00e9lix. Tambi\u00e9n se acerc\u00f3 Adolfo Bermejo y prim\u00f3 el acuerdo entre kirchneristas y referentes del PJ tradicional<\/p>\n<p>Sin esc\u00e1ndalos y tratando de sostener a como d\u00e9 lugar la unidad del\u00a0PJ\u00a0mendocino, kirchneristas y referentes del peronismo m\u00e1s tradicional llegaron a un acuerdo para elegir a las autoridades de los bloques que los representan en la Legislatura. Sin embargo,\u00a0el Frente Cambia Mendoza se defini\u00f3 hace una semana.<\/p>\n<p>As\u00ed las cosas, no hubo sorpresas y las cabezas de bloque ser\u00e1n las mismas de los \u00faltimos dos a\u00f1os: Lucas Ilardo, fiel soldado de Anabel Fern\u00e1ndez Sagasti seguir\u00e1 liderando el bloque de Senadores, y Germ\u00e1n G\u00f3mez, de las filas de los hermanos F\u00e9lix continuar\u00e1 comandando el de Diputados.<\/p>\n<p>Seg\u00fan cuentan, el humo blanco del acuerdo no tard\u00f3 en verse y no hubo grandes desavenencias porque en general el partido estaba conforme con el perfil de los dos presidentes de bloques.<\/p>\n<p><strong>Las negociaciones internas<\/strong><br \/>\nEn las vicepresidencias ganaron lugares los intendentes,\u00a0que se impusieron la puja por colocar a legisladores de sus ri\u00f1ones.\u00a0El vicepresidente del bloque de Senadores, ser\u00e1 Alejandro \u201cEl Pulga\u201d Bermejo,\u00a0mentor y referente del intendente Mat\u00edas Stevanato de Maip\u00fa, y todo hace suponer que la\u00a0segunda autoridad en Diputados ser\u00e1 Edgardo Gonz\u00e1lez, que le responde pol\u00edticamente al intendente de Lavalle, Roberto Righi.<\/p>\n<p>Este \u00faltimo lugar fue el que m\u00e1s discusi\u00f3n gener\u00f3 y por eso contin\u00faa con un interrogante. Es que hubo quienes cuestionaron que Gonz\u00e1lez es el \u00fanico diputado que tiene Righi, y remarcaron que el kirchnerismo contabiliza 9 diputados.<\/p>\n<p>Otros se inclinaron por sostener que esa vicepresidencia de Diputados deber\u00eda ocuparla una diputada de una comuna en la que el peronismo no es gobierno. As\u00ed sonaron los nombres de Laura Soto de San Mart\u00edn, y el de Natalia Vicencio, legisladora de Guaymall\u00e9n.<\/p>\n<p><strong>El encuentro del PJ se realiz\u00f3 en Maip\u00fa<\/strong><br \/>\nLa reuni\u00f3n para definir qui\u00e9nes ser\u00edan los alfiles del PJ en la Casa de las Leyes se dio\u00a0en Maip\u00fa, y adem\u00e1s del anfitri\u00f3n Stevanato, estuvieron los intendentes de Lavalle, Roberto Righi, de Santa Rosa, Flor Dest\u00e9fanis y de La Paz, Fernando Ubieta.\u00a0Estaba previsto que llegase de Buenos Aires, el jefe comunal de Tunuy\u00e1n, Mart\u00edn Aveiro, pero a \u00faltimo momento el tunuyanino tuvo un inconveniente con el vuelo que lo traer\u00eda a Mendoza y debi\u00f3 quedarse en tierras porte\u00f1as.<\/p>\n<p>Ese c\u00f3nclave estuvo encabezado por la presidenta del PJ, Anabel Fern\u00e1ndez Sagasti,\u00a0que no fue la \u00fanica legisladora, ya que\u00a0tambi\u00e9n se acerc\u00f3 el diputado nacional Adolfo Bermejo y desde San Rafael lleg\u00f3 Omar F\u00e9lix,\u00a0que acudi\u00f3 en representaci\u00f3n de su hermano Emir, que a\u00fan contin\u00faa en rehabilitaci\u00f3n en una cl\u00ednica en la Ciudad de Buenos Aires (CABA).<\/p>\n<p>Si bien la discusi\u00f3n de qui\u00e9n ser\u00e1 el o la vicepresidenta de Diputados a\u00fan no est\u00e1 zanjada, en el peronismo aseguran que eso podr\u00eda acordarse en las pr\u00f3ximas horas antes de que asuman los nuevos legisladores. \u201cSi no somos capaces de resolver estos temas que son menores ante otras emergencias, realmente estamos complicados\u201d, apunt\u00f3 un referente del PJ que ya ha atravesado varias de estas discusiones.<\/p>\n<h6>Fuente: Uno<\/h6>\n","protected":false},"excerpt":{"rendered":"<p>De la reuni\u00f3n que comand\u00f3 Anabel Fern\u00e1ndez Sagasti, participaron 4 intendentes (falt\u00f3 Mart\u00edn Aveiro que estaba en Buenos Aires) y en representaci\u00f3n de Emir F\u00e9lix estuvo su hermano Omar F\u00e9lix.<\/p>\n","protected":false},"author":2,"featured_media":125301,"comment_status":"closed","ping_status":"closed","sticky":false,"template":"","format":"standard","meta":{"footnotes":""},"categories":[4],"tags":[31],"class_list":["post-125300","post","type-post","status-publish","format-standard","has-post-thumbnail","hentry","category-informe-politico","tag-mendoza"],"_links":{"self":[{"href":"http:\/\/argentinamunicipal.com.ar\/argentina\/wp-json\/wp\/v2\/posts\/125300","targetHints":{"allow":["GET"]}}],"collection":[{"href":"http:\/\/argentinamunicipal.com.ar\/argentina\/wp-json\/wp\/v2\/posts"}],"about":[{"href":"http:\/\/argentinamunicipal.com.ar\/argentina\/wp-json\/wp\/v2\/types\/post"}],"author":[{"embeddable":true,"href":"http:\/\/argentinamunicipal.com.ar\/argentina\/wp-json\/wp\/v2\/users\/2"}],"replies":[{"embeddable":true,"href":"http:\/\/argentinamunicipal.com.ar\/argentina\/wp-json\/wp\/v2\/comments?post=125300"}],"version-history":[{"count":0,"href":"http:\/\/argentinamunicipal.com.ar\/argentina\/wp-json\/wp\/v2\/posts\/125300\/revisions"}],"wp:featuredmedia":[{"embeddable":true,"href":"http:\/\/argentinamunicipal.com.ar\/argentina\/wp-json\/wp\/v2\/media\/125301"}],"wp:attachment":[{"href":"http:\/\/argentinamunicipal.com.ar\/argentina\/wp-json\/wp\/v2\/media?parent=125300"}],"wp:term":[{"taxonomy":"category","embeddable":true,"href":"http:\/\/argentinamunicipal.com.ar\/argentina\/wp-json\/wp\/v2\/categories?post=125300"},{"taxonomy":"post_tag","embeddable":true,"href":"http:\/\/argentinamunicipal.com.ar\/argentina\/wp-json\/wp\/v2\/tags?post=125300"}],"curies":[{"name":"wp","href":"https:\/\/api.w.org\/{rel}","templated":true}]}}