{"id":125306,"date":"2022-04-28T05:16:38","date_gmt":"2022-04-28T08:16:38","guid":{"rendered":"http:\/\/argentinamunicipal.com.ar\/argentina\/?p=125306"},"modified":"2022-04-27T06:21:49","modified_gmt":"2022-04-27T09:21:49","slug":"asi-se-ve-el-imparable-avance-de-los-asentamientos-en-mendoza","status":"publish","type":"post","link":"http:\/\/argentinamunicipal.com.ar\/argentina\/asi-se-ve-el-imparable-avance-de-los-asentamientos-en-mendoza\/","title":{"rendered":"As\u00ed se ve el imparable avance de los asentamientos en Mendoza"},"content":{"rendered":"<p>Recientemente se dio a conocer que en Mendoza el 44.6% de la poblaci\u00f3n es pobre. No es necesario alejarse de la zona metropolitana para ver c\u00f3mo el hacinamiento se expande. As\u00ed puede verse a trav\u00e9s de la ventanilla de un auto al circular por uno de los principales ingresos a la Ciudad.<\/p>\n<p>El Corredor del Oeste, arteria fundamental para conectar los departamentos del sur del Gran Mendoza con la ciudad, es un camino por el cual miles de personas pasan con sus veh\u00edculos cada d\u00eda para acudir a sus lugares de trabajo, llevar a sus hijos a la escuela, entre otras situaciones cotidianas. Durante el trayecto, a la altura del barrio La Estanzuela (Godoy Cruz) se encuentra, del lado este, el barrio Urundel, una zona que siempre se caracteriz\u00f3 por estar situada en gran parte sobre una colina y dejar al descubierto una serie de postales de c\u00f3mo es la pobreza en la provincia. \u00abEl Urundel no ha tenido un crecimiento por fuera de lo esperado\u00bb, indicaron desde la comuna. En cambio, para la Mesa Provincial de Barrios Populares existe una \u00abfalta decisi\u00f3n pol\u00edtica\u00bb para tratar la problem\u00e1tica.<\/p>\n<p>A\u00f1os atr\u00e1s, ese \u00abmonte\u00bb llamaba\u00a0la atenci\u00f3n por tener casas en estado precario y por ser un basural a cielo abierto. Con el paso del tiempo, las autoridades limpiaron los residuos y urbanizaron un sector.\u00a0No obstante, la alarmante situaci\u00f3n econ\u00f3mica que atraviesa Argentina deriv\u00f3 en\u00a0que se agraven paulatinamente las condiciones de vivienda para quienes residen en dicho territorio.<\/p>\n<p>Existi\u00f3 un proceso de urbanizaci\u00f3n llevado a cabo por la Municipalidad de Godoy Cruz en diversos sectores de la zona. Pero no pudo concretarse en un 100% y la expansi\u00f3n continu\u00f3. Todav\u00eda queda una porci\u00f3n que no est\u00e1 regularizada y que tiene casas que van m\u00e1s all\u00e1 de la precarizaci\u00f3n. Nailon, chapa, madera y algunos ladrillos: los materiales de viviendas en las que viven familias enteras.<\/p>\n<p>Esas mismas casas se ven al circular por el Corredor del Oeste y su cercan\u00eda a los autos que circulan deja en evidencia las condiciones de hacinamiento que sufren familias mendocinas, donde no hace falta recorrer cientos de kil\u00f3metros para ver de cerca la pobreza en su estado m\u00e1s cr\u00edtico. Desde la Municipalidad de Godoy Cruz aseguraron que \u00abseg\u00fan el relevamiento covid hay alrededor de 67 familias. Algunas de las casas que se ven desde el corredor son familias que se han reubicado ah\u00ed. Ya estaban abajo en el reservorio\u00bb.<\/p>\n<p>Lo cierto es que, hace d\u00e9cadas, hay miles de casas similares en Mendoza. En zonas a la vista y en otras no tanto. No es una novedad, teniendo en cuenta la pobreza estructural en Argentina. La diferencia es que en este caso es un \u00e1rea concurrida y se deja al descubierto los estragos causados por a\u00f1os de pol\u00edticas econ\u00f3micas no eficientes. En base al \u00faltimo informe dado a conocer por el Instituto Nacional de Estad\u00edsticas y Censos de la Rep\u00fablica Argentina (Indec) en Argentina el 37,3% de la poblaci\u00f3n es pobre, mientras que en Mendoza, lo es el 44.6%. Los n\u00fameros se vuelcan a la realidad en estas im\u00e1genes diarias.<\/p>\n<p>Seg\u00fan la \u00faltima actualizaci\u00f3n de Administraci\u00f3n Nacional de la Seguridad Social (Anses), hasta diciembre de 2018 Mendoza pose\u00eda 310 asentamientos.<\/p>\n<p>Consultada por MDZ, Florencia Santoni, secretaria de Desarrollo Humano de la Municipalidad de Godoy Cruz explic\u00f3: \u00abEl barrio Urundel est\u00e1 dividido en dos sectores. En el Urundel alto se hicieron obras con el IPV y se urbaniz\u00f3. Arriba se pudo porque es de una Uni\u00f3n Vecinal en la que sus integrantes compraron el terreno. Se postularon para el financiamiento en la municipalidad y el Instituto Provincial de la Vivienda (IPV)\u00bb.<\/p>\n<p>Sobre aquellas casas de lona que pueden verse en direcci\u00f3n a la ciudad se\u00f1al\u00f3 que \u00abhay una usurpaci\u00f3n hist\u00f3rica en la parte de abajo, en el reservorio. Lo que ha sucedido es que ha avanzado la urbanizaci\u00f3n y se han corrido de lugar. Hay una licitaci\u00f3n para la relocalizaci\u00f3n y\u00a0contempla la construcci\u00f3n de viviendas. La relocalizaci\u00f3n tiene que ser total porque est\u00e1n en riesgo aluvional. La licitaci\u00f3n ya se public\u00f3 y hay una oferta\u00bb.<\/p>\n<p>Y agreg\u00f3: \u00abEl Urundel no ha tenido un crecimiento por fuera de lo esperado. Considero una irresponsabilidad afirmar que no hubo un crecimiento, ya que las familias crecen y con ellas los lugares donde viven\u00bb.<\/p>\n<p>Por otro lado, argument\u00f3 que una de las explicaciones de\u00a0que la basura est\u00e9\u00a0volviendo a amontonarse\u00a0es que muchos usan la colina de forma clandestina para arrojar residuos. \u00abEl problema resurgi\u00f3 cuando se cerr\u00f3 el pozo del vaciadero municipal del campo papa. Ah\u00ed muchas empresas particulares empezaron a infringir la normativa y a tirar\u00bb, esgrimi\u00f3.<\/p>\n<p>Laura Mart\u00ednez, miembro de la Mesa Provincial de Barrios Populares, aport\u00f3 a MDZ que esta coyuntura se debe a \u00abfalta decisi\u00f3n pol\u00edtica\u00bb y que \u00abno es solo situaci\u00f3n la econ\u00f3mica, sino que tiene que ver con lograr una pol\u00edtica de Estado que sea m\u00e1s que una pol\u00edtica social. Es decir que se cumplan las leyes que existen. Tienen que actuar sin\u00e9rgicamente los Estados nacionales, provinciales y municipales\u00bb.<\/p>\n<p>En tanto, sobre la realidad en\u00a0Mendoza, sostuvo: \u00abHay barrios de la provincia donde hay hacinamiento por faltas de pol\u00edticas habitacionales. Es de a\u00f1os y no por gobiernos. Son espacios con 2 o 3 familias en dos habitaciones. Hay que generar tierra urbana con lotes y servicios. No es f\u00e1cil, pero hay que hacerlo. Es necesario que se regularicen\u00a0los dominios porque hay loteos que no se pueden escriturar. Quedan adjudicaciones y la gente no se convierte en propietaria. De esta forma no hay recaudaci\u00f3n\u00bb.<\/p>\n<h6>Fuente: MDZ<\/h6>\n","protected":false},"excerpt":{"rendered":"<p>Recientemente se dio a conocer que en Mendoza el 44.6% de la poblaci\u00f3n es pobre. No es necesario alejarse de la zona metropolitana para ver c\u00f3mo el hacinamiento se expande.<\/p>\n","protected":false},"author":2,"featured_media":125307,"comment_status":"closed","ping_status":"closed","sticky":false,"template":"","format":"standard","meta":{"footnotes":""},"categories":[2],"tags":[31],"class_list":["post-125306","post","type-post","status-publish","format-standard","has-post-thumbnail","hentry","category-informe-municipal","tag-mendoza"],"_links":{"self":[{"href":"http:\/\/argentinamunicipal.com.ar\/argentina\/wp-json\/wp\/v2\/posts\/125306","targetHints":{"allow":["GET"]}}],"collection":[{"href":"http:\/\/argentinamunicipal.com.ar\/argentina\/wp-json\/wp\/v2\/posts"}],"about":[{"href":"http:\/\/argentinamunicipal.com.ar\/argentina\/wp-json\/wp\/v2\/types\/post"}],"author":[{"embeddable":true,"href":"http:\/\/argentinamunicipal.com.ar\/argentina\/wp-json\/wp\/v2\/users\/2"}],"replies":[{"embeddable":true,"href":"http:\/\/argentinamunicipal.com.ar\/argentina\/wp-json\/wp\/v2\/comments?post=125306"}],"version-history":[{"count":0,"href":"http:\/\/argentinamunicipal.com.ar\/argentina\/wp-json\/wp\/v2\/posts\/125306\/revisions"}],"wp:featuredmedia":[{"embeddable":true,"href":"http:\/\/argentinamunicipal.com.ar\/argentina\/wp-json\/wp\/v2\/media\/125307"}],"wp:attachment":[{"href":"http:\/\/argentinamunicipal.com.ar\/argentina\/wp-json\/wp\/v2\/media?parent=125306"}],"wp:term":[{"taxonomy":"category","embeddable":true,"href":"http:\/\/argentinamunicipal.com.ar\/argentina\/wp-json\/wp\/v2\/categories?post=125306"},{"taxonomy":"post_tag","embeddable":true,"href":"http:\/\/argentinamunicipal.com.ar\/argentina\/wp-json\/wp\/v2\/tags?post=125306"}],"curies":[{"name":"wp","href":"https:\/\/api.w.org\/{rel}","templated":true}]}}