{"id":1255,"date":"2014-02-16T19:55:46","date_gmt":"2014-02-16T22:55:46","guid":{"rendered":"http:\/\/argentinamunicipal.com.ar\/argentina\/?p=1255"},"modified":"2014-02-16T19:56:57","modified_gmt":"2014-02-16T22:56:57","slug":"argentina-envia-ayuda-humanitaria-a-bolivia-por-las-inundaciones","status":"publish","type":"post","link":"http:\/\/argentinamunicipal.com.ar\/argentina\/argentina-envia-ayuda-humanitaria-a-bolivia-por-las-inundaciones\/","title":{"rendered":"Argentina env\u00eda ayuda humanitaria a Bolivia por las inundaciones"},"content":{"rendered":"<p><a href=\"http:\/\/argentinamunicipal.com.ar\/argentina\/wp-content\/uploads\/2014\/02\/Bolivia-inundado.jpg\"><img loading=\"lazy\" decoding=\"async\" class=\"aligncenter size-full wp-image-1256\" alt=\"Bolivia-inundado\" src=\"http:\/\/argentinamunicipal.com.ar\/argentina\/wp-content\/uploads\/2014\/02\/Bolivia-inundado.jpg\" width=\"600\" height=\"450\" srcset=\"http:\/\/argentinamunicipal.com.ar\/argentina\/wp-content\/uploads\/2014\/02\/Bolivia-inundado.jpg 600w, http:\/\/argentinamunicipal.com.ar\/argentina\/wp-content\/uploads\/2014\/02\/Bolivia-inundado-300x225.jpg 300w\" sizes=\"auto, (max-width: 600px) 100vw, 600px\" \/><\/a><\/p>\n<p>La Canciller\u00eda argentina anunci\u00f3 que se decidi\u00f3 el env\u00edo de \u201cinsumos humanitarios\u201d y de un equipo de voluntarios de Cascos Blancos a Bolivia a ra\u00edz de las inundaciones que, seg\u00fan cifras, dejaron un saldo de 55 muertos, m\u00e1s de 55.645 familias afectadas y 11 desaparecidos<\/p>\n<p>El env\u00edo lo realizar\u00e1 el ministerio de Relaciones Exteriores y Culto \u2013a trav\u00e9s de la Comisi\u00f3n Cascos Blancos- en coordinaci\u00f3n con el viceministerio de Defensa Civil del Ministerio de Defensa de Bolivia<\/p>\n<p>Argentina enviar\u00e1 \u201c150.000 pastillas potabilizadoras de agua, con capacidad para potabilizar 3 millones de litros; tiendas habitacionales con capacidad para 500 personas y maletines de medicamentos pertenecientes al programa Remediar del Ministerio de Salud de la Naci\u00f3n\u201d.<\/p>\n<p>Asimismo, se acord\u00f3 el desplazamiento de un equipo conformado por 3 voluntarios Cascos Blancos, expertos en comunicaci\u00f3n, log\u00edstica y manejo de campamentos de evacuados, a los efectos de contribuir con el dispositivo de atenci\u00f3n a la emergencia en terreno.<\/p>\n<p>El env\u00edo lo realizar\u00e1 el ministerio de Relaciones Exteriores y Culto \u2013a trav\u00e9s de la Comisi\u00f3n Cascos Blancos- en coordinaci\u00f3n con el viceministerio de Defensa Civil del Ministerio de Defensa de Bolivia, organismo responsable de la atenci\u00f3n a la emergencia.<\/p>\n<h6>Fuente: Diario El Sol de Quilmes<\/h6>\n","protected":false},"excerpt":{"rendered":"<p>La Canciller\u00eda argentina anunci\u00f3 que se decidi\u00f3 el env\u00edo de \u201cinsumos humanitarios\u201d y de un equipo de voluntarios de Cascos Blancos a Bolivia a ra\u00edz de las inundaciones que, seg\u00fan cifras, dejaron un saldo de 55 muertos, m\u00e1s de 55.645 familias afectadas y 11 desaparecidos El env\u00edo lo realizar\u00e1 el ministerio de Relaciones Exteriores y<\/p>\n","protected":false},"author":1,"featured_media":1258,"comment_status":"closed","ping_status":"closed","sticky":false,"template":"","format":"standard","meta":{"footnotes":""},"categories":[22],"tags":[],"class_list":["post-1255","post","type-post","status-publish","format-standard","has-post-thumbnail","hentry","category-el-mundo"],"_links":{"self":[{"href":"http:\/\/argentinamunicipal.com.ar\/argentina\/wp-json\/wp\/v2\/posts\/1255","targetHints":{"allow":["GET"]}}],"collection":[{"href":"http:\/\/argentinamunicipal.com.ar\/argentina\/wp-json\/wp\/v2\/posts"}],"about":[{"href":"http:\/\/argentinamunicipal.com.ar\/argentina\/wp-json\/wp\/v2\/types\/post"}],"author":[{"embeddable":true,"href":"http:\/\/argentinamunicipal.com.ar\/argentina\/wp-json\/wp\/v2\/users\/1"}],"replies":[{"embeddable":true,"href":"http:\/\/argentinamunicipal.com.ar\/argentina\/wp-json\/wp\/v2\/comments?post=1255"}],"version-history":[{"count":0,"href":"http:\/\/argentinamunicipal.com.ar\/argentina\/wp-json\/wp\/v2\/posts\/1255\/revisions"}],"wp:featuredmedia":[{"embeddable":true,"href":"http:\/\/argentinamunicipal.com.ar\/argentina\/wp-json\/wp\/v2\/media\/1258"}],"wp:attachment":[{"href":"http:\/\/argentinamunicipal.com.ar\/argentina\/wp-json\/wp\/v2\/media?parent=1255"}],"wp:term":[{"taxonomy":"category","embeddable":true,"href":"http:\/\/argentinamunicipal.com.ar\/argentina\/wp-json\/wp\/v2\/categories?post=1255"},{"taxonomy":"post_tag","embeddable":true,"href":"http:\/\/argentinamunicipal.com.ar\/argentina\/wp-json\/wp\/v2\/tags?post=1255"}],"curies":[{"name":"wp","href":"https:\/\/api.w.org\/{rel}","templated":true}]}}