{"id":125512,"date":"2022-05-04T06:07:17","date_gmt":"2022-05-04T09:07:17","guid":{"rendered":"http:\/\/argentinamunicipal.com.ar\/argentina\/?p=125512"},"modified":"2022-05-04T06:07:17","modified_gmt":"2022-05-04T09:07:17","slug":"portezuelo-del-viento-mendoza-alberto-fernandez-adelanto-que-pedira-un-nuevo-estudio-de-impacto-ambiental","status":"publish","type":"post","link":"http:\/\/argentinamunicipal.com.ar\/argentina\/portezuelo-del-viento-mendoza-alberto-fernandez-adelanto-que-pedira-un-nuevo-estudio-de-impacto-ambiental\/","title":{"rendered":"Portezuelo del Viento (mendoza): Alberto Fern\u00e1ndez adelant\u00f3 que pedir\u00e1 un nuevo estudio de impacto ambiental"},"content":{"rendered":"<p>Desde General Pico, La Pampa, el Presidente asegur\u00f3 que \u00ablos r\u00edos no son propiedad de nadie\u00bb y que una soluci\u00f3n para una provincia puede ser un problema para cuatro, por lo que el laudo presidencial ser\u00e1 en contra de los intereses de Mendoza<\/p>\n<p>Alberto Fern\u00e1ndez adelant\u00f3 este martes que fallar\u00e1 a favor de La Pampa en el laudo presidencial pedido por Mendoza por Portezuelo del Viento. Desde General Pico, a donde particip\u00f3 de la reuni\u00f3n del gabinete federal, el Presidente asegur\u00f3 que har\u00e1 lugar al pedido pampeano de realizaci\u00f3n de un nuevo estudio de impacto ambiental sobre la construcci\u00f3n de la megaobra hidroel\u00e9ctrica en Malarg\u00fce, en contra de los argumentos mendocinos.<\/p>\n<p>Desde el oficialismo mendocino, no tardaron en llegar las repercusiones en contra. El primero en tuitear fue el senador nacional Alfredo Cornejo (UCR), quien se lament\u00f3 una vez m\u00e1s por la decisi\u00f3n del Presidente. \u00abComo no puede ser de otra manera, sin argumentos t\u00e9cnicos, s\u00f3lo conveniencias pol\u00edticas\u00bb, acus\u00f3.<\/p>\n<p>Incluso, la propia senadora del Frente de Todos y presidenta del PJ local, Anabel Fern\u00e1ndez Sagasti, aclar\u00f3 que no comparte la postura de Fern\u00e1ndez. \u00abSe est\u00e1 privilegiando una postura caprichosa y demagoga como la de La Pampa. Nadie est\u00e1 pensando en lo importante y estrat\u00e9gica que es esta obra para la Argentina y para el trabajo de miles de mendocinos y empresas de nuestra industria metalmec\u00e1nica a trav\u00e9s de IMPSA\u00bb.<\/p>\n<p>Incluso, la legisladora peronista fue m\u00e1s all\u00e1 y apunt\u00f3 contra el gobernador Rodolfo Suarez y Cornejo, a quienes acus\u00f3 de no hacer nada en m\u00e1s de dos a\u00f1os por Portezuelo del Viento.\u00a0\u00abDeben estar festejando en silencio\u00bb, se despach\u00f3 en cuenta de Twitter. Y sum\u00f3 sobre el\u00a0uso de los fondos de Portezuelo\u00a0del Viento, en total 1.023 millones de d\u00f3lares:<\/p>\n<p>\u00abLos r\u00edos no son propiedad de nadie. Son propiedad de los argentinos que los necesitan y tenemos que administrarlos bien\u00bb, dijo Fern\u00e1ndez ante el aplauso de los pampeanos presentes.<\/p>\n<p>\u00abEl r\u00edo Colorado nace en Mendoza pero recorre Neuqu\u00e9n, R\u00edo Negro, La Pampa y Buenos Aires. No es de una provincia,\u00a0sino de todos los argentinos y eso es algo que todos deber\u00edamos poner en valor y deber\u00edamos entender porque no se pueden resolver las cosas de un modo tan simple\u00bb, empez\u00f3 explicando el Presidente sobre sus argumentos.<\/p>\n<p>\u00abLo que puede ser una soluci\u00f3n para uno puede ser un problema para cuatro y entonces no es una soluci\u00f3n\u00bb, agreg\u00f3.<\/p>\n<p>\u00abLas cuatro provincias que son Neuqu\u00e9n, La Pampa, R\u00edo Negro y Buenos Aires\u00a0me han pedido que haga un estudio de impacto ambiental sobre los efectos que podr\u00eda general Portezuelo del Viento y yo voy a hacer lugar a ello\u00bb, adelant\u00f3 sobre la resoluci\u00f3n del laudo presidencial.<\/p>\n<p><strong>Suarez anticip\u00f3 que los fondos de Portezuelo tendr\u00e1n otro destino<\/strong><br \/>\nEl gobernador de Mendoza, Rodolfo Suarez, adelant\u00f3 al presentar los argumentos a favor de la obra Portezuelo del Viento que, de haber un laudo desfavorable,\u00a0los 1.023 millones de d\u00f3lares se destinar\u00edan a otros proyectos h\u00eddricos y productivos.<\/p>\n<p>Suarez advirti\u00f3 a principios de abril que \u00absi no tenemos un fallo favorable, porque el Presidente toma en cuenta los argumentos de las otras provincias, nosotros inmediatamente esa plata que tenemos y estamos cuidando, que es de mendocinos y mendocinas, tenemos que volcarla de manera urgente en la productividad de Mendoza, para generar empleo\u00bb.<\/p>\n<p>Como alternativa se plante\u00f3 que\u00a0\u00abse autorice la construcci\u00f3n de obras de generaci\u00f3n de energ\u00eda as\u00ed como las que permitan ampliar la capacidad productiva,\u00a0optimizando el uso del agua u otras obras que persigan la misma finalidad\u00bb.<\/p>\n<p>Otra chance es destinar parte de los fondos de Portezuelo a una serie de obras h\u00eddricas proyectadas en varios sectores productivos de la provincia, que comprenden la\u00a0construcci\u00f3n del dique El Baqueano, en San Rafael, la impermeabilizaci\u00f3n de grandes canales como el Cacique Guaymall\u00e9n y otros tantos, para mejorar el aprovechamiento del agua.<\/p>\n<p>La habilitaci\u00f3n jur\u00eddica para que Suarez pueda destinar esos fondos a otras obras que no sea Portezuelo del Viento, ya est\u00e1n dadas en la letra chica delacuerdo que firm\u00f3 el exgobernador Alfredo Cornejo con el Estado nacional el 13 de junio del 2019.<\/p>\n<h6>Fuente: Uno<\/h6>\n","protected":false},"excerpt":{"rendered":"<p>Desde General Pico, La Pampa, el Presidente asegur\u00f3 que \u00ablos r\u00edos no son propiedad de nadie\u00bb y que una soluci\u00f3n para una provincia puede ser un problema para cuatro, por lo que el laudo presidencial ser\u00e1 en contra de los intereses de Mendoza<\/p>\n","protected":false},"author":2,"featured_media":125513,"comment_status":"closed","ping_status":"closed","sticky":false,"template":"","format":"standard","meta":{"footnotes":""},"categories":[4],"tags":[31],"class_list":["post-125512","post","type-post","status-publish","format-standard","has-post-thumbnail","hentry","category-informe-politico","tag-mendoza"],"_links":{"self":[{"href":"http:\/\/argentinamunicipal.com.ar\/argentina\/wp-json\/wp\/v2\/posts\/125512","targetHints":{"allow":["GET"]}}],"collection":[{"href":"http:\/\/argentinamunicipal.com.ar\/argentina\/wp-json\/wp\/v2\/posts"}],"about":[{"href":"http:\/\/argentinamunicipal.com.ar\/argentina\/wp-json\/wp\/v2\/types\/post"}],"author":[{"embeddable":true,"href":"http:\/\/argentinamunicipal.com.ar\/argentina\/wp-json\/wp\/v2\/users\/2"}],"replies":[{"embeddable":true,"href":"http:\/\/argentinamunicipal.com.ar\/argentina\/wp-json\/wp\/v2\/comments?post=125512"}],"version-history":[{"count":0,"href":"http:\/\/argentinamunicipal.com.ar\/argentina\/wp-json\/wp\/v2\/posts\/125512\/revisions"}],"wp:featuredmedia":[{"embeddable":true,"href":"http:\/\/argentinamunicipal.com.ar\/argentina\/wp-json\/wp\/v2\/media\/125513"}],"wp:attachment":[{"href":"http:\/\/argentinamunicipal.com.ar\/argentina\/wp-json\/wp\/v2\/media?parent=125512"}],"wp:term":[{"taxonomy":"category","embeddable":true,"href":"http:\/\/argentinamunicipal.com.ar\/argentina\/wp-json\/wp\/v2\/categories?post=125512"},{"taxonomy":"post_tag","embeddable":true,"href":"http:\/\/argentinamunicipal.com.ar\/argentina\/wp-json\/wp\/v2\/tags?post=125512"}],"curies":[{"name":"wp","href":"https:\/\/api.w.org\/{rel}","templated":true}]}}