{"id":125521,"date":"2022-05-04T06:18:27","date_gmt":"2022-05-04T09:18:27","guid":{"rendered":"http:\/\/argentinamunicipal.com.ar\/argentina\/?p=125521"},"modified":"2022-05-04T06:18:27","modified_gmt":"2022-05-04T09:18:27","slug":"llegaron-a-mendoza-3-de-las-39-duplas-para-el-metrotranvia-donadas-desde-estados-unidos","status":"publish","type":"post","link":"http:\/\/argentinamunicipal.com.ar\/argentina\/llegaron-a-mendoza-3-de-las-39-duplas-para-el-metrotranvia-donadas-desde-estados-unidos\/","title":{"rendered":"Llegaron a Mendoza 3 de las 39 duplas para el Metrotranv\u00eda donadas desde Estados Unidos"},"content":{"rendered":"<p>Una vez que est\u00e9n aptas para circular se sumar\u00e1n a las 10 que funcionan actualmente. El Gobierno invirti\u00f3 $10 millones en el traslado. Es inminente el llamado a licitaci\u00f3n para ampliar el servicio hasta el aeropuerto El Plumerillo y hasta Chacras de Coria, en Luj\u00e1n<\/p>\n<p>Ya est\u00e1n en Mendoza las primeras tres duplas de 39 para el\u00a0Metrotranv\u00eda\u00a0donadas\u00a0por el Sistema de Tr\u00e1nsito Metropolitano de San Diego, Estados Unidos. Apenas se considere que est\u00e1n aptas para transitar se sumar\u00e1n a las 10 que cubren el servicio actualmente.<\/p>\n<p>Las m\u00e1quinas, que estuvieron funcionando en California hasta enero pasado, arribaron v\u00eda Chile, por el paso de Jama y a la provincia fueron tra\u00eddas por la zona de El Enc\u00f3n.<\/p>\n<p>El traslado de cada dupla le cost\u00f3 al Gobierno cerca de $10 millones\u00a0aunque los siguientes env\u00edos tendr\u00e1n una exigencia de pago un poco m\u00e1s elevada lo que har\u00e1 que al final de la llegada de los 39 pares la Provincia haya erogado alrededor de\u00a0$414 millones,\u00a0\u00fanico costo que afrontar\u00e1 dado que se trata de una donaci\u00f3n.<\/p>\n<p>De este modo pr\u00e1cticamente se\u00a0quintuplicar\u00e1 el parque del Metrotranv\u00eda en Mendoza\u00a0ya con la mira en las ampliaciones de recorridos hacia el Norte, con llegada al aeropuerto y hasta el Sur en Luj\u00e1n.<\/p>\n<p><strong>Las nuevas trazas del Metrotranv\u00eda<\/strong><br \/>\nEl secretario de Servicios P\u00fablicos, Natalio Mema, se refiri\u00f3 este martes a los\u00a016 kil\u00f3metros que sumar\u00e1 el servicio del Metrotranv\u00eda.\u00a0Para ello se llamar\u00e1 a licitaci\u00f3n en breve y se espera que la\u00a0construcci\u00f3n comience a fin de a\u00f1o, o principios de 2023.<\/p>\n<p>En Radio Nihuil, el funcionario se refiri\u00f3 primero a las duplas que llegaron este martes a Mendoza. \u00abEs un programa de 39 duplas donadas por el Sistema Metrpolitano de San Diego, California, a quien la Provincia le compr\u00f3 las primeras duplas en 2010\u00bb,\u00a0durante el gobierno del peronista Celso Jaque.<\/p>\n<p>El funcionario hizo hincapi\u00e9 en que \u00abson donadas, no compradas, de modo que de lo \u00fanico que se hace cargo Mendoza es del traslado.\u00a0Desde San Diego van a despachar tres duplas cada 20 d\u00edas, por lo que el segundo env\u00edo ya sali\u00f3\u00bb.<\/p>\n<p>Hoy tenemos funcionando 10 duplas. Vamos a quintuplicar la flota. Son m\u00e1quinas que llegan en un muy buen estado y que en California estuvieron funcionando perfectamente hasta el 24 de enero<\/p>\n<p><strong>Las licitaciones para la ampliaci\u00f3n del sistema<\/strong><\/p>\n<p>Mema record\u00f3 que con la \u00abanterior licitaci\u00f3n fue en el gobierno de Paco P\u00e9rez y se lleg\u00f3 hasta la calle Avellaneda, en Las Heras. All\u00ed ya estaba el proyecto de la siguiente etapa que consta en llegar al Norte hasta el aeropuerto y al Sur hasta Luj\u00e1n. Nosotros a su vez lo hicimos en etapas. Entre este mes y el que viene licitaremos el tramo norte hasta el aeropuerto y el tramo sur con llegada a Pueyrred\u00f3n y San Mart\u00edn, de Chacras de Coria\u00bb.<\/p>\n<p>\u00abLa idea -ampli\u00f3- es en una\u00a0tercera etapa llegar hasta la Estaci\u00f3n Luj\u00e1n\u00a0y est\u00e1 en evaluaci\u00f3n la Estaci\u00f3n Paso de los Andes, en Chacras, aunque es m\u00e1s complejo porque hay que reubicar muchas familias instaladas en la traza antigua de la v\u00eda del tren\u00bb.<\/p>\n<p>El secretario agreg\u00f3 que \u00ablo bueno es que lo que tenemos que construir en Godoy Cruz est\u00e1 todo liberado por un importante plan de erradicaci\u00f3n de asentamientos que hizo la Municipalidad.\u00a0Ah\u00ed convivir\u00e1n sin problemas el Metrotranv\u00eda y las ciclov\u00edas\u00bb.<\/p>\n<p>En cuanto a los tiempos y los costos, Mema, indic\u00f3 que despu\u00e9s de las licitaciones \u00abtenemos dos o tres meses de an\u00e1lisis de ofertas.\u00a0Se trata de una licitaci\u00f3n nacional de $3.500 millones con fondos provinciales.\u00a0Esperamos que los trabajos se inicien a fin de a\u00f1o o principios del siguiente, en forma paralela, en los dos tramos, hacia el Norte y hacia el Sur\u00bb.<\/p>\n<p>Con las nuevas trazas se agregar\u00e1n 16 kil\u00f3metros y as\u00ed llegaremos a los 35 kil\u00f3metros de Metrotranv\u00eda. Despu\u00e9s vendr\u00e1 la conexi\u00f3n con Guaymall\u00e9n que forma parte del m\u00e1ster plan del Metrotranv\u00eda para seguir avanzando en el plan de movilidad que sali\u00f3 por ley en 2018 con apoyo de todas las fuerzas mayoritarias porque esto no es un logro un gobierno o de otro, sino que es pol\u00edtica de Estado<\/p>\n<h6>Fuente: Uno<\/h6>\n","protected":false},"excerpt":{"rendered":"<p>Una vez que est\u00e9n aptas para circular se sumar\u00e1n a las 10 que funcionan actualmente. El Gobierno invirti\u00f3 $10 millones en el traslado. Es inminente el llamado a licitaci\u00f3n para ampliar el servicio hasta el aeropuerto El Plumerillo y hasta Chacras de Coria, en Luj\u00e1n<\/p>\n","protected":false},"author":2,"featured_media":125522,"comment_status":"closed","ping_status":"closed","sticky":false,"template":"","format":"standard","meta":{"footnotes":""},"categories":[2],"tags":[31],"class_list":["post-125521","post","type-post","status-publish","format-standard","has-post-thumbnail","hentry","category-informe-municipal","tag-mendoza"],"_links":{"self":[{"href":"http:\/\/argentinamunicipal.com.ar\/argentina\/wp-json\/wp\/v2\/posts\/125521","targetHints":{"allow":["GET"]}}],"collection":[{"href":"http:\/\/argentinamunicipal.com.ar\/argentina\/wp-json\/wp\/v2\/posts"}],"about":[{"href":"http:\/\/argentinamunicipal.com.ar\/argentina\/wp-json\/wp\/v2\/types\/post"}],"author":[{"embeddable":true,"href":"http:\/\/argentinamunicipal.com.ar\/argentina\/wp-json\/wp\/v2\/users\/2"}],"replies":[{"embeddable":true,"href":"http:\/\/argentinamunicipal.com.ar\/argentina\/wp-json\/wp\/v2\/comments?post=125521"}],"version-history":[{"count":0,"href":"http:\/\/argentinamunicipal.com.ar\/argentina\/wp-json\/wp\/v2\/posts\/125521\/revisions"}],"wp:featuredmedia":[{"embeddable":true,"href":"http:\/\/argentinamunicipal.com.ar\/argentina\/wp-json\/wp\/v2\/media\/125522"}],"wp:attachment":[{"href":"http:\/\/argentinamunicipal.com.ar\/argentina\/wp-json\/wp\/v2\/media?parent=125521"}],"wp:term":[{"taxonomy":"category","embeddable":true,"href":"http:\/\/argentinamunicipal.com.ar\/argentina\/wp-json\/wp\/v2\/categories?post=125521"},{"taxonomy":"post_tag","embeddable":true,"href":"http:\/\/argentinamunicipal.com.ar\/argentina\/wp-json\/wp\/v2\/tags?post=125521"}],"curies":[{"name":"wp","href":"https:\/\/api.w.org\/{rel}","templated":true}]}}