{"id":12600,"date":"2014-08-01T10:14:03","date_gmt":"2014-08-01T13:14:03","guid":{"rendered":"http:\/\/argentinamunicipal.com.ar\/argentina\/?p=12600"},"modified":"2014-08-01T10:14:03","modified_gmt":"2014-08-01T13:14:03","slug":"firman-convenio-para-la-construccion-de-una-bicisenda-en-bariloche","status":"publish","type":"post","link":"http:\/\/argentinamunicipal.com.ar\/argentina\/firman-convenio-para-la-construccion-de-una-bicisenda-en-bariloche\/","title":{"rendered":"Firman convenio para la construcci\u00f3n de una bicisenda en Bariloche"},"content":{"rendered":"<p><a href=\"http:\/\/argentinamunicipal.com.ar\/argentina\/wp-content\/uploads\/2014\/08\/9cb7486882ea5960f9eb432cfbb7c271_L.jpg\"><img loading=\"lazy\" decoding=\"async\" class=\"aligncenter size-full wp-image-12601\" src=\"http:\/\/argentinamunicipal.com.ar\/argentina\/wp-content\/uploads\/2014\/08\/9cb7486882ea5960f9eb432cfbb7c271_L.jpg\" alt=\"9cb7486882ea5960f9eb432cfbb7c271_L\" width=\"800\" height=\"617\" srcset=\"http:\/\/argentinamunicipal.com.ar\/argentina\/wp-content\/uploads\/2014\/08\/9cb7486882ea5960f9eb432cfbb7c271_L.jpg 800w, http:\/\/argentinamunicipal.com.ar\/argentina\/wp-content\/uploads\/2014\/08\/9cb7486882ea5960f9eb432cfbb7c271_L-300x231.jpg 300w\" sizes=\"auto, (max-width: 800px) 100vw, 800px\" \/><\/a><\/p>\n<p>Randazzo y Martini firman convenio para la construcci\u00f3n de una bicisenda en Bariloche<\/p>\n<p>El Ministro de Interior y Transporte de la Naci\u00f3n Florencio Randazzo y la intendenta de Bariloche Mar\u00eda Eugenia Martini firmaron ayer un convenio para la construcci\u00f3n de 15 km de bicisenda en el \u00e1rea de Circuito Chico, con una inversi\u00f3n de 5,5 millones de pesos, que ser\u00e1n financiados por la Agencia Nacional de Seguridad Vial, dependiente de ese ministerio nacional.<\/p>\n<p>En el acto estuvieron presentes adem\u00e1s el Director de la Agencia Nacional de Seguridad Vial, Felipe Rodr\u00edguez Laguenz, y representantes de la ONG \u201cBicicletas por la Vida\u201d, adem\u00e1s de autoridades nacionales, provinciales y municipales.<\/p>\n<p>La intendenta Martini agradeci\u00f3 al ministro Randazzo el acompa\u00f1amiento en el desarrollo de este proyecto y el apoyo para financiarlo. \u201cEste es un convenio muy importante para nosotros \u2014remarc\u00f3 la jefa comunal\u2014. Esta bicisenda se deline\u00f3 porque era un reclamo de much\u00edsimos a\u00f1os de mucha gente y que se dispara por un hecho tr\u00e1gico, que fue la muerte de Pablo Ramos, esta p\u00e9rdida irreparable que genera \u00abBicicletas por la Vida\u00bb, y genera que hoy tambi\u00e9n podamos entre todos, con el esfuerzo de mucha gente voluntariamente, y con una decisi\u00f3n clara del gobierno nacional, estar confirmando este convenio de 5 millones y medio de pesos para empezar esta etapa\u201d. Y a\u00f1adi\u00f3: \u201cEsta no ser\u00e1 la \u00fanica bicisenda, esto es una etapa, que comprende 15 km en una parte de la ciudad en la que hoy lo podemos llevar adelante, y con la idea de seguir haciendo muchas m\u00e1s bicisendas en distintos lugares de la ciudad\u201d.<\/p>\n<p>Luego de la firma del convenio, Florencio Randazzo felicit\u00f3 a la intendenta \u201cpor todo el esfuerzo que est\u00e1n haciendo en materia de seguridad vial\u201d. \u201cS\u00e9 lo que significa, en una sociedad que muchas veces parece mirar de costado la ley y la norma\u201d, se\u00f1al\u00f3, y destac\u00f3 el hecho de \u201cque una intendenta sin especular decida hacer una pol\u00edtica en seguridad vial, para eso hace falta decisi\u00f3n pol\u00edtica, grandeza, entender que muchas veces hay que tomar decisiones incomprendidas en el momento pero que a la larga se pueden sostener plenamente, y una de ellas es este proyecto\u201d.<\/p>\n<p>Adem\u00e1s, An\u00edbal \u00d6berlander, uno de los integrantes de la organizaci\u00f3n \u201cBicicletas por la Vida\u201d, hizo entrega al ministro nacional de una carpeta que detalla el trabajo que est\u00e1 realizando la entidad en nuestra ciudad. \u201cEstamos para apoyar este momento hist\u00f3rico para Bariloche, que esperemos que sea un puntapi\u00e9 inicial para el resto del pa\u00eds, es no s\u00f3lo inteligente sino necesario trabajar por la seguridad vial\u201d, puntualiz\u00f3, y finaliz\u00f3: \u201cGracias por Pablo y por todos los ciclistas\u201d.<\/p>\n<p>La presentaci\u00f3n, que se realiz\u00f3 en la Sala de Prensa del Palacio Municipal, cont\u00f3 con un video explicativo que detall\u00f3 el proyecto de la bicisenda. Este recorrido deportivo y recreativo, dise\u00f1ado para bicicletas de monta\u00f1a, estar\u00e1 ubicado en el tramo de la Ruta Provincial N\u00ba 77 (Circuito Chico) que une el \u00e1rea de informes del Parque Municipal Llao Llao con el puente del Lago Moreno. El objetivo de esta obra es equipar a la ciudad con un circuito de bicisendas, pensando en la creaci\u00f3n de espacios seguros para la pr\u00e1ctica de este tipo de actividades.<\/p>\n<p>Para esto, el Gobierno Municipal gestion\u00f3 ante el Ministerio de Interior y Transporte de la Naci\u00f3n que conduce Randazzo la construcci\u00f3n de una bicisenda, proyecto que fue trabajado en conjunto con la Agencia Nacional de Seguridad Vial.<\/p>\n<p>El circuito cicl\u00edstico consistir\u00e1 en recorrido de 15 km, que atraviesan los puntos m\u00e1s atractivos de Circuito Chico. Se organizar\u00e1 en 5 tramos mediante estaciones de detenci\u00f3n con d\u00e1rsenas de estacionamiento de bicicletas, equipadas con bancos, cestos y terrazas con miradores. Tambi\u00e9n est\u00e1 prevista la colocaci\u00f3n de carteler\u00eda informativa y preventiva a lo largo de todo el recorrido.<\/p>\n<p>La bicisenda se construir\u00e1 sobre la banquina de la ruta y tendr\u00e1 un ancho de dos metros. Estar\u00e1 separada de la cinta asf\u00e1ltica y se completar\u00e1 con defensas y barandas, cambios de nivel y vegetaci\u00f3n. Para integrarla con el entorno natural, la bicisenda se realizar\u00e1 en tierra compactada sobre una subrasante consolidada de 15 cm de ripio de granulometr\u00eda completa.<\/p>\n<p>El recorrido se complementar\u00e1 con se\u00f1alizaci\u00f3n para el control del tr\u00e1nsito, con la colocaci\u00f3n de reductores de velocidad, tachas reflectivas y pintura termopl\u00e1stica. Se construir\u00e1n adem\u00e1s paradores de Transporte P\u00fablico de Pasajeros.<\/p>\n<h3>Los tramos<\/h3>\n<p>Tramo 1) Desde el Parque Municipal Llao Llao a Lago Escondido. Tramo 2) Desde Lago Escondido a Bah\u00eda L\u00f3pez. Tramo 3) Desde Bah\u00eda L\u00f3pez al acceso a Colonia Suiza. Tramo 4) Desde Colonia Suiza a Punto Panor\u00e1mico. Tramo 5) Desde Punto Panor\u00e1mico a Puente del Lago Moreno.<\/p>\n<h6>Fuente: El Cordillerano<\/h6>\n","protected":false},"excerpt":{"rendered":"<p>Randazzo y Martini firman convenio para la construcci\u00f3n de una bicisenda en Bariloche El Ministro de Interior y Transporte de la Naci\u00f3n Florencio Randazzo y la intendenta de Bariloche Mar\u00eda Eugenia Martini firmaron ayer un convenio para la construcci\u00f3n de 15 km de bicisenda en el \u00e1rea de Circuito Chico, con una inversi\u00f3n de 5,5<\/p>\n","protected":false},"author":2,"featured_media":12601,"comment_status":"closed","ping_status":"closed","sticky":false,"template":"","format":"standard","meta":{"footnotes":""},"categories":[2],"tags":[11],"class_list":["post-12600","post","type-post","status-publish","format-standard","has-post-thumbnail","hentry","category-informe-municipal","tag-rio-negro"],"_links":{"self":[{"href":"http:\/\/argentinamunicipal.com.ar\/argentina\/wp-json\/wp\/v2\/posts\/12600","targetHints":{"allow":["GET"]}}],"collection":[{"href":"http:\/\/argentinamunicipal.com.ar\/argentina\/wp-json\/wp\/v2\/posts"}],"about":[{"href":"http:\/\/argentinamunicipal.com.ar\/argentina\/wp-json\/wp\/v2\/types\/post"}],"author":[{"embeddable":true,"href":"http:\/\/argentinamunicipal.com.ar\/argentina\/wp-json\/wp\/v2\/users\/2"}],"replies":[{"embeddable":true,"href":"http:\/\/argentinamunicipal.com.ar\/argentina\/wp-json\/wp\/v2\/comments?post=12600"}],"version-history":[{"count":0,"href":"http:\/\/argentinamunicipal.com.ar\/argentina\/wp-json\/wp\/v2\/posts\/12600\/revisions"}],"wp:featuredmedia":[{"embeddable":true,"href":"http:\/\/argentinamunicipal.com.ar\/argentina\/wp-json\/wp\/v2\/media\/12601"}],"wp:attachment":[{"href":"http:\/\/argentinamunicipal.com.ar\/argentina\/wp-json\/wp\/v2\/media?parent=12600"}],"wp:term":[{"taxonomy":"category","embeddable":true,"href":"http:\/\/argentinamunicipal.com.ar\/argentina\/wp-json\/wp\/v2\/categories?post=12600"},{"taxonomy":"post_tag","embeddable":true,"href":"http:\/\/argentinamunicipal.com.ar\/argentina\/wp-json\/wp\/v2\/tags?post=12600"}],"curies":[{"name":"wp","href":"https:\/\/api.w.org\/{rel}","templated":true}]}}