{"id":126023,"date":"2022-05-18T05:04:54","date_gmt":"2022-05-18T08:04:54","guid":{"rendered":"http:\/\/argentinamunicipal.com.ar\/argentina\/?p=126023"},"modified":"2022-05-17T19:16:50","modified_gmt":"2022-05-17T22:16:50","slug":"santa-fe-en-dos-meses-y-medio-se-recuperaron-60-toneladas-de-material-para-reciclar","status":"publish","type":"post","link":"http:\/\/argentinamunicipal.com.ar\/argentina\/santa-fe-en-dos-meses-y-medio-se-recuperaron-60-toneladas-de-material-para-reciclar\/","title":{"rendered":"Santa Fe: en dos meses y medio se recuperaron 60 toneladas de material para reciclar"},"content":{"rendered":"<p>Lo reunido de marzo a mayo se dispone para que la asociaci\u00f3n civil Dignidad y Vida Sana pueda clasificar y vender por separado. Este martes en el d\u00eda mundial del reciclado se coloc\u00f3 un dispositivo en plaza Constituyentes.<br \/>\nEntre el material que se recupera en los ecopuntos se destacan pl\u00e1sticos, papeles, cart\u00f3n, vidrio, pero tambi\u00e9n los aparatos el\u00e9ctricos y electr\u00f3nicos en desuso. Foto: Mauricio Gar\u00edn.<\/p>\n<p>Entre marzo, abril y los primeros d\u00edas de mayo se reunieron m\u00e1s de 60.000 kilos de material en los dispositivos de reciclado que coloc\u00f3 el municipio, entre lo recuperado se destacan pl\u00e1sticos, papeles, cart\u00f3n, vidrio, pero tambi\u00e9n los aparatos el\u00e9ctricos y electr\u00f3nicos en desuso.<\/p>\n<p>\u00abLos cinco ecopuntos que se distribuyen en distintos espacios p\u00fablicos de la ciudad, como tambi\u00e9n las campanas, tienen muy buena aceptaci\u00f3n por parte de los vecinos y vecinas de Santa Fe. Los n\u00fameros son contundentes\u00bb, asegur\u00f3 Franco Ponce de Le\u00f3n, secretario de Ambiente y Cambio Clim\u00e1tico, en di\u00e1logo con El Litoral en el marco del D\u00eda Mundial del Reciclaje, que se celebra cada 17 de mayo para concienciar a la poblaci\u00f3n sobre la importancia de tratar los residuos como corresponden para proteger el medio ambiente.<\/p>\n<p>En plaza Constituyentes hasta donde lleg\u00f3 este martes el \u00abecopunto m\u00f3vil\u00bb, el funcionario destac\u00f3 que el circuito virtuoso para la recuperaci\u00f3n final del material llega a la asociaci\u00f3n civil Dignidad y Vida Sana que trabaja en la planta del Complejo Ambiental (relleno sanitario).<\/p>\n<p><strong>\u00bfC\u00f3mo llega a los recicladores?<\/strong><br \/>\nUno de los reclamos que hicieron p\u00fablico los trabajadores en las \u00faltimas semanas fue que el material que gran parte del material que recib\u00edan llegaba mezclado y un poco porcentaje era el que pod\u00eda continuar esta econom\u00eda circular. Ponce de Le\u00f3n opin\u00f3 que \u00abes muy importante que el material llegue de la mejor calidad posible, para que luego puedan comercializarlo. Cuando llega de forma h\u00fameda se complejiza el trabajo, por eso insistimos para que los vecinos realicen la separaci\u00f3n en origen y son importantes estas actividades de concientizaci\u00f3n\u00bb.<\/p>\n<p>Este medio public\u00f3 en notas recientes sobre las dificultades con las que se encuentran los vecinos de la ciudad para poder cumplir con su rol ambiental. Si bien los dispositivos est\u00e1n distribuidos en puntos estrat\u00e9gicos de la ciudad, no todos los vecinos se toman el tiempo de llevar su material hasta cada ecopunto o \u00abcampana\u00bb.<\/p>\n<p>Al consultar al secretario de Ambiente si los dispositivos para reunir material reciclado llegaron para sustituir la recolecci\u00f3n diferencial -que poco \u00e9xito tiene hace bastante tiempo, seg\u00fan afirman desde Dignidad y Vida Sana-, indic\u00f3: \u00abSe deben hacer las dos cosas. Desde el municipio vamos a seguir generando distintos tipos de acciones, trabajar fuertemente en lo que refiere al reciclado y separaci\u00f3n en origen, pero tambi\u00e9n estas acciones individuales que tienen un gran mensaje de cuidado a la sociedad\u00bb.<\/p>\n<p><strong>Pedido a la ciudadan\u00eda<\/strong><br \/>\nMaricel Ortega, recicladora de Dignidad y Vida Sana, se refiri\u00f3 a esta fecha que sirve para concientizar a la poblaci\u00f3n sobre la importancia del reciclado: \u00abLes pedimos a los vecinos en este d\u00eda que nos homenajeen reciclando\u00bb, y destac\u00f3 que \u00abal reciclar no solamente cuidan el medio ambiente sino que le dan m\u00e1s vida a las familias que trabajamos en el relleno sanitario\u00bb.<\/p>\n<p>Al ser consultada sobre las dificultades que se les presentan a los trabajadores de la planta al tener que intentar recuperar material seco que llega mezclado al h\u00famedo, Ortega coment\u00f3 que \u00absi bien es cierto que aument\u00f3 el volumen que llega para reciclar, se podr\u00eda estar much\u00edsimo mejor si el vecino toma conciencia y puede separar de mejor manera\u00bb.<\/p>\n<h6>Fuente: El Litoral<\/h6>\n","protected":false},"excerpt":{"rendered":"<p>Lo reunido de marzo a mayo se dispone para que la asociaci\u00f3n civil Dignidad y Vida Sana pueda clasificar y vender por separado.<\/p>\n","protected":false},"author":2,"featured_media":126024,"comment_status":"closed","ping_status":"closed","sticky":false,"template":"","format":"standard","meta":{"footnotes":""},"categories":[2],"tags":[10],"class_list":["post-126023","post","type-post","status-publish","format-standard","has-post-thumbnail","hentry","category-informe-municipal","tag-santa-fe"],"_links":{"self":[{"href":"http:\/\/argentinamunicipal.com.ar\/argentina\/wp-json\/wp\/v2\/posts\/126023","targetHints":{"allow":["GET"]}}],"collection":[{"href":"http:\/\/argentinamunicipal.com.ar\/argentina\/wp-json\/wp\/v2\/posts"}],"about":[{"href":"http:\/\/argentinamunicipal.com.ar\/argentina\/wp-json\/wp\/v2\/types\/post"}],"author":[{"embeddable":true,"href":"http:\/\/argentinamunicipal.com.ar\/argentina\/wp-json\/wp\/v2\/users\/2"}],"replies":[{"embeddable":true,"href":"http:\/\/argentinamunicipal.com.ar\/argentina\/wp-json\/wp\/v2\/comments?post=126023"}],"version-history":[{"count":0,"href":"http:\/\/argentinamunicipal.com.ar\/argentina\/wp-json\/wp\/v2\/posts\/126023\/revisions"}],"wp:featuredmedia":[{"embeddable":true,"href":"http:\/\/argentinamunicipal.com.ar\/argentina\/wp-json\/wp\/v2\/media\/126024"}],"wp:attachment":[{"href":"http:\/\/argentinamunicipal.com.ar\/argentina\/wp-json\/wp\/v2\/media?parent=126023"}],"wp:term":[{"taxonomy":"category","embeddable":true,"href":"http:\/\/argentinamunicipal.com.ar\/argentina\/wp-json\/wp\/v2\/categories?post=126023"},{"taxonomy":"post_tag","embeddable":true,"href":"http:\/\/argentinamunicipal.com.ar\/argentina\/wp-json\/wp\/v2\/tags?post=126023"}],"curies":[{"name":"wp","href":"https:\/\/api.w.org\/{rel}","templated":true}]}}