{"id":126026,"date":"2022-05-17T19:19:20","date_gmt":"2022-05-17T22:19:20","guid":{"rendered":"http:\/\/argentinamunicipal.com.ar\/argentina\/?p=126026"},"modified":"2022-05-17T19:19:20","modified_gmt":"2022-05-17T22:19:20","slug":"paro-de-colectivos-para-la-provincia-de-santa-fe-la-solucion-es-nacional-y-pidio-escuchar-el-clamor-del-interior","status":"publish","type":"post","link":"http:\/\/argentinamunicipal.com.ar\/argentina\/paro-de-colectivos-para-la-provincia-de-santa-fe-la-solucion-es-nacional-y-pidio-escuchar-el-clamor-del-interior\/","title":{"rendered":"Paro de colectivos: para la provincia de Santa Fe, la soluci\u00f3n es nacional y pidi\u00f3 escuchar \u00abel clamor del interior\u00bb"},"content":{"rendered":"<p>Este martes el secretario de Transporte provincial, Osvaldo Miatello, volvi\u00f3 a pedir por un reparto igualitario de subsidios para destrabar el conflicto.<\/p>\n<p>Un nuevo paro en el transporte urbano de pasajeros vuelve a poner sobre la mesa el serio inconveniente que enfrenta el interior del pa\u00eds para garantizar el servicio, algo que no ocurre en el Amba (Ciudad Aut\u00f3noma de Buenos Aires); donde los choferes ya cerraron un acuerdo paritario del 50 por ciento; porcentaje que exigen los trabajadores del interior y que origina el conflicto.<br \/>\nFrente al panorama desolador, el secretario de Transporte provincial, Osvaldo Miatello, manifest\u00f3 que las respuestas ante el conflicto deben llegar \u201cdesde el gobierno nacional\u201d y que tiene que escucharse \u201cel clamor del interior\u201d por la desigualdad en el reparto de recursos entre el AMBA y el resto del pa\u00eds.<\/p>\n<p>En este sentido, el funcionario del gobierno de Omar Perotti compar\u00f3 que un colectivo en el AMBA recibe \u201centre cuatro y cinco veces m\u00e1s subsidios\u201d que uno del interior y asegur\u00f3 que en esa desigualdad radica el problema.<\/p>\n<p>Las diferencias en el valor del boleto tambi\u00e9n son notorias:\u00a0en Buenos Aires el m\u00ednimo es de 18 pesos y en Santa Fe de 59,35. \u201cY con posibilidades de que tenga que aumentarse con esta crisis\u201d, advirti\u00f3 este martes en declaraciones a \u00abEl Tres\u00bb de Rosario.<\/p>\n<p>A su vez, Miatello expres\u00f3 cierto optimismo a partir de la posibilidad de un reclamo conjunto entre todas las provincias afectadas por la desigualdad en el reparto de\u00a0subsidios\u00a0para el transporte: \u201cEs la primera vez que noto que todos los gobernadores, m\u00e1s all\u00e1 del color pol\u00edtico, y a todos los secretarios de transporte teniendo coincidencias en que ese es el problema\u201d.<\/p>\n<p>\u201cHay un clamor del interior de\u00a0dejar de tratar al AMBA como un pa\u00eds y al resto como otro pa\u00eds, ciudadanos de primera y ciudadanos de segunda\u201d, agreg\u00f3.<\/p>\n<p>Para el secretario de Transporte provincial el que debe tomar cartas en el asunto para resolver el conflicto \u201ces el gobierno nacional\u201d y tambi\u00e9n se\u00f1al\u00f3 que\u00a0hay tres proyectos en el Congreso Nacional para que la distribuci\u00f3n de recursos se fije por ley, una alternativa que puede contribuir a solucionar el problema.<\/p>\n<h6>Fuente: El Litoral<\/h6>\n","protected":false},"excerpt":{"rendered":"<p>Este martes el secretario de Transporte provincial, Osvaldo Miatello, volvi\u00f3 a pedir por un reparto igualitario de subsidios para destrabar el conflicto.<\/p>\n","protected":false},"author":2,"featured_media":126027,"comment_status":"closed","ping_status":"closed","sticky":false,"template":"","format":"standard","meta":{"footnotes":""},"categories":[4],"tags":[10],"class_list":["post-126026","post","type-post","status-publish","format-standard","has-post-thumbnail","hentry","category-informe-politico","tag-santa-fe"],"_links":{"self":[{"href":"http:\/\/argentinamunicipal.com.ar\/argentina\/wp-json\/wp\/v2\/posts\/126026","targetHints":{"allow":["GET"]}}],"collection":[{"href":"http:\/\/argentinamunicipal.com.ar\/argentina\/wp-json\/wp\/v2\/posts"}],"about":[{"href":"http:\/\/argentinamunicipal.com.ar\/argentina\/wp-json\/wp\/v2\/types\/post"}],"author":[{"embeddable":true,"href":"http:\/\/argentinamunicipal.com.ar\/argentina\/wp-json\/wp\/v2\/users\/2"}],"replies":[{"embeddable":true,"href":"http:\/\/argentinamunicipal.com.ar\/argentina\/wp-json\/wp\/v2\/comments?post=126026"}],"version-history":[{"count":0,"href":"http:\/\/argentinamunicipal.com.ar\/argentina\/wp-json\/wp\/v2\/posts\/126026\/revisions"}],"wp:featuredmedia":[{"embeddable":true,"href":"http:\/\/argentinamunicipal.com.ar\/argentina\/wp-json\/wp\/v2\/media\/126027"}],"wp:attachment":[{"href":"http:\/\/argentinamunicipal.com.ar\/argentina\/wp-json\/wp\/v2\/media?parent=126026"}],"wp:term":[{"taxonomy":"category","embeddable":true,"href":"http:\/\/argentinamunicipal.com.ar\/argentina\/wp-json\/wp\/v2\/categories?post=126026"},{"taxonomy":"post_tag","embeddable":true,"href":"http:\/\/argentinamunicipal.com.ar\/argentina\/wp-json\/wp\/v2\/tags?post=126026"}],"curies":[{"name":"wp","href":"https:\/\/api.w.org\/{rel}","templated":true}]}}