{"id":126070,"date":"2022-05-18T19:39:50","date_gmt":"2022-05-18T22:39:50","guid":{"rendered":"http:\/\/argentinamunicipal.com.ar\/argentina\/?p=126070"},"modified":"2022-05-18T19:39:50","modified_gmt":"2022-05-18T22:39:50","slug":"empresarios-santafesinos-aseguran-que-nacion-pondra-la-plata-para-levantar-el-paro-de-colectivos","status":"publish","type":"post","link":"http:\/\/argentinamunicipal.com.ar\/argentina\/empresarios-santafesinos-aseguran-que-nacion-pondra-la-plata-para-levantar-el-paro-de-colectivos\/","title":{"rendered":"Empresarios santafesinos aseguran que Naci\u00f3n pondr\u00e1 la plata para levantar el paro de colectivos"},"content":{"rendered":"<p>Este mi\u00e9rcoles se firmar\u00eda el convenio para destrabar el conflicto. Naci\u00f3n aportar\u00eda $3.500 millones y se levantar\u00eda el paro previsto para jueves y viernes<\/p>\n<p>El presidente de la Federaci\u00f3n Argentina de Transportadores por Automotor de Pasajeros (Fatap), Gerardo Ingaramo, asegur\u00f3 que Naci\u00f3n pondr\u00e1 $3.500 millones para destrabar el conflicto del\u00a0transporte\u00a0p\u00fablico de pasajeros en el interior del pa\u00eds. De esa manera quedar\u00eda sin efecto el\u00a0paro\u00a0previsto para este jueves y viernes y el servicio se normalizar\u00eda \u2013este mi\u00e9rcoles se prest\u00f3 de manera excepcional por el Censo\u2013 a partir de las cero horas de este jueves.<br \/>\nIngaramo confirm\u00f3 que la reuni\u00f3n celebrada este martes por la tarde en la ciudad de Buenos Aires fue positiva y se avanz\u00f3 para llegar a un acuerdo. \u201cHabr\u00e1 colectivos porque ayer tuvimos una reuni\u00f3n con la sede de UTA, en la que participaron los intendentes de C\u00f3rdoba, Mart\u00edn Llaryora; de Rosario, Pablo Javkin, funcionarios de Transporte de Naci\u00f3n y del Comit\u00e9 Federal del Transporte (Cofetra).\u00a0Hubo un compromiso formal de Naci\u00f3n de garantizar $3.500 millones, no van a poner un peso m\u00e1s\u201d, se\u00f1al\u00f3 el representante de Fatap en di\u00e1logo con LT8 de Rosario.<br \/>\nPor otra parte, el empresario dijo que en una reuni\u00f3n que se realizar\u00e1 esta misma tarde con los representantes de UTA para \u201cdiscutir de qu\u00e9 forma se instrumenta el levantamiento del paro\u00bb, y a\u00f1adi\u00f3:\u00a0\u00abCreo que vamos a llegar a buen puerto porque hay buena predisposici\u00f3n de ambas partes.\u00a0Si est\u00e1 todo ok ma\u00f1ana habr\u00e1 transporte. No habr\u00e1 medida fuerza para hay entendimiento entre Fatap y UTA, pero tambi\u00e9n necesitamos del apoyo de los gobiernos provinciales y municipales para lograr una ley federal de transporte\u201d.<\/p>\n<p>\u201cEse es el compromiso que asumimos todos los funcionarios presentes en la reuni\u00f3n de ayer. Si seguimos con el reparto desigual de\u00a0subsidios, la diferencia entre Buenos Aires y el interior es abismal. Tenemos hacer un cambio, porque de lo contrario el transporte del interior va a desaparecer\u201d, afirm\u00f3 Ingaramo.<\/p>\n<p>El debate por los subsidios<br \/>\nIngaramo cont\u00f3 que la semana pasada\u00a0hubo una reuni\u00f3n con 20 diputados a los que se les expuso el problema de los subsidios y la necesidad de crear una ley federal de transporte.\u00a0\u00abCreemos que la comisi\u00f3n de Transporte de la C\u00e1mara impulsar\u00e1 esta iniciativa. Tambi\u00e9n hay un proyecto en el Senado. Vamos a llegar a algo, porque el compromiso no puede quedar en la nada.\u00a0No es que ma\u00f1ana se levanta el paro y no pasa m\u00e1s nada. Debe haber un compromiso para cambiar esta situaci\u00f3n, porque caso contrario el transporte no puede funcionar\u00bb, a\u00f1adi\u00f3.<\/p>\n<p>\u201cEl problema del transporte se resolver\u00e1 si logramos en 30 \u00f3 40 d\u00edas una soluci\u00f3n de fondo sobre los subsidios nacionales\u201d,\u00a0afirm\u00f3 este mi\u00e9rcoles el intendente Pablo Javkin. Y ese remedio ser\u00eda la sanci\u00f3n de una ley federal de transporte que termine con las asimetr\u00edas en la distribuci\u00f3n de subsidios que realiza el gobierno nacional, que favorece al Gran Buenos Aires y golpea seriamente a todas las provincias.<\/p>\n<p>Javkin se refiri\u00f3 con esas palabras al conflicto que este martes dej\u00f3 sin colectivos a Rosario y a otras ciudades del pa\u00eds, y que por la tarde ingres\u00f3 en una etapa de soluci\u00f3n, al menos provisoria. La UTA hab\u00eda decretado un paro por 72 horas que hab\u00eda comenzado ayer, pero que preve\u00eda una excepci\u00f3n para hoy por la realizaci\u00f3n del Censo 2022. Pero las negociaciones del martes a la tarde avanzaron y se lleg\u00f3 a un acuerdo entre trabajadores y las empresas que ser\u00e1 refrendado en las pr\u00f3ximas.<\/p>\n<p>En declaraciones a LT8, el intendente de Rosario se mostr\u00f3 confiado que el servicio se pueda prestar con normalidad este jueves, pero a la vez volvi\u00f3 a remarcar que la madre de todos los problemas es la pol\u00edtica de distribuci\u00f3n de subsidios que realiza el gobierno nacional en detrimento de las provincias.<\/p>\n<h6>Fuente: Uno<\/h6>\n","protected":false},"excerpt":{"rendered":"<p>Este mi\u00e9rcoles se firmar\u00eda el convenio para destrabar el conflicto. Naci\u00f3n aportar\u00eda $3.500 millones y se levantar\u00eda el paro previsto para jueves y viernes<\/p>\n","protected":false},"author":2,"featured_media":126071,"comment_status":"closed","ping_status":"closed","sticky":false,"template":"","format":"standard","meta":{"footnotes":""},"categories":[4],"tags":[10],"class_list":["post-126070","post","type-post","status-publish","format-standard","has-post-thumbnail","hentry","category-informe-politico","tag-santa-fe"],"_links":{"self":[{"href":"http:\/\/argentinamunicipal.com.ar\/argentina\/wp-json\/wp\/v2\/posts\/126070","targetHints":{"allow":["GET"]}}],"collection":[{"href":"http:\/\/argentinamunicipal.com.ar\/argentina\/wp-json\/wp\/v2\/posts"}],"about":[{"href":"http:\/\/argentinamunicipal.com.ar\/argentina\/wp-json\/wp\/v2\/types\/post"}],"author":[{"embeddable":true,"href":"http:\/\/argentinamunicipal.com.ar\/argentina\/wp-json\/wp\/v2\/users\/2"}],"replies":[{"embeddable":true,"href":"http:\/\/argentinamunicipal.com.ar\/argentina\/wp-json\/wp\/v2\/comments?post=126070"}],"version-history":[{"count":0,"href":"http:\/\/argentinamunicipal.com.ar\/argentina\/wp-json\/wp\/v2\/posts\/126070\/revisions"}],"wp:featuredmedia":[{"embeddable":true,"href":"http:\/\/argentinamunicipal.com.ar\/argentina\/wp-json\/wp\/v2\/media\/126071"}],"wp:attachment":[{"href":"http:\/\/argentinamunicipal.com.ar\/argentina\/wp-json\/wp\/v2\/media?parent=126070"}],"wp:term":[{"taxonomy":"category","embeddable":true,"href":"http:\/\/argentinamunicipal.com.ar\/argentina\/wp-json\/wp\/v2\/categories?post=126070"},{"taxonomy":"post_tag","embeddable":true,"href":"http:\/\/argentinamunicipal.com.ar\/argentina\/wp-json\/wp\/v2\/tags?post=126070"}],"curies":[{"name":"wp","href":"https:\/\/api.w.org\/{rel}","templated":true}]}}