{"id":126152,"date":"2022-05-23T05:17:07","date_gmt":"2022-05-23T08:17:07","guid":{"rendered":"http:\/\/argentinamunicipal.com.ar\/argentina\/?p=126152"},"modified":"2022-05-20T06:19:33","modified_gmt":"2022-05-20T09:19:33","slug":"reciclar-una-de-las-grandes-claves-para-migrar-de-una-economia-lineal-a-una-circular","status":"publish","type":"post","link":"http:\/\/argentinamunicipal.com.ar\/argentina\/reciclar-una-de-las-grandes-claves-para-migrar-de-una-economia-lineal-a-una-circular\/","title":{"rendered":"Reciclar: una de las grandes claves para migrar de una econom\u00eda lineal a una circular"},"content":{"rendered":"<p>El 17 de mayo se celebro el D\u00eda Mundial del Reciclaje establecido por la Unesco desde el a\u00f1o 2005. La finalidad es constituir el reciclaje como un h\u00e1bito b\u00e1sico en todas las sociedades y deconstruir ciertos modelos de consumo que extraen violentamente los recursos naturales como su materia prima. Al respecto opin\u00f3 para T\u00e9lam Maite Durietz, Lic. en gerenciamiento ambiental, especialista en sustentabilidad y consultora B (@unaovejaverde).<\/p>\n<p>Reciclar es una de las grandes claves para migrar de una econom\u00eda lineal a una econom\u00eda circular, con estilos de vida y modelos de negocios m\u00e1s sostenibles y respetuosos con los tiempos de la naturaleza. Para muchos la separaci\u00f3n y la gesti\u00f3n de los reciclables sigue siendo algo totalmente nuevo. Muchas de sus etapas nos resultan un misterio, y en base a ese desconocimiento surgen los mitos sobre el reciclaje.<\/p>\n<p>1) No vale la pena separar, todo termina junto:<\/p>\n<p>\u00a1Falso! Cuando contamos con un sistema de recolecci\u00f3n diferenciada, los materiales que uno deposita en el contenedor de reciclables llegan a un centro de clasificaci\u00f3n, ya sea privado o una cooperativa. En estos centros se separa manualmente a cada material por categor\u00eda. Podemos tener m\u00e1s de 30 tipos de clasificaci\u00f3n, por tipo de material o caracter\u00edsticas como el color. En el caso de las localidades que no cuentan con un sistema de recolecci\u00f3n diferenciada, seguramente podamos encontrar cooperativas o cartoneros a los que podamos entregarles todos estos materiales. Si depositamos todo junto en un mismo lugar, le quitamos la posibilidad de tener otra vida a los materiales.<\/p>\n<p>2) Los productos reciclados son de menor calidad:<\/p>\n<p>Es relativo. Cuando hablamos de materiales como el papel o el pl\u00e1stico, tenemos un l\u00edmite en la cantidad de veces que podemos reciclarlos porque justamente el producto obtenido del proceso de reciclaje no es de la misma calidad que el anterior o requiere de cada vez m\u00e1s materia prima virgen para que pueda reciclarse.<\/p>\n<p>Sin embargo, otros materiales como el vidrio o los metales, pueden reciclarse de manera casi infinita y sin perder sus propiedades.<\/p>\n<p>Por otro lado, a veces recuperamos materiales para usarlos en un fin distinto al original, para el que fueron extra\u00eddos en primera instancia. Podemos transformar botellas de pl\u00e1stico PET, las t\u00edpicas de gaseosa, en envases de pl\u00e1stico soplado, aquellos envases opacos y resistentes como el bid\u00f3n de lavandina.<\/p>\n<p>3) Lavar los reciclables genera un desperdicio enorme de agua:<\/p>\n<p>Es cierto que el reciclaje no es la soluci\u00f3n a todos los problemas con los residuos. Los procesos de reciclaje generan un gasto energ\u00e9tico, de agua y de otros recursos que tiene un impacto negativo en el entorno. Sin embargo, cuando ponemos en la balanza el impacto de generar un producto desde cero (en t\u00e9rminos ambientales, sociales y econ\u00f3micos) y el impacto que produce la obtenci\u00f3n de ese mismo producto pero hecho con materiales reciclados, siempre llegamos a la misma conclusi\u00f3n: reciclado genera un menor impacto.<\/p>\n<p>4) Todos los reciclables que se separan, se reciclan.<\/p>\n<p>No todo lo que depositamos en el contenedor de reciclables va a ser reciclado. En primera instancia, tenemos que aprender a separar los residuos de manera correcta. Si separo una caja de cart\u00f3n 100% reciclable llena de grasa o aceite en el tacho verde, por m\u00e1s que llegue al centro de clasificaci\u00f3n, no va a reciclarse, porque no est\u00e1 en condiciones. Muchas veces ponemos a reciclar \u00abpor las dudas\u00bb. La intenci\u00f3n es buena, pero puede ser contraproducente. Esa caja viaj\u00f3 a un centro de clasificaci\u00f3n, generando gases de efecto invernadero (GEI) por el transporte y posiblemente contaminando otros materiales en el camino. Lleg\u00f3 y fue clasificada como descarte o \u00abrechazo\u00bb, por no poder ser reciclada, sac\u00e1ndole tiempo a los trabajadores, ocupando espacio e implicando el uso de nuevas bolsas para ser trasladada otra vez. Finalmente, se lleva a un relleno sanitario, en el mejor de los casos, o a un basural, generando en el proceso m\u00e1s GEI.<\/p>\n<p>5) Si en mi municipio no hay recolecci\u00f3n formal, no puedo reciclar<\/p>\n<p>En estos casos podemos acudir a cooperativas donde podamos llevar nuestros reciclables o que los pasen a buscar. Tambi\u00e9n podemos entablar relaci\u00f3n con alg\u00fan cartonero o recuperador urbano de la zona para que cada tanto se lleve nuestros reciclables, aunque sea algunas categor\u00edas, como el cart\u00f3n y el aluminio, que son f\u00e1ciles de vender en la industria.<\/p>\n<p>Por Maite Durietz, Lic. en gerenciamiento ambiental, especialista en sustentabilidad y consultora B (@unaovejaverde).<\/p>\n<h6>Fuente: Telam<\/h6>\n","protected":false},"excerpt":{"rendered":"<p>El 17 de mayo se celebro el D\u00eda Mundial del Reciclaje establecido por la Unesco desde el a\u00f1o 2005. La finalidad es constituir el reciclaje como un h\u00e1bito b\u00e1sico en todas las sociedades y deconstruir ciertos modelos de consumo<\/p>\n","protected":false},"author":2,"featured_media":126153,"comment_status":"closed","ping_status":"closed","sticky":false,"template":"","format":"standard","meta":{"footnotes":""},"categories":[6],"tags":[21],"class_list":["post-126152","post","type-post","status-publish","format-standard","has-post-thumbnail","hentry","category-opiniones","tag-argentina"],"_links":{"self":[{"href":"http:\/\/argentinamunicipal.com.ar\/argentina\/wp-json\/wp\/v2\/posts\/126152","targetHints":{"allow":["GET"]}}],"collection":[{"href":"http:\/\/argentinamunicipal.com.ar\/argentina\/wp-json\/wp\/v2\/posts"}],"about":[{"href":"http:\/\/argentinamunicipal.com.ar\/argentina\/wp-json\/wp\/v2\/types\/post"}],"author":[{"embeddable":true,"href":"http:\/\/argentinamunicipal.com.ar\/argentina\/wp-json\/wp\/v2\/users\/2"}],"replies":[{"embeddable":true,"href":"http:\/\/argentinamunicipal.com.ar\/argentina\/wp-json\/wp\/v2\/comments?post=126152"}],"version-history":[{"count":0,"href":"http:\/\/argentinamunicipal.com.ar\/argentina\/wp-json\/wp\/v2\/posts\/126152\/revisions"}],"wp:featuredmedia":[{"embeddable":true,"href":"http:\/\/argentinamunicipal.com.ar\/argentina\/wp-json\/wp\/v2\/media\/126153"}],"wp:attachment":[{"href":"http:\/\/argentinamunicipal.com.ar\/argentina\/wp-json\/wp\/v2\/media?parent=126152"}],"wp:term":[{"taxonomy":"category","embeddable":true,"href":"http:\/\/argentinamunicipal.com.ar\/argentina\/wp-json\/wp\/v2\/categories?post=126152"},{"taxonomy":"post_tag","embeddable":true,"href":"http:\/\/argentinamunicipal.com.ar\/argentina\/wp-json\/wp\/v2\/tags?post=126152"}],"curies":[{"name":"wp","href":"https:\/\/api.w.org\/{rel}","templated":true}]}}