{"id":12656,"date":"2014-08-04T08:00:19","date_gmt":"2014-08-04T11:00:19","guid":{"rendered":"http:\/\/argentinamunicipal.com.ar\/argentina\/?p=12656"},"modified":"2014-08-04T10:32:00","modified_gmt":"2014-08-04T13:32:00","slug":"municipales-de-regina-cortaran-la-ruta-22","status":"publish","type":"post","link":"http:\/\/argentinamunicipal.com.ar\/argentina\/municipales-de-regina-cortaran-la-ruta-22\/","title":{"rendered":"Municipales de Regina cortar\u00e1n la ruta 22"},"content":{"rendered":"<p><a href=\"http:\/\/argentinamunicipal.com.ar\/argentina\/wp-content\/uploads\/2014\/08\/imagen.jpg\"><img loading=\"lazy\" decoding=\"async\" class=\"alignleft size-full wp-image-12657\" src=\"http:\/\/argentinamunicipal.com.ar\/argentina\/wp-content\/uploads\/2014\/08\/imagen.jpg\" alt=\"REGINA-ATE TOMA DE MUNICIPIO Y ENFRETAMIENTO CON POLICIAS NESTOR SALA\" width=\"400\" height=\"268\" srcset=\"http:\/\/argentinamunicipal.com.ar\/argentina\/wp-content\/uploads\/2014\/08\/imagen.jpg 400w, http:\/\/argentinamunicipal.com.ar\/argentina\/wp-content\/uploads\/2014\/08\/imagen-300x201.jpg 300w\" sizes=\"auto, (max-width: 400px) 100vw, 400px\" \/><\/a>Los trabajadores municipales de la ciudad de Villa Regina sindicalizados en la Asociaci\u00f3n Trabajadores del Estado (ATE) resolvieron cortar la Ruta 22 en uno de los accesos a la ciudad, a partir de las 10 horas durante la jornada de hoy.<\/p>\n<p>Desde ATE le pidieron al Intendente Albrieu que cumpla con la conciliaci\u00f3n obligatoria dictada por la Secretar\u00eda de Trabajo y reincorpore a los trabajadores que fueron ilegalmente despedidos.<\/p>\n<p>Adem\u00e1s, desde el sindicato \u200ereclaman un inmediato aumento salarial para todos los empleados que permita hacer frente al grave deterioro en los ingresos de los empleados municipales de localidad, la entrega inmediata de indumentaria de trabajo, el pase a planta permanente de todos los trabajadores contratados y el fin de la violencia laboral en distintas \u00e1reas.<\/p>\n<p>La Municipalidad de Villa Regina comenz\u00f3 a ver alterado su normal funcionamiento \u200ea partir de los fuertes reclamos que por sus derechos comenzaron a realizar los trabajadores durante el \u00faltimo a\u00f1o y las persecuciones iniciadas por el Intendente Albrieu, realizadas con el objetivo de no dar respuestas a las necesidades de aumentar los ingresos y blanquear a numerosos trabajadores que hoy se encuentran totalmente en negro, sin tener aportes jubilatorios, adem\u00e1s de no contar con obra social.<\/p>\n<p>\u201cEn la Municipalidad de Villa Regina se incumplen todas las normas y vamos a seguir reclamando porque es uno de los peores empleadores de la provincia. En ninguna otra comuna los trabajadores est\u00e1n tan mal como ac\u00e1\u201d. Sostuvo al respecto Rosa \u00d1anco, Secretaria General de la Seccional Alto Valle Este de ATE.<\/p>\n<p>Por su parte Rodolfo Aguiar, Secretario General de ATE R\u00edo Negro, manifest\u00f3: \u201c\u200eLa incapacidad de gesti\u00f3n del Intendente Albrieu asombra. La Municipalidad ha experimentado un fuerte retroceso en los dos \u00faltimos a\u00f1os. Se ha perjudicado a los trabajadores, ya que en todos los casos se encuentran percibiendo salarios por debajo del m\u00ednimo vital y m\u00f3vil y no se les realiza los aportes jubilatorios, pero tambi\u00e9n a todos los vecinos, porque los servicios p\u00fablicos que brinda la comuna han bajado en su calidad y eficiencia\u201d y agreg\u00f3: \u201cEsperamos que el poder ejecutivo local abra una instancia de di\u00e1logo que nos permita descomprimir este conflicto\u201d.<\/p>\n<h6>Fuente: ADN R\u00edo Negro<\/h6>\n","protected":false},"excerpt":{"rendered":"<p>Los trabajadores municipales de la ciudad de Villa Regina sindicalizados en la Asociaci\u00f3n Trabajadores del Estado (ATE) resolvieron cortar la Ruta 22 en uno de los accesos a la ciudad, a partir de las 10 horas durante la jornada de hoy. Desde ATE le pidieron al Intendente Albrieu que cumpla con la conciliaci\u00f3n obligatoria dictada<\/p>\n","protected":false},"author":2,"featured_media":12657,"comment_status":"closed","ping_status":"closed","sticky":false,"template":"","format":"standard","meta":{"footnotes":""},"categories":[7],"tags":[11],"class_list":["post-12656","post","type-post","status-publish","format-standard","has-post-thumbnail","hentry","category-informe-sindical","tag-rio-negro"],"_links":{"self":[{"href":"http:\/\/argentinamunicipal.com.ar\/argentina\/wp-json\/wp\/v2\/posts\/12656","targetHints":{"allow":["GET"]}}],"collection":[{"href":"http:\/\/argentinamunicipal.com.ar\/argentina\/wp-json\/wp\/v2\/posts"}],"about":[{"href":"http:\/\/argentinamunicipal.com.ar\/argentina\/wp-json\/wp\/v2\/types\/post"}],"author":[{"embeddable":true,"href":"http:\/\/argentinamunicipal.com.ar\/argentina\/wp-json\/wp\/v2\/users\/2"}],"replies":[{"embeddable":true,"href":"http:\/\/argentinamunicipal.com.ar\/argentina\/wp-json\/wp\/v2\/comments?post=12656"}],"version-history":[{"count":0,"href":"http:\/\/argentinamunicipal.com.ar\/argentina\/wp-json\/wp\/v2\/posts\/12656\/revisions"}],"wp:featuredmedia":[{"embeddable":true,"href":"http:\/\/argentinamunicipal.com.ar\/argentina\/wp-json\/wp\/v2\/media\/12657"}],"wp:attachment":[{"href":"http:\/\/argentinamunicipal.com.ar\/argentina\/wp-json\/wp\/v2\/media?parent=12656"}],"wp:term":[{"taxonomy":"category","embeddable":true,"href":"http:\/\/argentinamunicipal.com.ar\/argentina\/wp-json\/wp\/v2\/categories?post=12656"},{"taxonomy":"post_tag","embeddable":true,"href":"http:\/\/argentinamunicipal.com.ar\/argentina\/wp-json\/wp\/v2\/tags?post=12656"}],"curies":[{"name":"wp","href":"https:\/\/api.w.org\/{rel}","templated":true}]}}