{"id":126688,"date":"2022-06-08T05:30:19","date_gmt":"2022-06-08T08:30:19","guid":{"rendered":"http:\/\/argentinamunicipal.com.ar\/argentina\/?p=126688"},"modified":"2022-06-07T19:00:50","modified_gmt":"2022-06-07T22:00:50","slug":"pondran-en-valor-el-sitio-historico-de-la-batalla-de-punta-quebracho","status":"publish","type":"post","link":"http:\/\/argentinamunicipal.com.ar\/argentina\/pondran-en-valor-el-sitio-historico-de-la-batalla-de-punta-quebracho\/","title":{"rendered":"Pondr\u00e1n en valor el sitio hist\u00f3rico de la Batalla de Punta Quebracho"},"content":{"rendered":"<p>Las obras incluir\u00e1n un centro de interpretaci\u00f3n y el emplazamiento de la cruz de quebracho en un balc\u00f3n donde culminar\u00e1 el recorrido por el sitio hist\u00f3rico<\/p>\n<p>El sitio donde se desarroll\u00f3 la Batalla de Punta Quebracho el 4 de junio de 1846, cuando la Confederaci\u00f3n Argentina le asest\u00f3 un duro golpe a la flota anglofrancesa en el marco de la Guerra del Paran\u00e1 en lo que hoy es Puerto San Mart\u00edn, ser\u00e1 puesto en valor. El gobernador Omar Perotti anunci\u00f3 que el 21 de junio se realizar\u00e1 la licitaci\u00f3n de las primeras obras en el sitio conmemorativo recordatorio, con una inversi\u00f3n de 140 millones de pesos, en dos etapas.<\/p>\n<p>\u201cHemos tomado la decisi\u00f3n, como provincia, de seguir acompa\u00f1ando este reconocimiento con la construcci\u00f3n de un centro de interpretaci\u00f3n, que le d\u00e9 m\u00e1s infraestructura al lugar, que nos permita que escuelas y visitantes de todo el pa\u00eds puedan estar, y desde aqu\u00ed, volver atr\u00e1s en los a\u00f1os imaginando esa batalla, pero fundamentalmente teniendo el compromiso futuro de garantizar la soberan\u00eda de los argentinos\u201d, asegur\u00f3 el mandatario santafesino.<\/p>\n<p>Perotti realiz\u00f3 estos anuncios el lunes, durante el\u00a0acto por el 176\u00b0 aniversario de la Batalla de Punta Quebracho, en\u00a0Puerto General San Mart\u00edn.<\/p>\n<p>En su discurso, el gobernador valor\u00f3 el trabajo de vecinas y vecinos por haber \u201csostenido en todo este tiempo, casi en soledad, el reclamo para que la historia nacional recoja y escriba en sus p\u00e1ginas este acontecimiento\u201d.<\/p>\n<p>\u201cSanta Fe nunca fue ajena ni indiferente al r\u00edo\u201d, record\u00f3 Perotti en el acto (que incluy\u00f3 una simulaci\u00f3n de la batalla), y a\u00f1adi\u00f3: \u201cEso marc\u00f3 un antes y un despu\u00e9s en el respeto a la soberan\u00eda y la navegabilidad de nuestros r\u00edos\u201d.<\/p>\n<p>Perotti, Rodenas y De Grandis junto a otros funcionarios. Detr\u00e1s, la cruz de quebracho, \u00fanico testimonio que permanece de la contienda.<\/p>\n<p>Al respecto, indic\u00f3 que \u201cse pudo hacer con coraje, frente a un enemigo superior que quer\u00eda imponer las condiciones y quitar soberan\u00eda. Eso nos tiene que unir a todos detr\u00e1s de este reclamo, de que se inscriba la verdadera historia del r\u00edo Paran\u00e1, que se complete\u00a0incorporando a la Batalla de Punta Quebracho como la que marca este hito central para la soberan\u00eda argentina. Ese ejemplo que nos dieron esos h\u00e9roes, de estar unidos frente a la magnitud de lo que ten\u00edan que enfrentar, es lo que nos tiene que llevar hoy a todos los argentinos a expresarnos en unidad, para defender nuestra soberan\u00eda, que tiene otras formas, pero la misma necesidad de unidad en la defensa\u201d.<\/p>\n<p><strong>El proyecto<\/strong><br \/>\nLos trabajos anunciados por Perotti enmarcan a\u00a0la cruz\u00a0en un\u00a0balc\u00f3n de contemplaci\u00f3n\u00a0en el que culmina un recorrido recordatorio de la campa\u00f1a. El conjunto se completa con un\u00a0centro de interpretaci\u00f3n hist\u00f3rica, sector de gastronom\u00eda, sal\u00f3n de usos m\u00faltiples (SUM) y m\u00f3dulo de servicio, adem\u00e1s de un anfiteatro natural y un muelle en la parte baja de la barranca.<\/p>\n<p>El predio, adem\u00e1s de ser un importante espacio hist\u00f3rico, forma parte de un\u00a0parque recreativo, atractivo por su entorno natural, muy utilizado por los visitantes locales, con lo cual el triple valor hist\u00f3rico, natural y l\u00fadico lo hacen ideal para explotar su potencialidad tur\u00edstica, adem\u00e1s de formar parte del\u00a0corredor hist\u00f3rico del r\u00edo Paran\u00e1 junto al parque hist\u00f3rico natural \u201cVuelta de Obligado\u201d y al Parque de la Gloria en San Lorenzo.<\/p>\n<p>Se propone la construcci\u00f3n de una serie de edificios alineados frente al r\u00edo Paran\u00e1: el centro de interpretaci\u00f3n hist\u00f3rica, con ba\u00f1os p\u00fablicos y la estructura de hormig\u00f3n completa en la primera etapa del sector de gastronom\u00eda, SUM y m\u00f3dulo de servicio.<\/p>\n<p>Tambi\u00e9n, se incorporar\u00e1n sistemas de captaci\u00f3n de energ\u00eda solar para la producci\u00f3n de agua caliente en los n\u00facleos sanitarios, instalando un sistema energ\u00eda auxiliar paralelo, tal como un termotanque y calef\u00f3n, que solo entre en funcionamiento cuando la energ\u00eda solar no pueda abastecer la demanda solicitada.<\/p>\n<p>La iluminaci\u00f3n general estar\u00e1 respaldada por un sistema de paneles solares fotovoltaicos, una estaci\u00f3n solar con un kit fotovoltaico, que aseguren la captaci\u00f3n de la energ\u00eda solar, la acumulaci\u00f3n en bater\u00edas y el uso complementario al servicio de red.<\/p>\n<p>En la segunda etapa de los trabajos se prev\u00e9 el completamiento y equipamiento del sector de gastronom\u00eda, el SUM, y el m\u00f3dulo de servicio, relocalizaci\u00f3n y puesta en valor de la cruz de quebracho, elemento original, representativo y simb\u00f3lico que se encuentra en el sitio. La propuesta adem\u00e1s incluye intervenciones en la barranca, respetando la topograf\u00eda actual. Se crear\u00e1 un anfiteatro frente al r\u00edo, una explanada y un muelle en el frente sur del terreno.<\/p>\n<p>Aprovechando la actual bajada del terreno hacia la ribera, se propone una serie de rampas que permitan el acceso a la parte baja de la barranca, las cuales permitan llegar a una explanada y luego aun muelle sobre el r\u00edo. Los distintos sectores estar\u00e1n conectados a trav\u00e9s de veredas, rampas y explanadas.<\/p>\n<p><strong>La Batalla de Punta Quebracho<\/strong><br \/>\nLa\u00a0Batalla de Punta Quebracho fue librada el 4 de junio de 1846, siete meses despu\u00e9s de la batalla de la\u00a0Vuelta de Obligado\u00a0y cinco meses despu\u00e9s de la\u00a0segunda batalla de San Lorenzo. En el combate la Confederaci\u00f3n Argentina da un golpe hist\u00f3rico a la flota anglofrancesa en su regreso de la campa\u00f1a militar en el marco de la Guerra del Paran\u00e1.<\/p>\n<p>Esto gener\u00f3 el retiro de las flotas anglofrancesas y culmin\u00f3 con el\u00a0reconocimiento de la soberan\u00eda argentina y a sus derechos exclusivos sobre la navegaci\u00f3n de los r\u00edos interiores. Participaron de la misma h\u00e9roes que se enfrentaron a una moderna flota de las potencias enemigas.<\/p>\n<p>El 21\u00a0de abril de 1999 la Ley Nacional 25.088 declar\u00f3 al predio\u00a0\u201cLugar Hist\u00f3rico Nacional\u201d. La\u00a0cruz de quebracho\u00a0contin\u00faa siendo\u00a0el \u00fanico elemento conmemorativo del sitio hist\u00f3rico.<\/p>\n<p>De la actividad participaron tambi\u00e9n el intendente de Puerto General San Mart\u00edn, Carlos De Grandis; la vicegobernadora, Alejandra Rodenas; la ministra de Gobierno, Justicia y Derechos Humanos, Celia Arena; el diputado nacional, Marcos Cleri; el senador provincial, Armando Traferri; la diputada provincial Cesira Arcando, y la directora de la Escuela N\u00b01.360, Sandra Paula\u00edn, entre otras autoridades.<\/p>\n<h6>Fuente: La Capital<\/h6>\n","protected":false},"excerpt":{"rendered":"<p>El sitio donde se desarroll\u00f3 la Batalla de Punta Quebracho el 4 de junio de 1846, cuando la Confederaci\u00f3n Argentina le asest\u00f3 un duro golpe a la flota anglofrancesa en el marco de la Guerra del Paran\u00e1 en lo que hoy es Puerto San Mart\u00edn, ser\u00e1 puesto en valor.<\/p>\n","protected":false},"author":2,"featured_media":126689,"comment_status":"closed","ping_status":"closed","sticky":false,"template":"","format":"standard","meta":{"footnotes":""},"categories":[2],"tags":[10],"class_list":["post-126688","post","type-post","status-publish","format-standard","has-post-thumbnail","hentry","category-informe-municipal","tag-santa-fe"],"_links":{"self":[{"href":"http:\/\/argentinamunicipal.com.ar\/argentina\/wp-json\/wp\/v2\/posts\/126688","targetHints":{"allow":["GET"]}}],"collection":[{"href":"http:\/\/argentinamunicipal.com.ar\/argentina\/wp-json\/wp\/v2\/posts"}],"about":[{"href":"http:\/\/argentinamunicipal.com.ar\/argentina\/wp-json\/wp\/v2\/types\/post"}],"author":[{"embeddable":true,"href":"http:\/\/argentinamunicipal.com.ar\/argentina\/wp-json\/wp\/v2\/users\/2"}],"replies":[{"embeddable":true,"href":"http:\/\/argentinamunicipal.com.ar\/argentina\/wp-json\/wp\/v2\/comments?post=126688"}],"version-history":[{"count":0,"href":"http:\/\/argentinamunicipal.com.ar\/argentina\/wp-json\/wp\/v2\/posts\/126688\/revisions"}],"wp:featuredmedia":[{"embeddable":true,"href":"http:\/\/argentinamunicipal.com.ar\/argentina\/wp-json\/wp\/v2\/media\/126689"}],"wp:attachment":[{"href":"http:\/\/argentinamunicipal.com.ar\/argentina\/wp-json\/wp\/v2\/media?parent=126688"}],"wp:term":[{"taxonomy":"category","embeddable":true,"href":"http:\/\/argentinamunicipal.com.ar\/argentina\/wp-json\/wp\/v2\/categories?post=126688"},{"taxonomy":"post_tag","embeddable":true,"href":"http:\/\/argentinamunicipal.com.ar\/argentina\/wp-json\/wp\/v2\/tags?post=126688"}],"curies":[{"name":"wp","href":"https:\/\/api.w.org\/{rel}","templated":true}]}}