{"id":126691,"date":"2022-06-08T05:01:33","date_gmt":"2022-06-08T08:01:33","guid":{"rendered":"http:\/\/argentinamunicipal.com.ar\/argentina\/?p=126691"},"modified":"2022-06-07T19:06:22","modified_gmt":"2022-06-07T22:06:22","slug":"rosario-la-toma-de-lotes-desnudo-el-drama-de-200-familias","status":"publish","type":"post","link":"http:\/\/argentinamunicipal.com.ar\/argentina\/rosario-la-toma-de-lotes-desnudo-el-drama-de-200-familias\/","title":{"rendered":"Rosario: La toma de lotes desnud\u00f3 el drama de 200 familias"},"content":{"rendered":"<p>Siguen apostadas a la vera del terreno de la zona oeste donde el jueves pasado se produjo un desalojo y hubo incidentes<\/p>\n<p>Las familias que el jueves pasado fueron desalojadas del\u00a0terreno\u00a0de Circunvalaci\u00f3n y Maradona mantienen una olla popular en las inmediaciones del predio a la espera de una nueva reuni\u00f3n con funcionarios de la provincia y el municipio para encaminar el reclamo por la falta de acceso a programas de\u00a0vivienda. Este lunes acercaron a las autoridades de H\u00e1bitat de la provincia un listado con los datos de unas 200 personas, todas sost\u00e9n de hogar con ni\u00f1os a cargo, que viven hacinadas con otros parientes o pagan unos 16 mil pesos para alquilar una habitaci\u00f3n construida en el fondo de alguna casa del barrio.<\/p>\n<p>Desde hace diez a\u00f1os se calcula que en Rosario hay unas 50 mil familias con problemas de vivienda. La cifra se divide en partes iguales entre sectores asalariados de ingresos medios y segmentos de menores recursos que habitan en barrios populares.<\/p>\n<p>La estimaci\u00f3n seguramente haya quedado chica, no s\u00f3lo por el crecimiento de la poblaci\u00f3n sino por la falta de pol\u00edticas p\u00fablicas masivas de acceso a la vivienda desarrolladas en los \u00faltimos a\u00f1os. El dato certero se conocer\u00e1 con precisi\u00f3n cuando empiecen a consolidarse los resultados del \u00faltimo censo.<\/p>\n<p>\u201cEn Rosario el problema no es tanto el acceso a la vivienda sino el acceso al suelo, hay un d\u00e9ficit de acceso al suelo\u201d, advierte el subsecretario de Planificaci\u00f3n de H\u00e1bitat de la provincia, Ignacio Rico. El funcionario explica que el mayor problema que se presenta en la ciudad es que las familias no pueden acceder a terrenos con servicios donde construir sus viviendas.<\/p>\n<p>Hist\u00f3ricamente, dice, \u201cse ve en los barrios creados en la periferia que las casas arrancan siendo de chapa y se transforman en construcciones de material, lo que indica que en los sectores populares la dificultad no es la vivienda, sino el acceso al suelo\u201d.<\/p>\n<p>Para el funcionario, el impedimento para acceder a lotes es el que est\u00e1 detr\u00e1s de las\u00a0tomas\u00a0de terrenos como el que se produjeron hace nueve d\u00edas en el extremo oeste rosarino. \u201cDesde la provincia estamos tratando de resolver ese problema tomando en cuenta el respeto de la propiedad privada, el derecho del due\u00f1o de la tierra y la realidad de las familias que est\u00e1n viviendo hacinadas. No siempre se contradicen\u201d, afirma.<\/p>\n<p><strong>Una tregua<\/strong><br \/>\nLos vecinos que hace diez d\u00edas comenzaron a subdividir un predio en la zona oeste tuvieron una primera reuni\u00f3n con las autoridades de las \u00e1reas de vivienda de la provincia y el municipio el viernes pasado. All\u00ed entregaron un listado de las familias del barrio que \u201cno tienen un lugar donde vivir\u201d .<\/p>\n<p>La n\u00f3mina incluye los nombres y apellidos de 233 familias, todas con hijos menores de edad. Para la mayor\u00eda, la principal fuente de ingresos son planes sociales como la Asignaci\u00f3n Universal por Hijo o la Tarjeta Alimentar, que refuerzan con changas o trabajos informales.<\/p>\n<p>En el 80 por ciento de esos hogares el \u00fanico sost\u00e9n es femenino. Las mujeres no s\u00f3lo aportan los ingresos para pagar el alquiler o alimentar a los ni\u00f1os, sino que tambi\u00e9n se encargan de su cuidado, de acompa\u00f1arlos en su escolaridad o el resto de sus actividades.<\/p>\n<p>Todos estos datos, m\u00e1s los n\u00fameros telef\u00f3nicos de alg\u00fan referente de cada uno de estos grupos est\u00e1n en las manos de los funcionarios p\u00fablicos que ser\u00e1n los encargados de relevarlos y constatar las condiciones de vida de cada familia, lo que en t\u00e9rminos administrativos se denomina un \u201cinforme ambiental\u201d.<\/p>\n<h6>Fuente: La Capital<\/h6>\n","protected":false},"excerpt":{"rendered":"<p>Siguen apostadas a la vera del terreno de la zona oeste donde el jueves pasado se produjo un desalojo y hubo incidentes<\/p>\n","protected":false},"author":2,"featured_media":126692,"comment_status":"closed","ping_status":"closed","sticky":false,"template":"","format":"standard","meta":{"footnotes":""},"categories":[2],"tags":[10],"class_list":["post-126691","post","type-post","status-publish","format-standard","has-post-thumbnail","hentry","category-informe-municipal","tag-santa-fe"],"_links":{"self":[{"href":"http:\/\/argentinamunicipal.com.ar\/argentina\/wp-json\/wp\/v2\/posts\/126691","targetHints":{"allow":["GET"]}}],"collection":[{"href":"http:\/\/argentinamunicipal.com.ar\/argentina\/wp-json\/wp\/v2\/posts"}],"about":[{"href":"http:\/\/argentinamunicipal.com.ar\/argentina\/wp-json\/wp\/v2\/types\/post"}],"author":[{"embeddable":true,"href":"http:\/\/argentinamunicipal.com.ar\/argentina\/wp-json\/wp\/v2\/users\/2"}],"replies":[{"embeddable":true,"href":"http:\/\/argentinamunicipal.com.ar\/argentina\/wp-json\/wp\/v2\/comments?post=126691"}],"version-history":[{"count":0,"href":"http:\/\/argentinamunicipal.com.ar\/argentina\/wp-json\/wp\/v2\/posts\/126691\/revisions"}],"wp:featuredmedia":[{"embeddable":true,"href":"http:\/\/argentinamunicipal.com.ar\/argentina\/wp-json\/wp\/v2\/media\/126692"}],"wp:attachment":[{"href":"http:\/\/argentinamunicipal.com.ar\/argentina\/wp-json\/wp\/v2\/media?parent=126691"}],"wp:term":[{"taxonomy":"category","embeddable":true,"href":"http:\/\/argentinamunicipal.com.ar\/argentina\/wp-json\/wp\/v2\/categories?post=126691"},{"taxonomy":"post_tag","embeddable":true,"href":"http:\/\/argentinamunicipal.com.ar\/argentina\/wp-json\/wp\/v2\/tags?post=126691"}],"curies":[{"name":"wp","href":"https:\/\/api.w.org\/{rel}","templated":true}]}}