{"id":126877,"date":"2022-06-14T19:33:17","date_gmt":"2022-06-14T22:33:17","guid":{"rendered":"http:\/\/argentinamunicipal.com.ar\/argentina\/?p=126877"},"modified":"2022-06-14T19:33:17","modified_gmt":"2022-06-14T22:33:17","slug":"buenos-aires-larroque-y-grabois-participaran-de-una-charla-sobre-salario-basico-universal","status":"publish","type":"post","link":"http:\/\/argentinamunicipal.com.ar\/argentina\/buenos-aires-larroque-y-grabois-participaran-de-una-charla-sobre-salario-basico-universal\/","title":{"rendered":"Buenos Aires: Larroque y Grabois participar\u00e1n de una charla sobre salario b\u00e1sico universal"},"content":{"rendered":"<p>El debate sobre el proyecto de ley de un salario b\u00e1sico universal se realizar\u00e1 este mi\u00e9rcoles a las 11 en el Sal\u00f3n Auditorio de la C\u00e1mara de Diputados de la provincia de Buenos Aires.<\/p>\n<p>Un debate sobre el\u00a0proyecto de ley de un salario b\u00e1sico universal presentado en el Congreso de la Naci\u00f3n por el Frente de Todos\u00a0se realizar\u00e1 este mi\u00e9rcoles a las 11 en el Sal\u00f3n Auditorio de la C\u00e1mara de Diputados de la provincia de Buenos Aires.<\/p>\n<p>Del encuentro participar\u00e1n el ministro de Desarrollo bonaerense, Andr\u00e9s Larroque; el referente de Patria Grande y del Movimiento de los Trabajadores Excluidos Juan Grabois; las diputadas bonaerenses Luc\u00eda Klug y Mariana Larroque y el presidente de la Federaci\u00f3n de Trabajadores de la Econom\u00eda Social, Eduardo Montes.<\/p>\n<p>El ministro Larroque poste\u00f3: \u00abSi viv\u00eds en la provincia de Buenos Aires y sos destinatario de programas sociales record\u00e1 que es tu derecho recibir la totalidad de la prestaci\u00f3n\u00bb.<\/p>\n<p>\u00abEn el Ministerio de Desarrollo podes hacer tu reclamo comunic\u00e1ndote al 0221-2230021\u00bb, indic\u00f3.<\/p>\n<h6>FUente: Telam<\/h6>\n","protected":false},"excerpt":{"rendered":"<p>El debate sobre el proyecto de ley de un salario b\u00e1sico universal se realizar\u00e1 este mi\u00e9rcoles a las 11 en el Sal\u00f3n Auditorio de la C\u00e1mara de Diputados de la provincia de Buenos Aires.<\/p>\n","protected":false},"author":2,"featured_media":126878,"comment_status":"closed","ping_status":"closed","sticky":false,"template":"","format":"standard","meta":{"footnotes":""},"categories":[65],"tags":[12],"class_list":["post-126877","post","type-post","status-publish","format-standard","has-post-thumbnail","hentry","category-provincias","tag-buenos-aires"],"_links":{"self":[{"href":"http:\/\/argentinamunicipal.com.ar\/argentina\/wp-json\/wp\/v2\/posts\/126877","targetHints":{"allow":["GET"]}}],"collection":[{"href":"http:\/\/argentinamunicipal.com.ar\/argentina\/wp-json\/wp\/v2\/posts"}],"about":[{"href":"http:\/\/argentinamunicipal.com.ar\/argentina\/wp-json\/wp\/v2\/types\/post"}],"author":[{"embeddable":true,"href":"http:\/\/argentinamunicipal.com.ar\/argentina\/wp-json\/wp\/v2\/users\/2"}],"replies":[{"embeddable":true,"href":"http:\/\/argentinamunicipal.com.ar\/argentina\/wp-json\/wp\/v2\/comments?post=126877"}],"version-history":[{"count":0,"href":"http:\/\/argentinamunicipal.com.ar\/argentina\/wp-json\/wp\/v2\/posts\/126877\/revisions"}],"wp:featuredmedia":[{"embeddable":true,"href":"http:\/\/argentinamunicipal.com.ar\/argentina\/wp-json\/wp\/v2\/media\/126878"}],"wp:attachment":[{"href":"http:\/\/argentinamunicipal.com.ar\/argentina\/wp-json\/wp\/v2\/media?parent=126877"}],"wp:term":[{"taxonomy":"category","embeddable":true,"href":"http:\/\/argentinamunicipal.com.ar\/argentina\/wp-json\/wp\/v2\/categories?post=126877"},{"taxonomy":"post_tag","embeddable":true,"href":"http:\/\/argentinamunicipal.com.ar\/argentina\/wp-json\/wp\/v2\/tags?post=126877"}],"curies":[{"name":"wp","href":"https:\/\/api.w.org\/{rel}","templated":true}]}}