{"id":127,"date":"2014-01-30T22:45:01","date_gmt":"2014-01-31T01:45:01","guid":{"rendered":"http:\/\/municipales.org.ar\/argentina\/?p=127"},"modified":"2014-02-08T18:51:52","modified_gmt":"2014-02-08T21:51:52","slug":"fuerte-influencia-argentina-en-la-celac","status":"publish","type":"post","link":"http:\/\/argentinamunicipal.com.ar\/argentina\/fuerte-influencia-argentina-en-la-celac\/","title":{"rendered":"Fuerte influencia argentina en la reuni\u00f3n de la CELAC en La Habana"},"content":{"rendered":"<p><a href=\"http:\/\/argentinamunicipal.com.ar\/argentina\/wp-content\/uploads\/2014\/01\/p18fd5vu9r1an71pe111uusvnnd64.jpg\"><img loading=\"lazy\" decoding=\"async\" class=\"size-full wp-image-128 alignnone\" alt=\"p18fd5vu9r1an71pe111uusvnnd64\" src=\"http:\/\/argentinamunicipal.com.ar\/argentina\/wp-content\/uploads\/2014\/01\/p18fd5vu9r1an71pe111uusvnnd64.jpg\" width=\"1280\" height=\"722\" srcset=\"http:\/\/argentinamunicipal.com.ar\/argentina\/wp-content\/uploads\/2014\/01\/p18fd5vu9r1an71pe111uusvnnd64.jpg 1280w, http:\/\/argentinamunicipal.com.ar\/argentina\/wp-content\/uploads\/2014\/01\/p18fd5vu9r1an71pe111uusvnnd64-300x169.jpg 300w, http:\/\/argentinamunicipal.com.ar\/argentina\/wp-content\/uploads\/2014\/01\/p18fd5vu9r1an71pe111uusvnnd64-1024x577.jpg 1024w\" sizes=\"auto, (max-width: 1280px) 100vw, 1280px\" \/><\/a><\/p>\n<p>Malvinas en el documento final, la defensa de las reestructuraciones de deuda y el alerta sobre los movimientos especulativos contra pa\u00edses emergentes, manifiestan resultados pol\u00edticos positivos para el pa\u00eds.<\/p>\n<p><em>La Habana.-<\/em> La II Cumbre de la Celac concentr\u00f3 en La Habana, Cuba, a representantes de 33 pa\u00edses de Am\u00e9rica Latina y el Caribe, en un encuentro que demostr\u00f3 la unidad en la diversidad y la densidad pol\u00edtica y econ\u00f3mica de la regi\u00f3n, y que en particular para la Argentina evidenci\u00f3 la creciente influencia de su pol\u00edtica en el \u00e1mbito regional.<\/p>\n<p>La presencia de la presidenta Cristina Fern\u00e1ndez de Kirchner en La Habana d\u00edas antes del inicio oficial de la cumbre, lejos de evidenciar una ausencia de agenda le signific\u00f3 el haber podido almorzar con el l\u00edder cubano Fidel Castro y mantener reuniones bilaterales con sus pares de Brasil, Dilma Rousseff; de Uruguay, Jos\u00e9 \u00abPepe\u00bb Mujica; Venezuela, Nicol\u00e1s Maduro; y M\u00e9xico, Enrique Pe\u00f1a Nieto.<\/p>\n<p>La Argentina se trajo de Cuba, adem\u00e1s, un firme planteo de los pa\u00edses de la Comunidad de Estados Latinoamericanos y Caribe\u00f1os para que el Reino Unido cese en su pol\u00edtica colonial en las Islas Malvinas -con derivaciones en varios puntos del documento final-; la defensa de las reestructuraciones de deuda; y el alerta sobre los movimientos especulativos contra pa\u00edses emergentes.<\/p>\n<p>Al hablar el martes ante el plenario de la Cumbre, la presidenta llam\u00f3 a \u00abconstruir una agenda en la cual todos los integrantes tengamos igualdad de condiciones en la toma de decisiones, como sucedi\u00f3 en la Unasur\u00bb. Adem\u00e1s, advirti\u00f3 que \u00abla integraci\u00f3n no debe ser solo un problema de agenda sino una pol\u00edtica de Estado de los pa\u00edses\u00bb, al tiempo que remarc\u00f3 que \u00abpara eliminar la desigualdad se deben generar puestos de trabajo\u00bb y llam\u00f3 a \u00abno permitir que nuestras exportaciones se sigan reprimarizando\u00bb.<\/p>\n<h2>Importantes reuniones bilaterales<\/h2>\n<p>En el caso de las bilaterales, se reafirm\u00f3 la relaci\u00f3n especial de Cristina con Dilma, sent\u00f3 a Mujica a una mesa amplia -que incluya los temas que le interesan a Uruguay, pero tambi\u00e9n a la Argentina, luego de decisiones inconsultas del pa\u00eds vecino-, y restableci\u00f3 lazos con M\u00e9xico, a partir de la asunci\u00f3n del nuevo presidente que busca recuperar la pol\u00edtica exterior del PRI.<\/p>\n<p>Con Venezuela y Cuba la conversaci\u00f3n estuvo concentrada en la marcha de la integraci\u00f3n regional, con la visi\u00f3n estrat\u00e9gica de Fidel Castro -y el particular afecto que Cristina le tiene- y las definiciones pol\u00edticas en la Unasur, ante la necesidad de nombrar un nuevo secretario general que revitalice el proceso que se desaceler\u00f3 por el peso propio que tuvieron Hugo Ch\u00e1vez y N\u00e9stor Kirchner. Se trat\u00f3 del primer viaje al exterior de Cristina luego de la operaci\u00f3n, y el balance no puede ser otro que muy positivo, pero se hace necesaria la creaci\u00f3n de una coordinaci\u00f3n m\u00e1s \u00e1gil que los aviones presidenciales surcando los cielos americanos.<\/p>\n<p>Quiz\u00e1 la propuesta de crear un \u00e1rea de la Comunidad de Estados Latinoamericanos y Caribe\u00f1os en cada pa\u00eds ayude a no tener que discutir todo el tiempo, pero tambi\u00e9n es un dato de la realidad efectiva que desde la creaci\u00f3n de la Celac la Argentina abri\u00f3 nuevas embajadas en El Caribe, hecho que repercuti\u00f3 en m\u00e1s apoyo por la causa Malvinas y mayor conocimiento mutuo de las realidades locales.<\/p>\n<p>Por otra parte, la demostraci\u00f3n de que Am\u00e9rica Latina apuesta a ser aut\u00f3noma de Estados Unidos, qued\u00f3 demostrada en la inauguraci\u00f3n de la brasile\u00f1a Rousseff y el cubano Ra\u00fal Castro de la terminal de contenedores en la zona especial de El Mariel, con el doble de capacidad del puerto de La Habana, el triple de calado para los llamados barcos post Panamax, acceso ferroviario y gesti\u00f3n de una firma con sede en Singapur.<\/p>\n<p>La zona especial, a cincuenta kil\u00f3metros de La Habana, es el lugar que eligi\u00f3 Cuba para que se instalen las nuevas industrias, y la Celac, la herramienta simb\u00f3lica para que la apertura no sea un salto de la revoluci\u00f3n al consumismo -como pretenden quienes est\u00e1n al acecho- sino hacia Am\u00e9rica Latina y el Caribe.<\/p>\n<p>El tiempo, algo que tal como le explic\u00f3 Ra\u00fal Castro al chileno Sebasti\u00e1n Pi\u00f1era los cubanos conocen muy bien, dir\u00e1 si el modelo econ\u00f3mico que ya empieza a verse en las calles se condice con las pintadas en La Habana, que repiten la consigna \u00ablos cambios en Cuba son m\u00e1s Cuba, son m\u00e1s socialismo\u00bb.<\/p>\n<pre>Fuente: La Ma\u00f1ana de C\u00f3rdoba - T\u00e9lam<\/pre>\n","protected":false},"excerpt":{"rendered":"<p>Malvinas en el documento final, la defensa de las reestructuraciones de deuda y el alerta sobre los movimientos especulativos contra pa\u00edses emergentes, manifiestan resultados pol\u00edticos positivos para el pa\u00eds. La Habana.- La II Cumbre de la Celac concentr\u00f3 en La Habana, Cuba, a representantes de 33 pa\u00edses de Am\u00e9rica Latina y el Caribe, en un<\/p>\n","protected":false},"author":1,"featured_media":128,"comment_status":"closed","ping_status":"closed","sticky":false,"template":"","format":"standard","meta":{"footnotes":""},"categories":[22],"tags":[],"class_list":["post-127","post","type-post","status-publish","format-standard","has-post-thumbnail","hentry","category-el-mundo"],"_links":{"self":[{"href":"http:\/\/argentinamunicipal.com.ar\/argentina\/wp-json\/wp\/v2\/posts\/127","targetHints":{"allow":["GET"]}}],"collection":[{"href":"http:\/\/argentinamunicipal.com.ar\/argentina\/wp-json\/wp\/v2\/posts"}],"about":[{"href":"http:\/\/argentinamunicipal.com.ar\/argentina\/wp-json\/wp\/v2\/types\/post"}],"author":[{"embeddable":true,"href":"http:\/\/argentinamunicipal.com.ar\/argentina\/wp-json\/wp\/v2\/users\/1"}],"replies":[{"embeddable":true,"href":"http:\/\/argentinamunicipal.com.ar\/argentina\/wp-json\/wp\/v2\/comments?post=127"}],"version-history":[{"count":0,"href":"http:\/\/argentinamunicipal.com.ar\/argentina\/wp-json\/wp\/v2\/posts\/127\/revisions"}],"wp:featuredmedia":[{"embeddable":true,"href":"http:\/\/argentinamunicipal.com.ar\/argentina\/wp-json\/wp\/v2\/media\/128"}],"wp:attachment":[{"href":"http:\/\/argentinamunicipal.com.ar\/argentina\/wp-json\/wp\/v2\/media?parent=127"}],"wp:term":[{"taxonomy":"category","embeddable":true,"href":"http:\/\/argentinamunicipal.com.ar\/argentina\/wp-json\/wp\/v2\/categories?post=127"},{"taxonomy":"post_tag","embeddable":true,"href":"http:\/\/argentinamunicipal.com.ar\/argentina\/wp-json\/wp\/v2\/tags?post=127"}],"curies":[{"name":"wp","href":"https:\/\/api.w.org\/{rel}","templated":true}]}}