{"id":127070,"date":"2022-06-20T20:10:39","date_gmt":"2022-06-20T23:10:39","guid":{"rendered":"http:\/\/argentinamunicipal.com.ar\/argentina\/?p=127070"},"modified":"2022-06-20T20:10:39","modified_gmt":"2022-06-20T23:10:39","slug":"un-dia-de-la-bandera-plagado-de-simbolismos-y-con-la-gesta-de-malvinas-como-protagonista-excluyente","status":"publish","type":"post","link":"http:\/\/argentinamunicipal.com.ar\/argentina\/un-dia-de-la-bandera-plagado-de-simbolismos-y-con-la-gesta-de-malvinas-como-protagonista-excluyente\/","title":{"rendered":"Un D\u00eda de la Bandera plagado de simbolismos y con la gesta de Malvinas como protagonista excluyente"},"content":{"rendered":"<p>El intendente pidi\u00f3 ayuda para frenar a \u00ablas mafias\u00bb y el gobernador \u00abuni\u00f3n\u00bb para no ser \u00abun pa\u00eds desordenado y sin un camino de desarrollo consensuado\u00bb.<\/p>\n<p>En un acto del D\u00eda de la\u00a0Bandera\u00a0donde los protagonistas excluyentes de la jornada fueron los veteranos de la\u00a0guerra\u00a0de\u00a0Malvinas, el intendente Pablo Javkin volvi\u00f3 a pedir ayuda para \u201ccombatir a las bandas mafiosas que con sus balas y mugre quieren ganar las calles\u201d y el gobernador Omar Perotti clam\u00f3 por \u00abuni\u00f3n\u00bb\u00a0para no seguir padeciendo \u201cun pa\u00eds desordenado y sin un camino de desarrollo consensuado\u201d.<br \/>\nAmbos mandatarios fueron los oradores del acto en el que por primera vez, y a 40 a\u00f1os de la guerra, los veteranos de esa gesta fueron los protagonistas excluyentes de\u00a0una jornada donde no hubo un solo miembro del gabinete nacional.<\/p>\n<p>Los veteranos llegaron desde todos los puntos cardinales del pa\u00eds y desfilaron orgullosos delante de la bandera nacional, que fue llevada hasta el m\u00e1stil mayor por los hijos de quienes combatieron en Malvinas y hoy siguen con su legado detr\u00e1s de agrupaci\u00f3n Generaci\u00f3n Malvinas.<\/p>\n<p>El simbolismo domin\u00f3 toda la jornada. Es m\u00e1s, el toque de silencio por los ca\u00eddos en combate fue interpretado por Omar Tab\u00e1rez, un trompetista de la banda de m\u00fasica y guerra que en 1982 fue destinado a Puerto Argentino con tan solo 19 a\u00f1os y a quien tras la rendici\u00f3n de las tropas argentinas un soldado brit\u00e1nico le arrebat\u00f3 el instrumento.<\/p>\n<p>M\u00e1s de treinta a\u00f1os despu\u00e9s el invasor escoc\u00e9s viaj\u00f3 a Argentina y se la devolvi\u00f3, y este lunes Tab\u00e1rez la volvi\u00f3 a hacer sonar en el Monumento como ya lo hab\u00eda hecho en 2019 en el cementerio de Darwin.<\/p>\n<p>La bandera fue izada mientras Soledad Pastorutti y Jorge Fandermole cantaron Aurora, una interpretaci\u00f3n que fue coronada por un sentido \u00ab\u00a1Viva la Patria!\u00bb que gritaron los excombatientes\u00a0con el mismo \u00edmpetu y convicci\u00f3n que tuvieron hace 40 a\u00f1os.<\/p>\n<p>Tras la interpretaci\u00f3n del Himno que realiz\u00f3 la cantante Itat\u00ed Barrionuevo, llegaron los discursos de las m\u00e1ximas autoridades pol\u00edticas presentes en el acto: el gobernador y el intendente.<\/p>\n<p><strong>Ayuda<\/strong><br \/>\nLuego de remarcar que \u201cRosario es una de las ciudades m\u00e1s pujantes, creativas y lindas de la Argentina\u201d, ponderar \u201cel mejor sistema de salud p\u00fablica del pa\u00eds\u201d, la \u00absolidaridad\u00bb de su gente y pasar lista a rosarinos creativos y talentosos como \u00abLito Nebbia, La Trova, Nicki Nicole, Leo (Messi) y Fideo (Angel D\u00ed Mar\u00eda), Fontanarrosa y las hermanas Cossettini\u201d, Javkin volvi\u00f3 a solicitar ayuda para combatir la inseguridad.<\/p>\n<p>\u201cEsta ciudad que quiere ser de paz tiene un problema, vive amenazada por bandas mafiosas con su mugre y sus balas\u00bb, dijo a no m\u00e1s de 300 metros de un grupo de personas que se manifest\u00f3 con carteles de v\u00edctimas de la inseguridad.<\/p>\n<p>En en ese orden, se\u00f1al\u00f3 que \u00abpara pelear contra las mafias se necesita uni\u00f3n y decisi\u00f3n\u201d y se mostr\u00f3 dispuesto a trabajar juntos con todos los estamentos del Estado para frenar la violencia.<\/p>\n<p>Por su parte,\u00a0el gobernador resalt\u00f3 la figura de Manuel Belgrano como una persona que \u00abcre\u00eda en el estudio y el trabajo\u201d\u00a0y remarc\u00f3 que \u00abSanta Fe es la provincia que hoy tiene los mayores niveles de producci\u00f3n del pa\u00eds\u201d.<\/p>\n<p>En tal sentido, destac\u00f3 que la provincia \u201ces el motor productivo de un pa\u00eds que debe importar una matriz nacional con m\u00e1s federalismo\u201d y breg\u00f3 por mayor uni\u00f3n nacional.<\/p>\n<p>\u201cDivisiones siempre hubo, pero eso no es impedimento para pensar en grande\u201d dijo y admiti\u00f3 que \u201ccon el nivel de estr\u00e9s que vive el pa\u00eds, es imposible que las decisiones que se tomen sean las mejores\u201d.\u00a0Es m\u00e1s, remarc\u00f3 que siguiendo esa huella se plasma \u201cun pa\u00eds desordenado, sin un camino de desarrollo consensuado\u201d.<\/p>\n<p>Luego ponder\u00f3 la figura de los \u201ch\u00e9roes de Malvinas\u201d como ejemplo de uni\u00f3n. \u201cDurante a\u00f1os fueron ignorados y eso nos averg\u00fcenza. Nunca m\u00e1s indiferencia con ellos, que nadie caiga en la tentaci\u00f3n del olvido\u201d, clam\u00f3 y subray\u00f3 que \u201cno se deben aceptar colonias en pleno siglo XXI\u201d.<\/p>\n<p>Tras los discursos, ambos mandatarios les volvieron a tomar el juramento de defender la bandera hasta perder la vida que los veteranos de Malvinas hicieron m\u00e1s de 40 a\u00f1os atr\u00e1s. Todo se coron\u00f3 con un masivo \u201c\u00a1Viva la Patria!\u201d en una jornada plagada de emoci\u00f3n y simbolismos.<\/p>\n<h6>Fuente: La Capital<\/h6>\n","protected":false},"excerpt":{"rendered":"<p>El intendente pidi\u00f3 ayuda para frenar a \u00ablas mafias\u00bb y el gobernador \u00abuni\u00f3n\u00bb para no ser \u00abun pa\u00eds desordenado y sin un camino de desarrollo consensuado\u00bb.<\/p>\n","protected":false},"author":2,"featured_media":127071,"comment_status":"closed","ping_status":"closed","sticky":false,"template":"","format":"standard","meta":{"footnotes":""},"categories":[2],"tags":[10],"class_list":["post-127070","post","type-post","status-publish","format-standard","has-post-thumbnail","hentry","category-informe-municipal","tag-santa-fe"],"_links":{"self":[{"href":"http:\/\/argentinamunicipal.com.ar\/argentina\/wp-json\/wp\/v2\/posts\/127070","targetHints":{"allow":["GET"]}}],"collection":[{"href":"http:\/\/argentinamunicipal.com.ar\/argentina\/wp-json\/wp\/v2\/posts"}],"about":[{"href":"http:\/\/argentinamunicipal.com.ar\/argentina\/wp-json\/wp\/v2\/types\/post"}],"author":[{"embeddable":true,"href":"http:\/\/argentinamunicipal.com.ar\/argentina\/wp-json\/wp\/v2\/users\/2"}],"replies":[{"embeddable":true,"href":"http:\/\/argentinamunicipal.com.ar\/argentina\/wp-json\/wp\/v2\/comments?post=127070"}],"version-history":[{"count":0,"href":"http:\/\/argentinamunicipal.com.ar\/argentina\/wp-json\/wp\/v2\/posts\/127070\/revisions"}],"wp:featuredmedia":[{"embeddable":true,"href":"http:\/\/argentinamunicipal.com.ar\/argentina\/wp-json\/wp\/v2\/media\/127071"}],"wp:attachment":[{"href":"http:\/\/argentinamunicipal.com.ar\/argentina\/wp-json\/wp\/v2\/media?parent=127070"}],"wp:term":[{"taxonomy":"category","embeddable":true,"href":"http:\/\/argentinamunicipal.com.ar\/argentina\/wp-json\/wp\/v2\/categories?post=127070"},{"taxonomy":"post_tag","embeddable":true,"href":"http:\/\/argentinamunicipal.com.ar\/argentina\/wp-json\/wp\/v2\/tags?post=127070"}],"curies":[{"name":"wp","href":"https:\/\/api.w.org\/{rel}","templated":true}]}}