{"id":127115,"date":"2022-06-22T05:51:50","date_gmt":"2022-06-22T08:51:50","guid":{"rendered":"http:\/\/argentinamunicipal.com.ar\/argentina\/?p=127115"},"modified":"2022-06-21T19:54:52","modified_gmt":"2022-06-21T22:54:52","slug":"victoria-tiene-un-juez-federal-con-un-ojo-en-el-humedal-despues-de-casi-20-anos","status":"publish","type":"post","link":"http:\/\/argentinamunicipal.com.ar\/argentina\/victoria-tiene-un-juez-federal-con-un-ojo-en-el-humedal-despues-de-casi-20-anos\/","title":{"rendered":"Victoria tiene un juez federal con un ojo en el humedal despu\u00e9s de casi 20 a\u00f1os"},"content":{"rendered":"<p>Tramitar\u00e1 todas las causas ambientales vinculadas al Delta del Paran\u00e1. Tiene jurisdicci\u00f3n sobre las m\u00e1s de 400 mil hect\u00e1reas que sufren quemas y da\u00f1o ambiental<\/p>\n<p>Los reclamos santafesinos a la Justicia Federal para lograr recursos y acciones concretas en defensa del\u00a0Delta del Paran\u00e1\u00a0tienen a\u00f1os no solo de insistencia, sino de espera y paciencia. Reci\u00e9n despu\u00e9s de 17 a\u00f1os de haber sido creado,\u00a0Victoria\u00a0logr\u00f3 en abril pasado la inauguraci\u00f3n de la sede de su\u00a0juzgado\u00a0federal\u00a0y el nombramiento del\u00a0abogado y egresado de la Universidad Nacional de Rosario (UNR), Federico Angel Claudio Mart\u00edn, como titular de esa oficina de primera Instancia de la vecina ciudad entrerriana que tendr\u00e1 un ojo en el humedal y potestad para investigar lo que all\u00ed suceda.<\/p>\n<p>Para Rosario, que impulsa varias causas en la Justicia por feroces quemas sufridas en esos territorios durante las \u00faltimas temporadas, el paso no es para nada menor, ya que en adelante\u00a0\u00abser\u00e1 ese juzgado el que recibir\u00e1 todas las causas ambientales, civiles y penales de esta jurisdicci\u00f3n que abarca m\u00e1s de 400 mil hect\u00e1reas de tierras\u00bb, remarc\u00f3 a\u00a0La Capital\u00a0la diputada del GEN\u00a0M\u00f3nica Peralta\u00a0que en las \u00faltimas horas se reuni\u00f3 con el magistrado e insisti\u00f3 en el pedido de que Naci\u00f3n provea las herramientas y recursos necesarios para fiscalizar esa extensi\u00f3n de territorio.<\/p>\n<p>Las formalidades, la\u00a0inauguraci\u00f3n del Juzgado de Primera Instancia y el juramento por parte del Mart\u00edn, se llevaron adelante el 1\u00ba de abril de este a\u00f1o -el decreto con el nombramiento hab\u00eda sido publicado en el Bolet\u00edn Oficial de la Naci\u00f3n en noviembre de 2020-, aunque\u00a0la ley que creaba el espacio hab\u00eda sido impulsada por la senadora nacional por Entre R\u00edos, Gracia Jaroslavsky, y sancionada en el Congreso de la Naci\u00f3n hace casi 20 a\u00f1os.<\/p>\n<p>Mart\u00edn tiene 45 a\u00f1os y es hijo del juez federal de Paran\u00e1 entre 1982 y 1984, Ra\u00fal Mart\u00edn. Es abogado egresado en 2003 de UNR y desde 2011 se desempe\u00f1\u00f3 como secretario del Juzgado de Ejecuci\u00f3n de Penas de la justicia Federal de Paran\u00e1. Antes hab\u00eda sido asesor de la Fiscal\u00eda de Estado de Entre R\u00edos y fue parte del Tribunal Oral Federal de Paran\u00e1, adem\u00e1s, subrog\u00f3 en juzgados federales de Paran\u00e1 y Concepci\u00f3n del Uruguay.<\/p>\n<p>Que la jurisdicci\u00f3n de Mart\u00edn est\u00e9 del otro lado de la frontera provincial importa poco teniendo en cuenta que\u00a0dentro de ese territorio se encuentran algo m\u00e1s de 400 mil hect\u00e1reas que forman parte del Delta del r\u00edo Paran\u00e1 que viene sufriendo p\u00e9rdidas ambientales constantes\u00a0a partir de incendios sistem\u00e1ticos. Muchos de ellos que conllevan\u00a0causas judiciales\u00a0radicadas en juzgados federales entrerrianos, incluso por el propio municipio de Rosario, que a\u00fan no han tenido respuesta.<\/p>\n<p>\u201cEs incre\u00edble que tengamos que destacar que la designaci\u00f3n del juez Mart\u00edn es efectiva despu\u00e9s de 18 a\u00f1os\u00a0de la sanci\u00f3n de la Ley N\u00b0 25.862 por Jaroslavsky y que desde el 3 de diciembre de 2003 fue aprobado y estuvo sin denominaci\u00f3n hasta ahora\u201d, recalc\u00f3 la diputada Peralta tras reunirse con el magistrado.<\/p>\n<p><strong>Pedido de dotaci\u00f3n de recursos<\/strong><br \/>\nLa legisladora provincial, que viene manteniendo reuniones con los magistrados entrerrianos que investigan las causas impulsadas desde Rosario, as\u00ed como lo hizo con sus pares de la provincia vecina, destac\u00f3 que\u00a0\u00abel rol de este juzgado de competencia plena es muy importante porque recibir\u00e1 a partir de ahora todas las causas ambientales, civiles y penales\u00bb y tambi\u00e9n dej\u00f3 en claro la amplitud de su jurisdicci\u00f3n, que abarcar m\u00e1s de 400 mil hect\u00e1reas de tierras.<\/p>\n<p>\u00abPor eso necesitamos que el gobierno nacional compre y abastezca de elementos tecnol\u00f3gicos y mec\u00e1nicos a las provincias, no solo para evitar los incendios, sino adem\u00e1s para combatirlos r\u00e1pidamente\u00bb, se\u00f1al\u00f3 Peralta, que tambi\u00e9n hizo hincapi\u00e9 en la necesidad de que el juzgado cuente con recursos para llevar adelante las investigaciones en ese territorio.<\/p>\n<p>\u201cNos reunimos porque queremos conocer de parte del juez Mart\u00edn con qu\u00e9 recursos cuentan para poder realizar su trabajo, teniendo en consideraci\u00f3n que en el mes de agosto se pueden producir nuevas quemas en las islas, en parte producto de las pr\u00e1cticas productivas que ya conocemos agravada por la gran cantidad de masa combustible producto de las heladas\u201d, continu\u00f3 la legisladora.<\/p>\n<p>Consider\u00f3 que la falta de recursos viene siendo clara y mencion\u00f3 desde la falta de helic\u00f3pteros adaptados para el traslado de bomberos y personal hasta embarcaciones para combatir los fuegos desde el agua hasta transporte terrestre adaptado al medio y herramientas para abrirse camino.<\/p>\n<p>\u201cSe estima que casi un 60 por ciento de las tierras que conforman el humedal est\u00e1n en estado pre catastral, es decir, que no est\u00e1n registradas en ning\u00fan sistema formal, lo cual, dificulta el acceso, monitoreo y control de los terrenos no denominados, ante la falta de titularidad privada o p\u00fablica\u201d, agreg\u00f3 la diputada y afirm\u00f3: \u00abYa de por s\u00ed es complejo detener las quemas en sitios a los que se puede acceder y detectar a sus responsables, entonces, dimensionemos las dificultades que se presentan en lo profundo del humedal y sus extensiones de tierras sin reconocimiento\u00bb.<\/p>\n<h6>Fuente: La Capital<\/h6>\n","protected":false},"excerpt":{"rendered":"<p>Tramitar\u00e1 todas las causas ambientales vinculadas al Delta del Paran\u00e1. Tiene jurisdicci\u00f3n sobre las m\u00e1s de 400 mil hect\u00e1reas que sufren quemas y da\u00f1o ambiental<\/p>\n","protected":false},"author":2,"featured_media":127116,"comment_status":"closed","ping_status":"closed","sticky":false,"template":"","format":"standard","meta":{"footnotes":""},"categories":[2],"tags":[17,10],"class_list":["post-127115","post","type-post","status-publish","format-standard","has-post-thumbnail","hentry","category-informe-municipal","tag-entre-rios","tag-santa-fe"],"_links":{"self":[{"href":"http:\/\/argentinamunicipal.com.ar\/argentina\/wp-json\/wp\/v2\/posts\/127115","targetHints":{"allow":["GET"]}}],"collection":[{"href":"http:\/\/argentinamunicipal.com.ar\/argentina\/wp-json\/wp\/v2\/posts"}],"about":[{"href":"http:\/\/argentinamunicipal.com.ar\/argentina\/wp-json\/wp\/v2\/types\/post"}],"author":[{"embeddable":true,"href":"http:\/\/argentinamunicipal.com.ar\/argentina\/wp-json\/wp\/v2\/users\/2"}],"replies":[{"embeddable":true,"href":"http:\/\/argentinamunicipal.com.ar\/argentina\/wp-json\/wp\/v2\/comments?post=127115"}],"version-history":[{"count":0,"href":"http:\/\/argentinamunicipal.com.ar\/argentina\/wp-json\/wp\/v2\/posts\/127115\/revisions"}],"wp:featuredmedia":[{"embeddable":true,"href":"http:\/\/argentinamunicipal.com.ar\/argentina\/wp-json\/wp\/v2\/media\/127116"}],"wp:attachment":[{"href":"http:\/\/argentinamunicipal.com.ar\/argentina\/wp-json\/wp\/v2\/media?parent=127115"}],"wp:term":[{"taxonomy":"category","embeddable":true,"href":"http:\/\/argentinamunicipal.com.ar\/argentina\/wp-json\/wp\/v2\/categories?post=127115"},{"taxonomy":"post_tag","embeddable":true,"href":"http:\/\/argentinamunicipal.com.ar\/argentina\/wp-json\/wp\/v2\/tags?post=127115"}],"curies":[{"name":"wp","href":"https:\/\/api.w.org\/{rel}","templated":true}]}}