{"id":12738,"date":"2014-08-05T09:12:56","date_gmt":"2014-08-05T12:12:56","guid":{"rendered":"http:\/\/argentinamunicipal.com.ar\/argentina\/?p=12738"},"modified":"2014-08-05T09:12:56","modified_gmt":"2014-08-05T12:12:56","slug":"aceptan-una-tregua-de-72-horas-en-la-franja-de-gaza","status":"publish","type":"post","link":"http:\/\/argentinamunicipal.com.ar\/argentina\/aceptan-una-tregua-de-72-horas-en-la-franja-de-gaza\/","title":{"rendered":"Aceptan una tregua de 72 horas en la Franja de Gaza"},"content":{"rendered":"<p><a href=\"http:\/\/argentinamunicipal.com.ar\/argentina\/wp-content\/uploads\/2014\/08\/f620x0-10914_10932_150.jpg\"><img loading=\"lazy\" decoding=\"async\" class=\"aligncenter size-full wp-image-12739\" src=\"http:\/\/argentinamunicipal.com.ar\/argentina\/wp-content\/uploads\/2014\/08\/f620x0-10914_10932_150.jpg\" alt=\"f620x0-10914_10932_150\" width=\"620\" height=\"851\" srcset=\"http:\/\/argentinamunicipal.com.ar\/argentina\/wp-content\/uploads\/2014\/08\/f620x0-10914_10932_150.jpg 620w, http:\/\/argentinamunicipal.com.ar\/argentina\/wp-content\/uploads\/2014\/08\/f620x0-10914_10932_150-218x300.jpg 218w\" sizes=\"auto, (max-width: 620px) 100vw, 620px\" \/><\/a><br \/>\nLa tregua fue conseguida a trav\u00e9s del gobierno de Egipto, que hace de mediador de la zona b\u00e9lica.<\/p>\n<p>Israel y Hamas aceptaron una tregua de 72 horas en la Franja de Gaza propuesta por Egipto, en medio de una creciente reprobaci\u00f3n internacional por la ofensiva israel\u00ed en este enclave, que ha causado la muerte de m\u00e1s de 1.850 palestinos.<\/p>\n<p>\u00abLos contactos de Egipto con las diferentes partes desembocaron en la obtenci\u00f3n de una tregua de 72 horas en Gaza, que a las 5 de la ma\u00f1ana de este martes, y en un acuerdo para que el resto de las delegaciones vengan a El Cairo para llevar a cabo negociaciones\u00bb, anunci\u00f3 un responsable egipcio.<\/p>\n<p>Poco despu\u00e9s, Israel y Hamas confirmaron, de forma separada, la informaci\u00f3n.<\/p>\n<p>\u00abIsrael respetar\u00e1 el cese el fuego desde ma\u00f1ana a las 08H00 locales (05H00 GMT)\u00bb, declar\u00f3 un funcionario israel\u00ed bajo condici\u00f3n de anonimato.<\/p>\n<p>Esta fuente anunci\u00f3 adem\u00e1s que una delegaci\u00f3n israel\u00ed viajar\u00e1 a Egipto para mantener conversaciones.<\/p>\n<p>\u00abHamas inform\u00f3 a El Cairo hace unos minutos sobre su aprobaci\u00f3n de una tregua de 72 horas a partir de ma\u00f1ana (martes)\u00bb, dijo por su parte a la AFP Sami Abu Zuhri, un vocero de este movimiento que controla la Franja de Gaza.<\/p>\n<p>A pesar de este anuncio de tregua, Israel dijo que por el momento no piensa retirarse de la Franja de Gaza. \u00abNo nos iremos, nos quedaremos en la Franja de Gaza. Todav\u00eda hay muchas m\u00e1s misiones por cumplir\u00bb, declar\u00f3 el portavoz del ej\u00e9rcito, Moti Almoz, a la cadena israel\u00ed Channel-2, despu\u00e9s de haber anunciado que \u00abtodos los t\u00faneles localizados han sido destruidos\u00bb.<\/p>\n<p>El ej\u00e9rcito israel\u00ed reanud\u00f3 ayer su operaci\u00f3n militar en Gaza, tras una breve tregua unilateral de siete horas y a pesar de una creciente reprobaci\u00f3n internacional.<\/p>\n<p>Tras el fin de la tregua de siete horas del lunes, se registraron nuevas explosiones en los alrededores de la ciudad de Gaza.<\/p>\n<p>En Rafah (sur), dos ni\u00f1os y una enfermera murieron de camino al hospital, seg\u00fan los servicios de emergencia.<br \/>\nDesde el inicio de la operaci\u00f3n Barrera Protectora el 8 de julio, la ofensiva israel\u00ed ha matado a m\u00e1s de 1.850 palestinos muertos, en su mayor\u00eda civiles. Asimismo, 64 soldados israel\u00edes perdieron la vida y los cohetes lanzados desde Gaza mataron a tres civiles en territorio israel\u00ed.<\/p>\n<p>El clima de tensi\u00f3n creado por la guerra lleg\u00f3 ayer a Jerusal\u00e9n, donde un joven palestino a bordo de una excavadora volc\u00f3 un autob\u00fas a mediod\u00eda y mat\u00f3 a un jud\u00edo ortodoxo. La polic\u00eda, que abati\u00f3 al atacante, calific\u00f3 el ataque de \u00abterrorista\u00bb.<\/p>\n<p>Asimismo, el tercer ataque en diez d\u00edas contra una escuela de Naciones Unidas en Rafah, que acog\u00eda a refugiados palestinos, provoc\u00f3 el domingo la indignaci\u00f3n internacional.<\/p>\n<h6>Fuente: El Ancasti<\/h6>\n","protected":false},"excerpt":{"rendered":"<p>La tregua fue conseguida a trav\u00e9s del gobierno de Egipto, que hace de mediador de la zona b\u00e9lica. Israel y Hamas aceptaron una tregua de 72 horas en la Franja de Gaza propuesta por Egipto, en medio de una creciente reprobaci\u00f3n internacional por la ofensiva israel\u00ed en este enclave, que ha causado la muerte de<\/p>\n","protected":false},"author":2,"featured_media":12739,"comment_status":"closed","ping_status":"closed","sticky":false,"template":"","format":"standard","meta":{"footnotes":""},"categories":[22],"tags":[57],"class_list":["post-12738","post","type-post","status-publish","format-standard","has-post-thumbnail","hentry","category-el-mundo","tag-el-mundo"],"_links":{"self":[{"href":"http:\/\/argentinamunicipal.com.ar\/argentina\/wp-json\/wp\/v2\/posts\/12738","targetHints":{"allow":["GET"]}}],"collection":[{"href":"http:\/\/argentinamunicipal.com.ar\/argentina\/wp-json\/wp\/v2\/posts"}],"about":[{"href":"http:\/\/argentinamunicipal.com.ar\/argentina\/wp-json\/wp\/v2\/types\/post"}],"author":[{"embeddable":true,"href":"http:\/\/argentinamunicipal.com.ar\/argentina\/wp-json\/wp\/v2\/users\/2"}],"replies":[{"embeddable":true,"href":"http:\/\/argentinamunicipal.com.ar\/argentina\/wp-json\/wp\/v2\/comments?post=12738"}],"version-history":[{"count":0,"href":"http:\/\/argentinamunicipal.com.ar\/argentina\/wp-json\/wp\/v2\/posts\/12738\/revisions"}],"wp:featuredmedia":[{"embeddable":true,"href":"http:\/\/argentinamunicipal.com.ar\/argentina\/wp-json\/wp\/v2\/media\/12739"}],"wp:attachment":[{"href":"http:\/\/argentinamunicipal.com.ar\/argentina\/wp-json\/wp\/v2\/media?parent=12738"}],"wp:term":[{"taxonomy":"category","embeddable":true,"href":"http:\/\/argentinamunicipal.com.ar\/argentina\/wp-json\/wp\/v2\/categories?post=12738"},{"taxonomy":"post_tag","embeddable":true,"href":"http:\/\/argentinamunicipal.com.ar\/argentina\/wp-json\/wp\/v2\/tags?post=12738"}],"curies":[{"name":"wp","href":"https:\/\/api.w.org\/{rel}","templated":true}]}}