{"id":12779,"date":"2014-08-05T11:03:02","date_gmt":"2014-08-05T14:03:02","guid":{"rendered":"http:\/\/argentinamunicipal.com.ar\/argentina\/?p=12779"},"modified":"2014-08-05T11:03:02","modified_gmt":"2014-08-05T14:03:02","slug":"crespo-tiene-su-parque-industrial-reconocido-oficialmente-por-la-nacion","status":"publish","type":"post","link":"http:\/\/argentinamunicipal.com.ar\/argentina\/crespo-tiene-su-parque-industrial-reconocido-oficialmente-por-la-nacion\/","title":{"rendered":"Crespo tiene su parque industrial reconocido oficialmente por la Naci\u00f3n"},"content":{"rendered":"<p><a href=\"http:\/\/argentinamunicipal.com.ar\/argentina\/wp-content\/uploads\/2014\/08\/PARQUE-INDUSTRIAL.jpg\"><img loading=\"lazy\" decoding=\"async\" class=\"aligncenter  wp-image-12780\" src=\"http:\/\/argentinamunicipal.com.ar\/argentina\/wp-content\/uploads\/2014\/08\/PARQUE-INDUSTRIAL.jpg\" alt=\"PARQUE-INDUSTRIAL\" width=\"769\" height=\"516\" srcset=\"http:\/\/argentinamunicipal.com.ar\/argentina\/wp-content\/uploads\/2014\/08\/PARQUE-INDUSTRIAL.jpg 1024w, http:\/\/argentinamunicipal.com.ar\/argentina\/wp-content\/uploads\/2014\/08\/PARQUE-INDUSTRIAL-300x201.jpg 300w\" sizes=\"auto, (max-width: 769px) 100vw, 769px\" \/><\/a><br \/>\nEl Parque Industrial de Crespo fue reconocido mediante resoluci\u00f3n del Ministerio de Producci\u00f3n de la provincia de Entre R\u00edos, y adem\u00e1s este mi\u00e9rcoles recibir\u00e1 el certificado de inscripci\u00f3n en el Registro Nacional de Parques Industriales.<\/p>\n<p>El \u201cParque Industrial de Crespo\u201d fue reconocido oficialmente mediante resoluci\u00f3n del Ministerio de Producci\u00f3n de la provincia de Entre R\u00edos, y adem\u00e1s este mi\u00e9rcoles recibir\u00e1 el certificado de inscripci\u00f3n en el Registro Nacional de Parques Industriales (RENPI). Lo entregar\u00e1 la ministra de Industria D\u00e9bora Giorgi.<\/p>\n<p>El intendente Ariel Robles y el responsable de Producci\u00f3n, Desarrollo y Turismo, Javier Fontana, asistir\u00e1n al recibir el certificado nacional que entregar\u00e1 Giorgi en el marco del Encuentro Regional de Parques Industriales &#8211; Regi\u00f3n Centro, del cual participan Entre R\u00edos, C\u00f3rdoba y Sta. Fe, acto que se realizar\u00e1 en Ca\u00f1ada de G\u00f3mez, Sta. Fe.<\/p>\n<p>De esta forma el Parque Industrial de Crespo podr\u00e1 obtener subsidios y cr\u00e9ditos blandos para hacer obras y tambi\u00e9n para las empresas. Este fue uno de los objetivos que nos propusimos desde el inicio de la gesti\u00f3n Robles, lograr que nuestra \u00c1rea Industrial pase a ser reconocido oficialmente como \u201cParque Industrial\u201d con todos los beneficios que ello trae para el municipio y los empresarios.<\/p>\n<p>Esto beneficiar\u00e1 no s\u00f3lo al Municipio en cuanto a los subsidios que se puedan obtener para realizar m\u00e1s obras en el predio, sino tambi\u00e9n a los empresarios que tienen sus empresas all\u00ed radicadas que tambi\u00e9n se ver\u00e1n beneficiados con diferentes l\u00edneas de financiamiento.<\/p>\n<p>De esta manera, accede a todos los beneficios del Programa Nacional \u201cParques Industriales del Bicentenario\u201d, tanto para el establecimiento como para las empresas PYMES que quieran radicarse en el agrupamiento.<\/p>\n<h6>Fuente: El Once<\/h6>\n","protected":false},"excerpt":{"rendered":"<p>El Parque Industrial de Crespo fue reconocido mediante resoluci\u00f3n del Ministerio de Producci\u00f3n de la provincia de Entre R\u00edos, y adem\u00e1s este mi\u00e9rcoles recibir\u00e1 el certificado de inscripci\u00f3n en el Registro Nacional de Parques Industriales. El \u201cParque Industrial de Crespo\u201d fue reconocido oficialmente mediante resoluci\u00f3n del Ministerio de Producci\u00f3n de la provincia de Entre R\u00edos,<\/p>\n","protected":false},"author":2,"featured_media":12780,"comment_status":"closed","ping_status":"closed","sticky":false,"template":"","format":"standard","meta":{"footnotes":""},"categories":[2],"tags":[17],"class_list":["post-12779","post","type-post","status-publish","format-standard","has-post-thumbnail","hentry","category-informe-municipal","tag-entre-rios"],"_links":{"self":[{"href":"http:\/\/argentinamunicipal.com.ar\/argentina\/wp-json\/wp\/v2\/posts\/12779","targetHints":{"allow":["GET"]}}],"collection":[{"href":"http:\/\/argentinamunicipal.com.ar\/argentina\/wp-json\/wp\/v2\/posts"}],"about":[{"href":"http:\/\/argentinamunicipal.com.ar\/argentina\/wp-json\/wp\/v2\/types\/post"}],"author":[{"embeddable":true,"href":"http:\/\/argentinamunicipal.com.ar\/argentina\/wp-json\/wp\/v2\/users\/2"}],"replies":[{"embeddable":true,"href":"http:\/\/argentinamunicipal.com.ar\/argentina\/wp-json\/wp\/v2\/comments?post=12779"}],"version-history":[{"count":0,"href":"http:\/\/argentinamunicipal.com.ar\/argentina\/wp-json\/wp\/v2\/posts\/12779\/revisions"}],"wp:featuredmedia":[{"embeddable":true,"href":"http:\/\/argentinamunicipal.com.ar\/argentina\/wp-json\/wp\/v2\/media\/12780"}],"wp:attachment":[{"href":"http:\/\/argentinamunicipal.com.ar\/argentina\/wp-json\/wp\/v2\/media?parent=12779"}],"wp:term":[{"taxonomy":"category","embeddable":true,"href":"http:\/\/argentinamunicipal.com.ar\/argentina\/wp-json\/wp\/v2\/categories?post=12779"},{"taxonomy":"post_tag","embeddable":true,"href":"http:\/\/argentinamunicipal.com.ar\/argentina\/wp-json\/wp\/v2\/tags?post=12779"}],"curies":[{"name":"wp","href":"https:\/\/api.w.org\/{rel}","templated":true}]}}