{"id":127792,"date":"2022-07-13T05:34:07","date_gmt":"2022-07-13T08:34:07","guid":{"rendered":"http:\/\/argentinamunicipal.com.ar\/argentina\/?p=127792"},"modified":"2022-07-13T06:37:31","modified_gmt":"2022-07-13T09:37:31","slug":"el-tren-de-pasajeros-llego-a-san-luis-y-crece-la-ilusion-de-que-a-fin-de-ano-este-en-mendoza","status":"publish","type":"post","link":"http:\/\/argentinamunicipal.com.ar\/argentina\/el-tren-de-pasajeros-llego-a-san-luis-y-crece-la-ilusion-de-que-a-fin-de-ano-este-en-mendoza\/","title":{"rendered":"El tren de pasajeros lleg\u00f3 a San Luis y crece la ilusi\u00f3n de que a fin de a\u00f1o est\u00e9 en Mendoza"},"content":{"rendered":"<p>La formaci\u00f3n procedente de Buenos Aires arrib\u00f3 a Justo Daract en la vecina provincia. Tendr\u00e1 una frecuencia semanal, ida y vuelta. El diputado Jorge Difonso impulsa la extensi\u00f3n del recorrido hasta Mendoza<\/p>\n<p>El regreso del\u00a0tren de pasajeros\u00a0entre Mendoza y Buenos Aires\u00a0no parece ahora tan ut\u00f3pico luego de una formaci\u00f3n ferroviara que parti\u00f3 desde Retiro llegara este martes a Justo Daract, en San Luis, a unos 200 kil\u00f3metros de lo que ser\u00eda su \u00abpr\u00f3xima estaci\u00f3n\u00bb, en La Paz, en nuestra provincia.<\/p>\n<p>En medio de una gran euforia popular la denominada \u00abMarcha Blanca\u00bb, que fue un viaje de prueba, arrib\u00f3 a la ciudad sanluise\u00f1a despu\u00e9s de tres d\u00e9cadas sin el servicio. La pr\u00f3xima semana comenzar\u00e1n los viajes oficiales entre Justo Daract y Buenos Aires.<\/p>\n<p>Los vagones son de categor\u00eda primera, pullman, camarote y comedor.\u00a0Las frecuencias ser\u00e1n de forma semanal, con salida desde Buenos Aires a las 20.35 los d\u00edas viernes para regresar desde Justo Daract los domingos a las 17.40.<\/p>\n<p><strong>Vuelta del tren de pasajeros Mendoza-Buenos Aires<\/strong><br \/>\nLa posibilidad de que se restablezca el viaje en tren de pasajeros entre Mendoza y Buenos Aires ha sido promocionada en estos d\u00edas por el presidente de Trenes Argentinos, Mart\u00edn Marinucci, quien le dijo a medios nacionales que \u00abun objetivo es que antes de fin de a\u00f1o podamos tener\u00a0el tren que una Mendoza, San Luis, C\u00f3rdoba, Santa Fe, Buenos Aires y la Ciudad Aut\u00f3noma de Buenos Aires\u201d.<\/p>\n<p>En nuestra provincia quien le ha dado m\u00e1s impulso a esta iniciativa es el diputado provincial\u00a0Jorge Difonso,\u00a0de Uni\u00f3n Popular, aliado de Cambia Mendoza aunque \u00faltimamente ha tenido algunas diferencias con este espacio.<\/p>\n<p>El sancarlino present\u00f3 un proyecto de m\u00e1ster plan en la Legislatura, que fue aprobado y en los \u00faltimos d\u00edas ha recorrido los lugares por los que circular\u00e1 el tren y ha verificado los trabajos que deben realizarse, ya sea de refacci\u00f3n y reposici\u00f3n de v\u00edas como tambi\u00e9n de las que est\u00e1n en buen estado.<\/p>\n<p>\u00abTenemos m\u00e1s de 900 kil\u00f3metros de v\u00edas sin usar. Propusimos un m\u00e1ster plan con la intenci\u00f3n de pensar el futuro con la vista en el crecimiento y en la columna vertebral de Mendoza, el uso del tren\u00bb, se\u00f1al\u00f3 Difonso quien estuvo en Daract para la llegada del tren<\/p>\n<p>Desde fines de junio el legislador visit\u00f3 las distintas estaciones y y recorri\u00f3 las v\u00edas. \u00abAlgunas est\u00e1n en perfecto estado, otras hay que refaccionarlas y est\u00e1n las que directamente hay que hacerlas nuevamente\u00bb. Adem\u00e1s, reconoci\u00f3 que hay lugares en los que habr\u00e1 que relocalizar a quienes usurparon instalaciones ferroviarias.<\/p>\n<p>El diputado mendocino explic\u00f3 que el tren que lleg\u00f3 a Justo Daract, \u00abes la misma l\u00ednea que debe pasar a Mendoza. Es lo que estamos coordinando con la Naci\u00f3n, las otras provincias por las que transita, los municipios y la parte privada. De Daract engancha con La Paz para entrar a Mendoza, hasta Las Catitas. De all\u00ed hay dos bifurcaciones con dos ramales: a Monte Com\u00e1n por el Sur y al Gran Mendoza\u00bb.<\/p>\n<p>\u00abHay muchas factibilidades de que tengamos en unos meses el tren Mendoza-Buenos Aires.\u00a0Ya estamos en la etapa de inspecci\u00f3n de las v\u00edas desde la Paz hasta Guti\u00e9rrez.\u00a0Hay lugares que est\u00e1n intactos y otros que deben ser refaccionados\u00bb.<\/p>\n<p>Respecto de la financiaci\u00f3n detall\u00f3 que \u00abest\u00e1 principalmente a cargo de la Naci\u00f3n mientras la Provincia tiene que ocuparse de la log\u00edstica para las estaciones de carga de mercader\u00edas y los municipios trabajar en el mantenimiento y relocalizaci\u00f3n por las usurpaciones\u00bb.<\/p>\n<p>Finalmente se\u00f1al\u00f3 Difonso: \u00abEste proyecto, aprobado en Mendoza ya pas\u00f3 por la Naci\u00f3n. Personalmente se lo entregu\u00e9 en mano al ministro de Transporte Alexis Guerrera y tambi\u00e9n en Mendoza a Natalio Mema\u00bb.<\/p>\n<h6>Fuente: Uno<\/h6>\n","protected":false},"excerpt":{"rendered":"<p>La formaci\u00f3n procedente de Buenos Aires arrib\u00f3 a Justo Daract en la vecina provincia. Tendr\u00e1 una frecuencia semanal, ida y vuelta. El diputado Jorge Difonso impulsa la extensi\u00f3n del recorrido hasta Mendoza<\/p>\n","protected":false},"author":2,"featured_media":127793,"comment_status":"closed","ping_status":"closed","sticky":false,"template":"","format":"standard","meta":{"footnotes":""},"categories":[2],"tags":[31,28],"class_list":["post-127792","post","type-post","status-publish","format-standard","has-post-thumbnail","hentry","category-informe-municipal","tag-mendoza","tag-san-luis"],"_links":{"self":[{"href":"http:\/\/argentinamunicipal.com.ar\/argentina\/wp-json\/wp\/v2\/posts\/127792","targetHints":{"allow":["GET"]}}],"collection":[{"href":"http:\/\/argentinamunicipal.com.ar\/argentina\/wp-json\/wp\/v2\/posts"}],"about":[{"href":"http:\/\/argentinamunicipal.com.ar\/argentina\/wp-json\/wp\/v2\/types\/post"}],"author":[{"embeddable":true,"href":"http:\/\/argentinamunicipal.com.ar\/argentina\/wp-json\/wp\/v2\/users\/2"}],"replies":[{"embeddable":true,"href":"http:\/\/argentinamunicipal.com.ar\/argentina\/wp-json\/wp\/v2\/comments?post=127792"}],"version-history":[{"count":0,"href":"http:\/\/argentinamunicipal.com.ar\/argentina\/wp-json\/wp\/v2\/posts\/127792\/revisions"}],"wp:featuredmedia":[{"embeddable":true,"href":"http:\/\/argentinamunicipal.com.ar\/argentina\/wp-json\/wp\/v2\/media\/127793"}],"wp:attachment":[{"href":"http:\/\/argentinamunicipal.com.ar\/argentina\/wp-json\/wp\/v2\/media?parent=127792"}],"wp:term":[{"taxonomy":"category","embeddable":true,"href":"http:\/\/argentinamunicipal.com.ar\/argentina\/wp-json\/wp\/v2\/categories?post=127792"},{"taxonomy":"post_tag","embeddable":true,"href":"http:\/\/argentinamunicipal.com.ar\/argentina\/wp-json\/wp\/v2\/tags?post=127792"}],"curies":[{"name":"wp","href":"https:\/\/api.w.org\/{rel}","templated":true}]}}