{"id":128098,"date":"2022-08-01T06:26:51","date_gmt":"2022-08-01T09:26:51","guid":{"rendered":"http:\/\/argentinamunicipal.com.ar\/argentina\/?p=128098"},"modified":"2022-08-01T06:26:51","modified_gmt":"2022-08-01T09:26:51","slug":"que-algo-siga-en-disputa","status":"publish","type":"post","link":"http:\/\/argentinamunicipal.com.ar\/argentina\/que-algo-siga-en-disputa\/","title":{"rendered":"Que algo siga en disputa"},"content":{"rendered":"<p>Sergio Massa es un cl\u00e1sico pol\u00edtico profesional, inmensamente ambicioso y con todas las aristas encerradas en ese adjetivo.<\/p>\n<p>Porta desde las eventualmente positivas de tener vocaci\u00f3n de poder,\u00a0que vaya si acaba de demostrar que la tiene, hasta las peligrosas de que su pragmatismo lo lleve a carecer de escr\u00fapulos (no es necesario insistir con el recorrido por su trayectoria, que en estas horas fue revisitado con fruici\u00f3n a derecha e izquierda).<\/p>\n<p>De todas maneras, \u00bfel centro del debate debe pasar por lo individual de su figura o por el contexto que lo trajo hasta aqu\u00ed?<\/p>\n<p>Son momentos de alt\u00edsima intensidad emocional en el min\u00fasculo circuito ultrapolitizado.\u00a0Es as\u00ed entre quienes deciden qu\u00e9 se cocina y, sobre todo, en aquellos que conforman el mundo de los opinadores \u201cespecializados\u201d. O los de redes y foros. O los de charlas de caf\u00e9 y entrecasa que conservan alg\u00fan apasionamiento o inquietud pol\u00edtica.<\/p>\n<p>Tambi\u00e9n es as\u00ed que discurren sentencias terminantes desde, en esencia, los votantes del Frente de Todos (quienes lo fueron por convicci\u00f3n; por descarte; para ver qu\u00e9 ocurr\u00eda siendo que estaba Cristina de por medio; o, todo lo contrario, porque Cristina hab\u00eda resuelto \u201ccorrerse\u201d, designando a un moderado que fuese capaz de trazar imagen de control sobre \u201clocuras\u201d populistas).<\/p>\n<p>All\u00ed, en la mezcla de esos unos y esos otros, se lee y escucha -entre tant\u00edsima fraseolog\u00eda con direcci\u00f3n similar- que ahora s\u00ed se terminaron el peronismo y mucho m\u00e1s el kirchnerismo como su variante de izquierda. Que asumi\u00f3 directamente el hombre de La Embajada. Que d\u00f3nde est\u00e1 Cristina. Que c\u00f3mo puede ser que Cristina haya bombardeado a Alberto para terminar empoderando a Massa. Que Cristina har\u00e1 algo para no permitir la traici\u00f3n definitiva, y que jam\u00e1s militar\u00e1 un ajuste antipopular siquiera transitoriamente. Que s\u00f3lo resta esperar que el pueblo salga a las calles, o esl\u00f3ganes similares.<\/p>\n<p>Todo se comprende, con mayor o menor esfuerzo, pero\u00a0de ah\u00ed a la justificaci\u00f3n de los arrebatos an\u00edmicos hay demasiada distancia.<\/p>\n<p>Tanta distancia como la demostrada entre la expectaci\u00f3n completamente desmedida sobre las posibilidades de cambio profundo que significaba el FdT, y\u00a0la realidad realmente existente de que el neoliberalismo tiene capturados todos los dispositivos del funcionamiento de la econom\u00eda y de la construcci\u00f3n del imaginario colectivo.\u00a0Tiene sus corporaciones, sus medios de comunicaci\u00f3n, sus jueces y su volumen para destruir\u00a0casi\u00a0todo intento de rebeld\u00eda.<\/p>\n<p>Frente a eso, \u00bfqu\u00e9 cab\u00eda imaginar sobre lo que dise\u00f1\u00f3 Cristina cuando traz\u00f3 el armado de la coalici\u00f3n, como l\u00edder incuestionable de la minor\u00eda m\u00e1s impetuosa del campo popular?<\/p>\n<p>Cabe que (se) pens\u00f3 en una reactivaci\u00f3n paulatina del mercado interno devastado por el macrismo, recomponiendo algo de justicia distributiva. No mucho m\u00e1s.<\/p>\n<p>Nunca, es evidente, hubo un programa pol\u00edtico elaborado. Ni apenas una plataforma \u201cdibujada\u201d. Encima, cay\u00f3 la pandemia a tres meses de asumir y debi\u00f3 recurrirse a manotazos de emergencia.<\/p>\n<p>Para quienes hablan hoy de que se viol\u00f3 el contrato electoral: \u00bfd\u00f3nde est\u00e1 el contrato \u00e9se? \u00bfD\u00f3nde estaba escrito o prometido que se romper\u00eda con el FMI, o que se tomar\u00edan medidas radicalizadas? Basta de poes\u00edas, podr\u00eda decirse: el \u00fanico contrato explicitado fue sacarse de encima a Macri.<\/p>\n<p>\u00c9se es el marco bajo el cual se supo de entrada que el convenio inclu\u00eda a\u00a0los\u00a0Fern\u00e1ndez.\u00a0A Massa.\u00a0Y poco menos que a cuanto sapo hiciera falta deglutir.<\/p>\n<p>Y bajo el cual se \u201ccontrat\u00f3\u201d que Mart\u00edn Guzm\u00e1n ser\u00eda el ministro de la deuda externa p\u00fablica y privada. No el de Econom\u00eda. No el de la econom\u00eda interna.<\/p>\n<p>La cuesti\u00f3n es que eso se arregl\u00f3 como se pudo y hasta se dir\u00eda que bastante bien, porque esas deudas se patearon hasta 2025\/2026 sabiendo que deber\u00eda renegociarse, m\u00e1s tarde o m\u00e1s temprano,\u00a0porque el acuerdo es incumplible gracias a la bestialidad que dej\u00f3 Macri seg\u00fan reconocen los voceros del propio FMI.\u00a0Ellos admitieron que el objetivo, por orden de Trump, fue exclusivamente que Macri fuera reelecto.<\/p>\n<p>Fuera de ah\u00ed, o bien adentro, los dramas operativos del Frente de Todos, tras la derrota en las urnas de 2021, consistieron en desgastarse sin prisa y sin pausa por resquemores personales. Y de interpretaci\u00f3n acerca de c\u00f3mo mostrar mayor autoridad en aspectos finalmente secundarios.<\/p>\n<p>Chiquicientas veces, para reiterarlo hasta el cansancio tanto como lo anterior,\u00a0se pregunt\u00f3 cu\u00e1nto de graves eran las disidencias ideol\u00f3gicas, no de formas, entre las l\u00edneas internas del FdT.<\/p>\n<p>Y hoy resulta que Massa es el primer ministro; o el presidente alterno de facto; o la \u00faltima bala de plata o de cobre; o \u201cel salvador\u201d; o los lugares ya comunes que se quieran,\u00a0con el apoyo de Cristina. Con el respaldo de los gobernadores. Con la adhesi\u00f3n obvia aunque a\u00fan contemplativa de los sectores del \u201ckirchnerismo duro\u201d institucional. Todos conscientes de que asomaba el abismo en forma perentoria. Todos contestes de que hay que parar la corrida cambiaria, como prioridad absoluta.<\/p>\n<p>\u00bfHac\u00eda falta sumergirse en este aquelarre de contradicciones que en el fondo nunca fueron primarias, incluyendo, para no abundar, el bastardeo sobre la figura de Silvina Batakis, capaz de cargarse el equipo al hombro, de ir a renegociar a Washington asegurando que representaba a todas las tribus gobernantes y volviendo desplazada?<\/p>\n<p>De acuerdo con lo que parece, han dejado de jugar a las figuritas y pasaron al ajedrez.<\/p>\n<p>Si es por conjeturas, hay para tirar manteca al techo.<\/p>\n<p>Por ejemplo 1:\u00a0Massa, ante los intereses de Estados Unidos, es un proyecto mucho m\u00e1s sustentable que Macri y cualquiera de sus tropas,\u00a0seg\u00fan qued\u00f3 exhibido en su fracaso como derecha berreta, que garantiza nada de nada como consolidaci\u00f3n en el ejercicio del poder formal.<\/p>\n<p>Por ejemplo 2:\u00a0Massa es desconfiable\u00a0porque el peronismo o Cristina tienen una enorme capacidad de veto institucional, y\/o callejero, y\/o sindical, sobre todo tipo de ajuste (m\u00e1s) bruto en la puja distributiva.<\/p>\n<p>Por ejemplo 3:\u00a0Massa es confiable m\u00e1s o menos\u00a0porque, aun si le\/se acierta a una correcci\u00f3n del tipo de cambio que reacomode reservas, la inflaci\u00f3n desbocada no le dejar\u00eda sitio a controlar un desborde por abajo, \u00bfmotorizado por qui\u00e9nes?<\/p>\n<p>Por ejemplo 4:\u00a0Massa depende de que la clase media reasuma expectativas favorables,\u00a0porque por abajo no hay chances de 2001, en el sistema financiero tampoco\u00a0y por izquierda, entendi\u00e9ndose como tal a los movimientos sociales fraccionados en varios pedazos,\u00a0la capacidad podr\u00eda ser de resistencia pero jam\u00e1s de ofensiva.<\/p>\n<p>Por ejemplo 5:\u00a0Massa est\u00e1 jugado a que el establishment corporativo no lo voltee, y \u201creposa\u201d en eso porque el Poder desconf\u00eda sobre las capacidades conductivas de cambiemitas que tambi\u00e9n son un mamarracho.<\/p>\n<p>La lista seguir\u00eda, pero siempre desemboca en que las cosas, perogrullada mediante, pueden salir bien o muy mal.<\/p>\n<p>Si es lo primero, el Gobierno llega competitivo a 2023 (por \u201cel Gobierno\u201d se interpreta algo que no sea caer en Larreta derecho viejo).<\/p>\n<p>Si es lo segundo, cuesta derivar en algo que no sea Asamblea Legislativa con elecciones anticipadas.<\/p>\n<p>Eso, justamente, es lo que se evit\u00f3 con la movida de\/con Massa.<\/p>\n<p>\u00bfTiene \u00e9pica?\u00a0Ni de cerca.<\/p>\n<p>\u00bfTiene sentido pragm\u00e1tico?\u00a0S\u00ed.<\/p>\n<p>Lo siguiente est\u00e1 lej\u00edsimos de ser una originalidad.\u00a0Y no solamente porque ya lo remarcaron algunos colegas del palo, aceptando que\u00a0\u201clo de Massa\u201d\u00a0es dif\u00edcil de digerir (m\u00e1s como simbolog\u00eda de que es un liberalote o un tibio productivista en funciones s\u00faper poderosas, que como consecuencia de la mediocridad de haber gobernado hasta ac\u00e1 dispar\u00e1ndose a los pies).<\/p>\n<p>Entend\u00e1monos, si se puede: la pandemia de Macri se sab\u00eda, al igual que la del tr\u00e1gico endeudamiento con el Fondo. Pero no la del virus y la guerra. Desde ah\u00ed, hubo en proporciones parecidas el ataque virulento de la derecha concentrada y los errores\/horrores propios.<\/p>\n<p>Bajo ese apunte, deber\u00eda tenerse claro que el peor gobierno del Frente de Todos, o de como se llame esto que qued\u00f3, o de como se denomine hacia las elecciones lo que vaya a quedar, ser\u00e1 largamente mejor que lo mejor que pueda ofrecer la banda expl\u00edcita de derechas.<\/p>\n<p>Como lo sintetiz\u00f3 Alfredo Zaiat en la nota de este domingo,\u00a0Cristina es antes una pragm\u00e1tica que una dogm\u00e1tica.<\/p>\n<p>Y es Cristina, salvo para los olvidadizos que leen de lo que pasa aquello conveniente a su confort de frases estrepitosas, quien pidi\u00f3 no ser m\u00e1s papistas que el Papa.<\/p>\n<p>Y si la propia Cristina no les basta,\u00a0hay que pegarse una vuelta por \u00c1lvaro Garc\u00eda Linera:\u00a0esta segunda vuelta de progresismo, en la regi\u00f3n (Boric, Petro, Arce; el giro venezolano\u00a0y, caramba, Lula), tiene el componente central de saber defenderse, mientras se renuevan condiciones que permitan acentuar m\u00e1s cambios a favor popular.<\/p>\n<p>\u201cSimplemente\u201d,\u00a0la \u00e9pica de hoy es que algo siga en disputa conservando el Gobierno.<\/p>\n<p>Por Eduardo Aliverti<\/p>\n<h6>Fuente: P\u00e1gina 12<\/h6>\n","protected":false},"excerpt":{"rendered":"<p>Sergio Massa es un cl\u00e1sico pol\u00edtico profesional, inmensamente ambicioso y con todas las aristas encerradas en ese adjetivo.<\/p>\n","protected":false},"author":2,"featured_media":128099,"comment_status":"closed","ping_status":"closed","sticky":false,"template":"","format":"standard","meta":{"footnotes":""},"categories":[6],"tags":[21],"class_list":["post-128098","post","type-post","status-publish","format-standard","has-post-thumbnail","hentry","category-opiniones","tag-argentina"],"_links":{"self":[{"href":"http:\/\/argentinamunicipal.com.ar\/argentina\/wp-json\/wp\/v2\/posts\/128098","targetHints":{"allow":["GET"]}}],"collection":[{"href":"http:\/\/argentinamunicipal.com.ar\/argentina\/wp-json\/wp\/v2\/posts"}],"about":[{"href":"http:\/\/argentinamunicipal.com.ar\/argentina\/wp-json\/wp\/v2\/types\/post"}],"author":[{"embeddable":true,"href":"http:\/\/argentinamunicipal.com.ar\/argentina\/wp-json\/wp\/v2\/users\/2"}],"replies":[{"embeddable":true,"href":"http:\/\/argentinamunicipal.com.ar\/argentina\/wp-json\/wp\/v2\/comments?post=128098"}],"version-history":[{"count":0,"href":"http:\/\/argentinamunicipal.com.ar\/argentina\/wp-json\/wp\/v2\/posts\/128098\/revisions"}],"wp:featuredmedia":[{"embeddable":true,"href":"http:\/\/argentinamunicipal.com.ar\/argentina\/wp-json\/wp\/v2\/media\/128099"}],"wp:attachment":[{"href":"http:\/\/argentinamunicipal.com.ar\/argentina\/wp-json\/wp\/v2\/media?parent=128098"}],"wp:term":[{"taxonomy":"category","embeddable":true,"href":"http:\/\/argentinamunicipal.com.ar\/argentina\/wp-json\/wp\/v2\/categories?post=128098"},{"taxonomy":"post_tag","embeddable":true,"href":"http:\/\/argentinamunicipal.com.ar\/argentina\/wp-json\/wp\/v2\/tags?post=128098"}],"curies":[{"name":"wp","href":"https:\/\/api.w.org\/{rel}","templated":true}]}}