{"id":12810,"date":"2014-08-06T09:26:32","date_gmt":"2014-08-06T12:26:32","guid":{"rendered":"http:\/\/argentinamunicipal.com.ar\/argentina\/?p=12810"},"modified":"2014-08-06T09:26:32","modified_gmt":"2014-08-06T12:26:32","slug":"avanzan-para-la-sancion-de-un-codigo-de-faltas-en-jujuy","status":"publish","type":"post","link":"http:\/\/argentinamunicipal.com.ar\/argentina\/avanzan-para-la-sancion-de-un-codigo-de-faltas-en-jujuy\/","title":{"rendered":"Avanzan para la sanci\u00f3n de un C\u00f3digo de Faltas en Jujuy"},"content":{"rendered":"<p><a href=\"http:\/\/argentinamunicipal.com.ar\/argentina\/wp-content\/uploads\/2014\/08\/0000066716.jpg\"><img loading=\"lazy\" decoding=\"async\" class=\"aligncenter  wp-image-12811\" src=\"http:\/\/argentinamunicipal.com.ar\/argentina\/wp-content\/uploads\/2014\/08\/0000066716.jpg\" alt=\"0000066716\" width=\"729\" height=\"410\" srcset=\"http:\/\/argentinamunicipal.com.ar\/argentina\/wp-content\/uploads\/2014\/08\/0000066716.jpg 1099w, http:\/\/argentinamunicipal.com.ar\/argentina\/wp-content\/uploads\/2014\/08\/0000066716-300x168.jpg 300w, http:\/\/argentinamunicipal.com.ar\/argentina\/wp-content\/uploads\/2014\/08\/0000066716-1024x575.jpg 1024w\" sizes=\"auto, (max-width: 729px) 100vw, 729px\" \/><\/a><\/p>\n<p>Proyecto del Ejecutivo est\u00e1 en proceso de an\u00e1lisis y modificaci\u00f3n por parte de los ediles. Su aprobaci\u00f3n ser\u00eda inminente.<\/p>\n<p>Con el objeto de concentrar ordenanzas de tipo reglamentarias en un solo \u00abcuerpo\u00bb, desde el Concejo Deliberante de San Salvador de Jujuy se avanza en la creaci\u00f3n del C\u00f3digo de Faltas. El mismo es impulsado por el concejal Lisandro Aguiar (UCR), y est\u00e1 pr\u00f3ximo a ser sancionado.<\/p>\n<p>En el nuevo c\u00f3digo estar\u00e1 integrado por m\u00e1s de 170 art\u00edculos, de los cuales cerca de 100 estar\u00e1n dedicados a la tipificaci\u00f3n de infracciones. Entre ellas est\u00e1 prevista la sanci\u00f3n de infracciones medioambientales, infracciones vinculadas a la seguridad alimentaria, a espacios verdes, servicios de \u00abtaxiflet\u00bb y transporte escolar, entre otras.<\/p>\n<p>El compendio de normas estar\u00e1 conformado por m\u00e1s de 170 art\u00edculos, de los cuales 100 tipificar\u00e1n infracciones.<\/p>\n<p>Se trata de un trabajo que inici\u00f3 a mediados del 2012, cuando el impulsor del proyecto, el edil radical Lisandro Aguiar, se desempe\u00f1aba como coordinador de Gesti\u00f3n Municipal. Desde ese entonces, seg\u00fan relat\u00f3 el propio concejal, se vienen llevando a cabo reuniones con los miembros del Juzgado de Faltas de la capital juje\u00f1a, Gast\u00f3n Mill\u00f3n, Hugo Farjat y Mar\u00eda Esther Alfaro; miembros del Ejecutivo, como as\u00ed tambi\u00e9n con los dem\u00e1s integrantes del Concejo Deliberante.<\/p>\n<p>Para la elaboraci\u00f3n del proyecto que en este momento est\u00e1 sometido a evaluaci\u00f3n y a los posibles aportes por parte de los dem\u00e1s concejales que integran el cuerpo deliberativo capitalino, se avanz\u00f3 en reuniones tem\u00e1ticas con las distintas \u00e1reas dependientes del Ejecutivo, y \u00abque tienen a su cargo la facultad de llevar adelante las actas de infracci\u00f3n, y ejecutar las infracciones que comenten los vecinos, las empresas, en la vida cotidiana en la ciudad\u00bb.<\/p>\n<p>Al respecto de la iniciativa, Aguiar apunt\u00f3 que la intenci\u00f3n del C\u00f3digo es que la ciudadan\u00eda en general cuente con un \u00abcuerpo sistematizado de normas, que tiene por objeto brindar un conocimiento m\u00e1s acabado de lo que son los derechos de los vecinos\u00bb, agregando que otra meta es que el vecino pueda conocer cu\u00e1les son las distintas conductas que constituyan infracciones dentro del \u00e1mbito municipal\u00bb.<\/p>\n<p>Al mismo tiempo consider\u00f3 que el C\u00f3digo permitir\u00e1 organizar las normativas vigentes, \u00abya que hoy tenemos un sinn\u00famero de ordenanzas, que muchas veces hacen que los propios abogados se confundan porque no saben qu\u00e9 ordenanza est\u00e1 vigente o cu\u00e1l est\u00e1 derogada\u00bb.<\/p>\n<h3>Cuerpo sistematizado<\/h3>\n<p>El concejal Lisandro Aguiar argument\u00f3 que antes de que viera luz el proyecto, no exist\u00eda un cuerpo normativo \u00abordenado y sistematizado\u00bb, sino que \u00abhab\u00edan diversas ordenanzas\u00bb. Y se\u00f1al\u00f3 que dentro de los distintos art\u00edculos habr\u00e1 excepciones como ser en el caso de las infracciones de tr\u00e1nsito, \u00abya que tiene vigencia en nuestra ciudad la Ley Nacional de Tr\u00e1nsito\u00bb, a la que adhiri\u00f3 nuestra comuna. Al igual que suceder\u00e1 con el transporte p\u00fablico de pasajeros, donde tendr\u00e1 vigencia la ordenanza del pliegos de bases y condiciones para la licitaci\u00f3n que realice la comuna.<\/p>\n<h6>Fuente: El Tribuno, Jujuy<\/h6>\n","protected":false},"excerpt":{"rendered":"<p>Proyecto del Ejecutivo est\u00e1 en proceso de an\u00e1lisis y modificaci\u00f3n por parte de los ediles. Su aprobaci\u00f3n ser\u00eda inminente. Con el objeto de concentrar ordenanzas de tipo reglamentarias en un solo \u00abcuerpo\u00bb, desde el Concejo Deliberante de San Salvador de Jujuy se avanza en la creaci\u00f3n del C\u00f3digo de Faltas. El mismo es impulsado por<\/p>\n","protected":false},"author":2,"featured_media":12811,"comment_status":"closed","ping_status":"closed","sticky":false,"template":"","format":"standard","meta":{"footnotes":""},"categories":[2,4],"tags":[25],"class_list":["post-12810","post","type-post","status-publish","format-standard","has-post-thumbnail","hentry","category-informe-municipal","category-informe-politico","tag-jujuy"],"_links":{"self":[{"href":"http:\/\/argentinamunicipal.com.ar\/argentina\/wp-json\/wp\/v2\/posts\/12810","targetHints":{"allow":["GET"]}}],"collection":[{"href":"http:\/\/argentinamunicipal.com.ar\/argentina\/wp-json\/wp\/v2\/posts"}],"about":[{"href":"http:\/\/argentinamunicipal.com.ar\/argentina\/wp-json\/wp\/v2\/types\/post"}],"author":[{"embeddable":true,"href":"http:\/\/argentinamunicipal.com.ar\/argentina\/wp-json\/wp\/v2\/users\/2"}],"replies":[{"embeddable":true,"href":"http:\/\/argentinamunicipal.com.ar\/argentina\/wp-json\/wp\/v2\/comments?post=12810"}],"version-history":[{"count":0,"href":"http:\/\/argentinamunicipal.com.ar\/argentina\/wp-json\/wp\/v2\/posts\/12810\/revisions"}],"wp:featuredmedia":[{"embeddable":true,"href":"http:\/\/argentinamunicipal.com.ar\/argentina\/wp-json\/wp\/v2\/media\/12811"}],"wp:attachment":[{"href":"http:\/\/argentinamunicipal.com.ar\/argentina\/wp-json\/wp\/v2\/media?parent=12810"}],"wp:term":[{"taxonomy":"category","embeddable":true,"href":"http:\/\/argentinamunicipal.com.ar\/argentina\/wp-json\/wp\/v2\/categories?post=12810"},{"taxonomy":"post_tag","embeddable":true,"href":"http:\/\/argentinamunicipal.com.ar\/argentina\/wp-json\/wp\/v2\/tags?post=12810"}],"curies":[{"name":"wp","href":"https:\/\/api.w.org\/{rel}","templated":true}]}}