{"id":128129,"date":"2022-08-01T20:48:04","date_gmt":"2022-08-01T23:48:04","guid":{"rendered":"http:\/\/argentinamunicipal.com.ar\/argentina\/?p=128129"},"modified":"2022-08-01T20:48:04","modified_gmt":"2022-08-01T23:48:04","slug":"sumaron-aviones-hidrantes-y-helicopteros-para-enfrentar-los-incendios-del-delta-del-parana","status":"publish","type":"post","link":"http:\/\/argentinamunicipal.com.ar\/argentina\/sumaron-aviones-hidrantes-y-helicopteros-para-enfrentar-los-incendios-del-delta-del-parana\/","title":{"rendered":"Sumaron aviones hidrantes y helic\u00f3pteros para enfrentar los incendios del Delta del Paran\u00e1"},"content":{"rendered":"<p>Estos nuevos recursos se suman a otro avi\u00f3n observador y una dotaci\u00f3n de brigadistas forestales para combatir el fuego activo en las islas, donde \u00abla situaci\u00f3n se encuentra m\u00e1s complicada por el humo\u00bb.<\/p>\n<p>El Ministerio de Ambiente y Desarrollo Sostenible, a trav\u00e9s del Servicio Nacional de Manejo del Fuego (SNMF), inform\u00f3 este lunes que puso a disposici\u00f3n nuevos recursos para combatir los focos \u00edgneos que afectan la zona del Delta del Paran\u00e1, donde \u00abla situaci\u00f3n se encuentra m\u00e1s complicada por el humo\u00bb.<\/p>\n<p>La cartera de Ambiente que conduce Juan Cabandi\u00e9 precis\u00f3 que\u00a0aportar\u00e1 para la zona del Delta \u00abun avi\u00f3n hidrante y un helic\u00f3ptero m\u00e1s\u00bb, sumando un total de tres aviones hidrantes, tres helic\u00f3pteros, un avi\u00f3n observador y una dotaci\u00f3n de brigadistas forestales pertenecientes a la Administraci\u00f3n de Parques Nacionales (APN) y a la Polic\u00eda Federal, con embarcaciones propias.<\/p>\n<p>El pasado viernes, a trav\u00e9s del SNMF,\u00a0se inform\u00f3 que se hab\u00edan detectado la presencia de focos \u00edgneos mediante im\u00e1genes satelitales y faros de conservaci\u00f3n.<\/p>\n<p>En este marco, el Ministerio puso a disposici\u00f3n de las provincias de Santa Fe, Entre R\u00edos y Buenos Aires medios a\u00e9reos y otros recursos para su combate.<\/p>\n<p>En su reporte de este lunes,\u00a0el organismo inform\u00f3 que en la provincia de Entre R\u00edos se registraban incendios \u00abactivos\u00bb en las ciudades de Victoria II y Diamante, en tanto permanece controlado el fuego que amenazaba Victoria.<\/p>\n<p>Asimismo, en Buenos Aires fueron extinguidas las llamas que amenazaban la localidad de Baradero, en los departamentos santafesinos de San Jer\u00f3nimo IV, Santa Fe I y San Mart\u00edn, mientras en Santa Fe II y en Constituci\u00f3n el fuego fue controlado.<\/p>\n<p><strong>En otras provincias<\/strong><br \/>\nEl organismo inform\u00f3 que\u00a0se activ\u00f3 un foco en Santa Ana, en Misiones.<\/p>\n<p>Seg\u00fan el parte,\u00a0en C\u00f3rdoba\u00a0los bomberos pudieron controlar el fuego en Calamuchita y est\u00e1 contenido el foco en Dean Funes, al igual que en el departamento catamarque\u00f1o de Ambato y en la localidad de Famatina en La Rioja.<\/p>\n<p>Por \u00faltimo,\u00a0el Ministerio afirm\u00f3 que \u00abel ataque inicial de los focos es la manera m\u00e1s efectiva de combatir los incendios forestales dado que es importante actuar r\u00e1pido\u00bb, por este motivo, se encuentra a \u00abdisposici\u00f3n de las jurisdicciones afectadas para que estos focos no se sigan extendiendo\u00bb.<\/p>\n<h6>Fuente: Telam<\/h6>\n","protected":false},"excerpt":{"rendered":"<p>Estos nuevos recursos se suman a otro avi\u00f3n observador y una dotaci\u00f3n de brigadistas forestales para combatir el fuego activo en las islas, donde \u00abla situaci\u00f3n se encuentra m\u00e1s complicada por el humo\u00bb.<\/p>\n","protected":false},"author":2,"featured_media":128130,"comment_status":"closed","ping_status":"closed","sticky":false,"template":"","format":"standard","meta":{"footnotes":""},"categories":[2],"tags":[10],"class_list":["post-128129","post","type-post","status-publish","format-standard","has-post-thumbnail","hentry","category-informe-municipal","tag-santa-fe"],"_links":{"self":[{"href":"http:\/\/argentinamunicipal.com.ar\/argentina\/wp-json\/wp\/v2\/posts\/128129","targetHints":{"allow":["GET"]}}],"collection":[{"href":"http:\/\/argentinamunicipal.com.ar\/argentina\/wp-json\/wp\/v2\/posts"}],"about":[{"href":"http:\/\/argentinamunicipal.com.ar\/argentina\/wp-json\/wp\/v2\/types\/post"}],"author":[{"embeddable":true,"href":"http:\/\/argentinamunicipal.com.ar\/argentina\/wp-json\/wp\/v2\/users\/2"}],"replies":[{"embeddable":true,"href":"http:\/\/argentinamunicipal.com.ar\/argentina\/wp-json\/wp\/v2\/comments?post=128129"}],"version-history":[{"count":0,"href":"http:\/\/argentinamunicipal.com.ar\/argentina\/wp-json\/wp\/v2\/posts\/128129\/revisions"}],"wp:featuredmedia":[{"embeddable":true,"href":"http:\/\/argentinamunicipal.com.ar\/argentina\/wp-json\/wp\/v2\/media\/128130"}],"wp:attachment":[{"href":"http:\/\/argentinamunicipal.com.ar\/argentina\/wp-json\/wp\/v2\/media?parent=128129"}],"wp:term":[{"taxonomy":"category","embeddable":true,"href":"http:\/\/argentinamunicipal.com.ar\/argentina\/wp-json\/wp\/v2\/categories?post=128129"},{"taxonomy":"post_tag","embeddable":true,"href":"http:\/\/argentinamunicipal.com.ar\/argentina\/wp-json\/wp\/v2\/tags?post=128129"}],"curies":[{"name":"wp","href":"https:\/\/api.w.org\/{rel}","templated":true}]}}