{"id":128132,"date":"2022-08-01T20:50:14","date_gmt":"2022-08-01T23:50:14","guid":{"rendered":"http:\/\/argentinamunicipal.com.ar\/argentina\/?p=128132"},"modified":"2022-08-01T20:50:14","modified_gmt":"2022-08-01T23:50:14","slug":"cordoba-tuvo-ingresos-por-unos-21-000-millones-de-pesos-en-las-vacaciones-de-invierno","status":"publish","type":"post","link":"http:\/\/argentinamunicipal.com.ar\/argentina\/cordoba-tuvo-ingresos-por-unos-21-000-millones-de-pesos-en-las-vacaciones-de-invierno\/","title":{"rendered":"C\u00f3rdoba tuvo ingresos por unos 21.000 millones de pesos en las vacaciones de invierno"},"content":{"rendered":"<p>La provincia tuvo tres semanas de intensa actividad tur\u00edstica, entre el 11 y el 29 de julio, con un gasto promedio por persona de $10.000 por d\u00eda entre alojamiento, comida, recreaci\u00f3n, transporte y compras.<\/p>\n<p>La temporada invernal de C\u00f3rdoba registr\u00f3 un movimiento de $20.800 millones, lo que signific\u00f3 en un incremento del 20% con respecto a las vacaciones del a\u00f1o pasado, seg\u00fan los datos suministrados por la Agencia C\u00f3rdoba Turismo (ACT).<\/p>\n<p>Con m\u00e1s de medio mill\u00f3n de turistas, la provincia tuvo tres semanas de intensa actividad tur\u00edstica, entre el 11 y el 29 de julio, con un gasto promedio por persona de $10.000 por d\u00eda\u00a0entre alojamiento, comida, recreaci\u00f3n, transporte y compras, detallaron desde ese organismo.<\/p>\n<p>Asimismo, resaltaron que\u00a0la ciudad de Villa Carlos Paz, el principal destino tur\u00edstico cordob\u00e9s, \u201cvivi\u00f3 la mejor temporada de invierno de los \u00faltimos 15 a\u00f1os,\u00a0con un promedio del 90% de ocupaci\u00f3n en las 3 semanas de vacaciones\u201d, de acuerdo a la informaci\u00f3n relevada por el \u00e1rea de Estad\u00edsticas de la ACT.<\/p>\n<p>En ese sentido, se indic\u00f3 que en comparaci\u00f3n de los datos de la prepandemia de 2019, el crecimiento de este a\u00f1o en ese destino del Valle de Punilla fue del 32%.<\/p>\n<p>\u201cC\u00f3rdoba sigue creciendo como destino tur\u00edstico. Estas vacaciones de invierno fueron superiores a los n\u00fameros pre pandemia y eso nos llena de orgullo, por el trabajo que venimos realizando\u201d, resalt\u00f3 el presidente de la ACT, Esteban Avil\u00e9s.<\/p>\n<p>El informe oficial sostiene que los que visitaron C\u00f3rdoba en las vacaciones de invierno en su mayor\u00eda proven\u00edan de Buenos Aires, Ciudad Aut\u00f3noma de Buenos Aires, Santa fe y de la misma provincia mediterr\u00e1nea, adem\u00e1s de Mendoza, San Luis y Santiago del Estero.<\/p>\n<h6>Fuente: Telam<\/h6>\n","protected":false},"excerpt":{"rendered":"<p>La provincia tuvo tres semanas de intensa actividad tur\u00edstica, entre el 11 y el 29 de julio, con un gasto promedio por persona de $10.000 por d\u00eda entre alojamiento, comida, recreaci\u00f3n, transporte y compras.<\/p>\n","protected":false},"author":2,"featured_media":128133,"comment_status":"closed","ping_status":"closed","sticky":false,"template":"","format":"standard","meta":{"footnotes":""},"categories":[65],"tags":[3],"class_list":["post-128132","post","type-post","status-publish","format-standard","has-post-thumbnail","hentry","category-provincias","tag-cordoba"],"_links":{"self":[{"href":"http:\/\/argentinamunicipal.com.ar\/argentina\/wp-json\/wp\/v2\/posts\/128132","targetHints":{"allow":["GET"]}}],"collection":[{"href":"http:\/\/argentinamunicipal.com.ar\/argentina\/wp-json\/wp\/v2\/posts"}],"about":[{"href":"http:\/\/argentinamunicipal.com.ar\/argentina\/wp-json\/wp\/v2\/types\/post"}],"author":[{"embeddable":true,"href":"http:\/\/argentinamunicipal.com.ar\/argentina\/wp-json\/wp\/v2\/users\/2"}],"replies":[{"embeddable":true,"href":"http:\/\/argentinamunicipal.com.ar\/argentina\/wp-json\/wp\/v2\/comments?post=128132"}],"version-history":[{"count":0,"href":"http:\/\/argentinamunicipal.com.ar\/argentina\/wp-json\/wp\/v2\/posts\/128132\/revisions"}],"wp:featuredmedia":[{"embeddable":true,"href":"http:\/\/argentinamunicipal.com.ar\/argentina\/wp-json\/wp\/v2\/media\/128133"}],"wp:attachment":[{"href":"http:\/\/argentinamunicipal.com.ar\/argentina\/wp-json\/wp\/v2\/media?parent=128132"}],"wp:term":[{"taxonomy":"category","embeddable":true,"href":"http:\/\/argentinamunicipal.com.ar\/argentina\/wp-json\/wp\/v2\/categories?post=128132"},{"taxonomy":"post_tag","embeddable":true,"href":"http:\/\/argentinamunicipal.com.ar\/argentina\/wp-json\/wp\/v2\/tags?post=128132"}],"curies":[{"name":"wp","href":"https:\/\/api.w.org\/{rel}","templated":true}]}}