{"id":128147,"date":"2022-08-01T04:04:03","date_gmt":"2022-08-01T07:04:03","guid":{"rendered":"http:\/\/argentinamunicipal.com.ar\/argentina\/?p=128147"},"modified":"2022-08-01T21:07:48","modified_gmt":"2022-08-02T00:07:48","slug":"la-guardia-urbana-de-rafaela-cumplio-16-anos","status":"publish","type":"post","link":"http:\/\/argentinamunicipal.com.ar\/argentina\/la-guardia-urbana-de-rafaela-cumplio-16-anos\/","title":{"rendered":"La Guardia Urbana de Rafaela cumpli\u00f3 16 a\u00f1os"},"content":{"rendered":"<p>Empez\u00f3 un 1 de agosto de 2006. Hoy, el 105 es uno de los primeros n\u00fameros que se marcan ante una situaci\u00f3n de emergencia.<\/p>\n<p>Este 1 de agosto, la Guardia Urbana de Rafaela cumple 16 a\u00f1os. Creada en 2006 por el actual gobernador Omar Perotti durante el segundo de sus tres mandatos, hoy se convirti\u00f3 en la primera fuerza de respuesta y con una mirada sumamente positiva entre los rafaelinos.<\/p>\n<p>Atienden en conflictos cotidianos, con profesionalidad, cordialidad y dedicaci\u00f3n. Son vecinos de la ciudad, lo que permite tener un alto entendimiento con otro rafaelino. Esto la convirti\u00f3 en una parte m\u00e1s del escenario urbano y cultural de Rafaela.<\/p>\n<p>Leer tambi\u00e9n:\u00a0Perotti en Rafaela: \u00abHay que hacer inversiones y seguir organizando eventos en la provincia\u00bb<br \/>\nLa Guardia Urbana fue creada el 1\u00b0 de agosto de 2006 durante la intendencia del actual Gobernador de la provincia, Omar Perotti. Hoy se cumplen 16 a\u00f1os de aquel hecho que permiti\u00f3 a los rafaelinos contar con un grupo de hombres y mujeres de nuestra ciudad que trabajan todos los d\u00edas del a\u00f1o para la comunidad. Est\u00e1n en la calle, en cada barrio y atentos al 105, n\u00famero al que se llama ante cualquier eventualidad.<\/p>\n<p>Es su sentido de pertenencia el que incluye un nivel de integraci\u00f3n y cercan\u00eda en un contexto com\u00fan, y supone un sentimiento compartido por todos. En otras palabras, se trata de un v\u00ednculo en la cual hay identificaci\u00f3n de valores y objetivos, de tal manera que se percibe como propio.<\/p>\n<h6>Fuente: Sin Mordaza<\/h6>\n","protected":false},"excerpt":{"rendered":"<p>Empez\u00f3 un 1 de agosto de 2006. Hoy, el 105 es uno de los primeros n\u00fameros que se marcan ante una situaci\u00f3n de emergencia.<\/p>\n","protected":false},"author":2,"featured_media":128148,"comment_status":"closed","ping_status":"closed","sticky":false,"template":"","format":"standard","meta":{"footnotes":""},"categories":[2],"tags":[10],"class_list":["post-128147","post","type-post","status-publish","format-standard","has-post-thumbnail","hentry","category-informe-municipal","tag-santa-fe"],"_links":{"self":[{"href":"http:\/\/argentinamunicipal.com.ar\/argentina\/wp-json\/wp\/v2\/posts\/128147","targetHints":{"allow":["GET"]}}],"collection":[{"href":"http:\/\/argentinamunicipal.com.ar\/argentina\/wp-json\/wp\/v2\/posts"}],"about":[{"href":"http:\/\/argentinamunicipal.com.ar\/argentina\/wp-json\/wp\/v2\/types\/post"}],"author":[{"embeddable":true,"href":"http:\/\/argentinamunicipal.com.ar\/argentina\/wp-json\/wp\/v2\/users\/2"}],"replies":[{"embeddable":true,"href":"http:\/\/argentinamunicipal.com.ar\/argentina\/wp-json\/wp\/v2\/comments?post=128147"}],"version-history":[{"count":0,"href":"http:\/\/argentinamunicipal.com.ar\/argentina\/wp-json\/wp\/v2\/posts\/128147\/revisions"}],"wp:featuredmedia":[{"embeddable":true,"href":"http:\/\/argentinamunicipal.com.ar\/argentina\/wp-json\/wp\/v2\/media\/128148"}],"wp:attachment":[{"href":"http:\/\/argentinamunicipal.com.ar\/argentina\/wp-json\/wp\/v2\/media?parent=128147"}],"wp:term":[{"taxonomy":"category","embeddable":true,"href":"http:\/\/argentinamunicipal.com.ar\/argentina\/wp-json\/wp\/v2\/categories?post=128147"},{"taxonomy":"post_tag","embeddable":true,"href":"http:\/\/argentinamunicipal.com.ar\/argentina\/wp-json\/wp\/v2\/tags?post=128147"}],"curies":[{"name":"wp","href":"https:\/\/api.w.org\/{rel}","templated":true}]}}