{"id":128150,"date":"2022-08-02T04:45:16","date_gmt":"2022-08-02T07:45:16","guid":{"rendered":"http:\/\/argentinamunicipal.com.ar\/argentina\/?p=128150"},"modified":"2022-08-01T21:12:04","modified_gmt":"2022-08-02T00:12:04","slug":"venado-tuerto-participacion-record-en-una-nueva-edicion-de-concejales-por-un-dia","status":"publish","type":"post","link":"http:\/\/argentinamunicipal.com.ar\/argentina\/venado-tuerto-participacion-record-en-una-nueva-edicion-de-concejales-por-un-dia\/","title":{"rendered":"Venado Tuerto: Participaci\u00f3n r\u00e9cord en una nueva edici\u00f3n de \u00abConcejales por un d\u00eda\u00bb"},"content":{"rendered":"<p>Constar\u00e1 de un total de cinco encuentros previos a la sesi\u00f3n, prevista para finales de octubre, para elaborar los proyectos.<\/p>\n<p>Durante la tarde del jueves se desarroll\u00f3 la primera actividad de\u00a0Concejales por un D\u00eda para su edici\u00f3n 2022 en Venado Tuerto. Cont\u00f3 con un r\u00e9cord absoluto de participaci\u00f3n con 182 estudiantes secundarios inscriptos, de los cuales estuvieron presentes alrededor de 150 en el recinto del Legislativo local.<\/p>\n<p>Esta iniciativa, que se viene replicando desde hace varios a\u00f1os en la ciudad, le permite a los adolescentes interiorizarse sobre el funcionamiento del Concejo Municipal. Tambi\u00e9n poder\u00a0volcar sus propias inquietudes y debatirlas en un simulacro de sesi\u00f3n. La experiencia demuestra que muchos de los proyectos presentados por los j\u00f3venes terminan siendo tomados por los concejales.<\/p>\n<p>La actividad es promovida desde la Subsecretar\u00eda de Participaci\u00f3n Ciudadana que encabeza Sof\u00eda Galnares junto al propio Concejo Municipal. \u201cFue un gran comienzo, estamos muy agradecidos a los profes y a los pap\u00e1s. Especialmente a la Escuela Taller de Nazareth porque es un proyecto institucional que ellos lo abren a toda la comunidad. En esta oportunidad nos qued\u00f3 chico el Concejo\u201d, remarc\u00f3 la funcionaria.<\/p>\n<p>\u201cQue los chicos est\u00e9n ac\u00e1 participando y\u00a0pensando proyectos para la ciudad\u00a0nos hace irnos a dormir felices a quienes estamos en pol\u00edtica\u201d, ampli\u00f3 Galnares. Mientras que la concejala Mariana Iturbide remarc\u00f3 que \u201clos chicos ya tienen delineados muchos proyectos, con temas de desarrollo social, desarrollo humano, tr\u00e1nsito, seguridad. Ya tienen decididos los temas a trabajar con una participaci\u00f3n que es muy valiosa\u201d.<\/p>\n<p><strong>En primera persona<\/strong><br \/>\nUno de los datos, adem\u00e1s de la intervenci\u00f3n de los concejales de todos los bloques, fue la presencia del intendente\u00a0Leonel Chiarella. \u00c9l siempre destac\u00f3 que\u00a0su primera intervenci\u00f3n en la vida p\u00fablica fue precisamente desde Concejales por un D\u00eda, antes de involucrarse en la militancia partidaria.<\/p>\n<p>\u201cA pesar que las noticias que nos llegan reflejan a la pol\u00edtica como algo que nos deja muchos dolores de cabeza, es muy valioso que exista este nivel e participaci\u00f3n. Los j\u00f3venes est\u00e1n pensando en involucrarse pol\u00edticamente.\u00a0Despu\u00e9s en otra instancia vendr\u00e1 lo partidario, pero ac\u00e1 se da el paso m\u00e1s importante con la construcci\u00f3n de ciudadan\u00eda con los profes, los concejales, el intendente, los miembros del gabinete a disposici\u00f3n\u201d, valor\u00f3 Galnares.<\/p>\n<p>Concejales por un d\u00eda constar\u00e1 de un total de cinco encuentros previos a la sesi\u00f3n, prevista para finales de octubre, para elaborar los proyectos. Incluso recibir una clase de oratoria que potencie las ideas que cada uno quiere ofrecerle a la ciudad.<\/p>\n<h6>Fuente: Sin Mordaza<\/h6>\n","protected":false},"excerpt":{"rendered":"<p>Constar\u00e1 de un total de cinco encuentros previos a la sesi\u00f3n, prevista para finales de octubre, para elaborar los proyectos.<\/p>\n","protected":false},"author":2,"featured_media":128151,"comment_status":"closed","ping_status":"closed","sticky":false,"template":"","format":"standard","meta":{"footnotes":""},"categories":[2],"tags":[10],"class_list":["post-128150","post","type-post","status-publish","format-standard","has-post-thumbnail","hentry","category-informe-municipal","tag-santa-fe"],"_links":{"self":[{"href":"http:\/\/argentinamunicipal.com.ar\/argentina\/wp-json\/wp\/v2\/posts\/128150","targetHints":{"allow":["GET"]}}],"collection":[{"href":"http:\/\/argentinamunicipal.com.ar\/argentina\/wp-json\/wp\/v2\/posts"}],"about":[{"href":"http:\/\/argentinamunicipal.com.ar\/argentina\/wp-json\/wp\/v2\/types\/post"}],"author":[{"embeddable":true,"href":"http:\/\/argentinamunicipal.com.ar\/argentina\/wp-json\/wp\/v2\/users\/2"}],"replies":[{"embeddable":true,"href":"http:\/\/argentinamunicipal.com.ar\/argentina\/wp-json\/wp\/v2\/comments?post=128150"}],"version-history":[{"count":0,"href":"http:\/\/argentinamunicipal.com.ar\/argentina\/wp-json\/wp\/v2\/posts\/128150\/revisions"}],"wp:featuredmedia":[{"embeddable":true,"href":"http:\/\/argentinamunicipal.com.ar\/argentina\/wp-json\/wp\/v2\/media\/128151"}],"wp:attachment":[{"href":"http:\/\/argentinamunicipal.com.ar\/argentina\/wp-json\/wp\/v2\/media?parent=128150"}],"wp:term":[{"taxonomy":"category","embeddable":true,"href":"http:\/\/argentinamunicipal.com.ar\/argentina\/wp-json\/wp\/v2\/categories?post=128150"},{"taxonomy":"post_tag","embeddable":true,"href":"http:\/\/argentinamunicipal.com.ar\/argentina\/wp-json\/wp\/v2\/tags?post=128150"}],"curies":[{"name":"wp","href":"https:\/\/api.w.org\/{rel}","templated":true}]}}