{"id":12832,"date":"2014-08-06T10:50:35","date_gmt":"2014-08-06T13:50:35","guid":{"rendered":"http:\/\/argentinamunicipal.com.ar\/argentina\/?p=12832"},"modified":"2014-08-06T10:50:35","modified_gmt":"2014-08-06T13:50:35","slug":"en-parana-se-inicio-la-compactacion-de-380-autos-y-90-motos-en-desuso","status":"publish","type":"post","link":"http:\/\/argentinamunicipal.com.ar\/argentina\/en-parana-se-inicio-la-compactacion-de-380-autos-y-90-motos-en-desuso\/","title":{"rendered":"En Paran\u00e1 se inici\u00f3 la compactaci\u00f3n de 380 autos y 90 motos en desuso"},"content":{"rendered":"<div id=\"attachment_12833\" style=\"width: 771px\" class=\"wp-caption aligncenter\"><a href=\"http:\/\/argentinamunicipal.com.ar\/argentina\/wp-content\/uploads\/2014\/08\/motos_es_desuso.jpg_2069580699.jpg\"><img loading=\"lazy\" decoding=\"async\" aria-describedby=\"caption-attachment-12833\" class=\"size-full wp-image-12833\" src=\"http:\/\/argentinamunicipal.com.ar\/argentina\/wp-content\/uploads\/2014\/08\/motos_es_desuso.jpg_2069580699.jpg\" alt=\"Plan. Hubo autoridades del gobierno nacional, provincial y municipal.\" width=\"761\" height=\"507\" srcset=\"http:\/\/argentinamunicipal.com.ar\/argentina\/wp-content\/uploads\/2014\/08\/motos_es_desuso.jpg_2069580699.jpg 761w, http:\/\/argentinamunicipal.com.ar\/argentina\/wp-content\/uploads\/2014\/08\/motos_es_desuso.jpg_2069580699-300x199.jpg 300w\" sizes=\"auto, (max-width: 761px) 100vw, 761px\" \/><\/a><p id=\"caption-attachment-12833\" class=\"wp-caption-text\">Plan. Hubo autoridades del gobierno nacional, provincial y municipal.<\/p><\/div>\n<p>El procedimiento se realiz\u00f3 en Estaci\u00f3n Parera y se trata de la primera etapa en Paran\u00e1, que tendr\u00e1 continuidad en la provincia, con otros 1.000 veh\u00edculos.<\/p>\n<p>Con la visita de la ministra de Seguridad de la Naci\u00f3n, Cecilia Rodr\u00edguez, la intendenta de Paran\u00e1, Blanca Osuna, puso en marcha de manera oficial el Programa de Compactaci\u00f3n de Autos y Motos abandonados (Pronacom) en la capital provincial. Se desarroll\u00f3 en el predio de la Unidad de Conservaci\u00f3n Vial ubicada en Estaci\u00f3n Parera, zona El Brete y cont\u00f3 con la presencia del ministro de Gobierno Ad\u00e1n Bhal, entre otros funcionarios municipales y provinciales.<\/p>\n<p>Tal como se acord\u00f3 oportunamente, el dinero recaudado por la venta de chatarra ser\u00e1 destinado a la cooperadora del Hospital San Mart\u00edn.<\/p>\n<p>En el lugar se realiz\u00f3 la demostraci\u00f3n de compactaci\u00f3n de autos y motos, que en una primera etapa ser\u00e1n 90 motos y 380 autos. Esta estrategia de trabajo en torno a los rodados abandonados en la v\u00eda p\u00fablica pudo implementarse a partir de una ordenanza de adhesi\u00f3n al Pronacom, programa del Ministerio de Seguridad de la Naci\u00f3n.<\/p>\n<p>\u201cEsto es seguridad, ordenamiento e higiene urbana pero a su vez, es una se\u00f1al que los rodados retenidos por la comuna est\u00e1n en riesgo de ser compactados ante la falta de reclamo, para el bien de todos\u201d, plante\u00f3 la intendenta Blanca Osuna<\/p>\n<p>Por su parte, la ministra de Seguridad de la Naci\u00f3n, Cecilia Rodr\u00edguez, se refiri\u00f3 al trabajo que se viene desarrollando en todo el pa\u00eds. \u201cEs un Programa que lleva m\u00e1s de 25.000 autos compactados en todo el pa\u00eds. Nosotros, en el marco de Seguridad del Interior, trabajamos todos estos programas con las provincias y los municipios y la verdad que esta ingenier\u00eda, muy bien articulada, en donde tambi\u00e9n el producido de ello atiende cuestiones de seguridad, higiene y abandono de los veh\u00edculos, va directamente a una asociaci\u00f3n, como es en este caso un hospital\u201d.<\/p>\n<p>Al respecto, la funcionaria inform\u00f3 que se llevan recaudados con esta acci\u00f3n en el pa\u00eds, unos 6 millones de pesos, y parte de ello fue destinado al hospital Garrahan.<\/p>\n<p>Por su parte, el ministro de Gobierno Ad\u00e1n Bahl se refiri\u00f3 a la continuidad de este Programa en la provincia: \u201cHemos presentado el proyecto de ley que seguramente en 30 d\u00edas ser\u00e1 sancionado, continuaremos con la misma metodolog\u00eda, aqu\u00ed cerca, en La Picada, tenemos pr\u00e1cticamente 1.000 veh\u00edculos preparados para ser compactados y en todo el territorio provincial, por lo cual valoramos mucho esta iniciativa\u201d.<\/p>\n<h3>Mecanismo<\/h3>\n<p>De acuerdo con las precisiones dadas sobre el funcionamiento del programo, los veh\u00edculos en desuso, abandonados y no reclamados a la Municipalidad, tras un proceso legal y previa notificaci\u00f3n, ser\u00e1n compactados, del mismo modo las motos que se encuentran en dep\u00f3sito municipal y ya ha pasado el tiempo establecido para su recuperaci\u00f3n.<\/p>\n<p>La empresa rosarina JIT SA ser\u00e1 la encargada de realizar la compraventa de chatarra proveniente de la descontaminaci\u00f3n, compactaci\u00f3n y disposici\u00f3n final de veh\u00edculos.<\/p>\n<p>Para ello mantiene el criterio del cuidado del medio ambiente con el retiro de los fluidos previo a la compactaci\u00f3n, como aceite por ejemplo, y piezas como tubos de gas, y todo queda en un fluido para su deposici\u00f3n final, en tanto la chatarra se transforma en acero.<\/p>\n<p>La m\u00e1quina compactadora es una unidad m\u00f3vil que se traslada a Paran\u00e1 cuando se requiera su uso. Una vez producida la compactaci\u00f3n, el paquete de chatarra se traslada hasta Villa Constituci\u00f3n a una empresa que compra ese tipo de materiales.<\/p>\n<p>La ley N\u00b0 26.348 establece, entre otros, el marco normativo para automotores abandonados, perdidos, decomisados o secuestrados, cuyo dominio corresponde al Estado nacional o a los Estados provinciales.<\/p>\n<h6>Fuente: Uno, Entre R\u00edos<\/h6>\n","protected":false},"excerpt":{"rendered":"<p>El procedimiento se realiz\u00f3 en Estaci\u00f3n Parera y se trata de la primera etapa en Paran\u00e1, que tendr\u00e1 continuidad en la provincia, con otros 1.000 veh\u00edculos. Con la visita de la ministra de Seguridad de la Naci\u00f3n, Cecilia Rodr\u00edguez, la intendenta de Paran\u00e1, Blanca Osuna, puso en marcha de manera oficial el Programa de Compactaci\u00f3n<\/p>\n","protected":false},"author":2,"featured_media":12833,"comment_status":"closed","ping_status":"closed","sticky":false,"template":"","format":"standard","meta":{"footnotes":""},"categories":[2],"tags":[17],"class_list":["post-12832","post","type-post","status-publish","format-standard","has-post-thumbnail","hentry","category-informe-municipal","tag-entre-rios"],"_links":{"self":[{"href":"http:\/\/argentinamunicipal.com.ar\/argentina\/wp-json\/wp\/v2\/posts\/12832","targetHints":{"allow":["GET"]}}],"collection":[{"href":"http:\/\/argentinamunicipal.com.ar\/argentina\/wp-json\/wp\/v2\/posts"}],"about":[{"href":"http:\/\/argentinamunicipal.com.ar\/argentina\/wp-json\/wp\/v2\/types\/post"}],"author":[{"embeddable":true,"href":"http:\/\/argentinamunicipal.com.ar\/argentina\/wp-json\/wp\/v2\/users\/2"}],"replies":[{"embeddable":true,"href":"http:\/\/argentinamunicipal.com.ar\/argentina\/wp-json\/wp\/v2\/comments?post=12832"}],"version-history":[{"count":0,"href":"http:\/\/argentinamunicipal.com.ar\/argentina\/wp-json\/wp\/v2\/posts\/12832\/revisions"}],"wp:featuredmedia":[{"embeddable":true,"href":"http:\/\/argentinamunicipal.com.ar\/argentina\/wp-json\/wp\/v2\/media\/12833"}],"wp:attachment":[{"href":"http:\/\/argentinamunicipal.com.ar\/argentina\/wp-json\/wp\/v2\/media?parent=12832"}],"wp:term":[{"taxonomy":"category","embeddable":true,"href":"http:\/\/argentinamunicipal.com.ar\/argentina\/wp-json\/wp\/v2\/categories?post=12832"},{"taxonomy":"post_tag","embeddable":true,"href":"http:\/\/argentinamunicipal.com.ar\/argentina\/wp-json\/wp\/v2\/tags?post=12832"}],"curies":[{"name":"wp","href":"https:\/\/api.w.org\/{rel}","templated":true}]}}