{"id":12851,"date":"2014-08-06T11:24:04","date_gmt":"2014-08-06T14:24:04","guid":{"rendered":"http:\/\/argentinamunicipal.com.ar\/argentina\/?p=12851"},"modified":"2014-08-06T11:24:04","modified_gmt":"2014-08-06T14:24:04","slug":"el-papa-francisco-pidio-rezar-mucho-por-la-paz-en-medio-oriente","status":"publish","type":"post","link":"http:\/\/argentinamunicipal.com.ar\/argentina\/el-papa-francisco-pidio-rezar-mucho-por-la-paz-en-medio-oriente\/","title":{"rendered":"El papa Francisco pidi\u00f3 \u00abrezar mucho\u00bb por la paz en Medio Oriente"},"content":{"rendered":"<p><a href=\"http:\/\/argentinamunicipal.com.ar\/argentina\/wp-content\/uploads\/2014\/08\/53e213f269a24_large.jpg_274898881.jpg\"><img loading=\"lazy\" decoding=\"async\" class=\"aligncenter size-full wp-image-12852\" src=\"http:\/\/argentinamunicipal.com.ar\/argentina\/wp-content\/uploads\/2014\/08\/53e213f269a24_large.jpg_274898881.jpg\" alt=\"53e213f269a24_large.jpg_274898881\" width=\"624\" height=\"468\" srcset=\"http:\/\/argentinamunicipal.com.ar\/argentina\/wp-content\/uploads\/2014\/08\/53e213f269a24_large.jpg_274898881.jpg 624w, http:\/\/argentinamunicipal.com.ar\/argentina\/wp-content\/uploads\/2014\/08\/53e213f269a24_large.jpg_274898881-300x225.jpg 300w\" sizes=\"auto, (max-width: 624px) 100vw, 624px\" \/><\/a><\/p>\n<p>Fue durante la audiencia general que celebr\u00f3 en el Aula Pablo VI del Vaticano, en la que centr\u00f3 su mensaje en un abierto pedido por el alto el fuego en la Franja de Gaza.<\/p>\n<p>El papa Francisco inst\u00f3 a \u00abrezar mucho\u00bb por la paz en Oriente Medio, durante la audiencia general que celebr\u00f3 en el Aula Pablo VI del Vaticano.<\/p>\n<p>\u00abRecemos mucho por la paz en Oriente Medio. \u00a1Rezad, por favor!\u00bb, fue la petici\u00f3n del pont\u00edfice argentino, quien este mi\u00e9rcoles reanud\u00f3 la celebraci\u00f3n de las audiencias generales de los mi\u00e9rcoles tras la pausa durante el mes de julio.<\/p>\n<p>El Papa tambi\u00e9n expres\u00f3 su cercan\u00eda a los familiares de las v\u00edctimas y afectados por el terremoto del pasado domingo en Yunnan, suroeste de China, y que provoc\u00f3 la muerte de al menos 589 personas.<\/p>\n<p>La audiencia general se realiz\u00f3 en un Aula Pablo VI repleta de peregrinos y otros siguieron la catequesis en las pantallas gigantes colocadas en la plaza San Pedro.<\/p>\n<p>La catequesis del Papa de este mi\u00e9rcoles estuvo dedicada al pasaje de la Biblia en la que Jes\u00fas \u00abentrega a sus disc\u00edpulos una ense\u00f1anza nueva, que comienza con las Bienaventuranzas\u00bb.<\/p>\n<p>Para Francisco, las Bienaventuranzas \u00abson como el retrato de Jes\u00fas, su forma de vida y el camino de la felicidad que anhela el coraz\u00f3n humano\u00bb y concluy\u00f3 que el \u00abd\u00eda del juicio final no se presentar\u00e1n t\u00edtulos o cr\u00e9ditos\u00bb, y a\u00f1adi\u00f3: \u00abLas preguntas que se nos har\u00e1n ser\u00e1n sobre nuestra beatitud\u00bb.<\/p>\n<h6>Fuente: Uno, Mendoza<\/h6>\n","protected":false},"excerpt":{"rendered":"<p>Fue durante la audiencia general que celebr\u00f3 en el Aula Pablo VI del Vaticano, en la que centr\u00f3 su mensaje en un abierto pedido por el alto el fuego en la Franja de Gaza. El papa Francisco inst\u00f3 a \u00abrezar mucho\u00bb por la paz en Oriente Medio, durante la audiencia general que celebr\u00f3 en el<\/p>\n","protected":false},"author":2,"featured_media":12852,"comment_status":"closed","ping_status":"closed","sticky":false,"template":"","format":"standard","meta":{"footnotes":""},"categories":[22],"tags":[57],"class_list":["post-12851","post","type-post","status-publish","format-standard","has-post-thumbnail","hentry","category-el-mundo","tag-el-mundo"],"_links":{"self":[{"href":"http:\/\/argentinamunicipal.com.ar\/argentina\/wp-json\/wp\/v2\/posts\/12851","targetHints":{"allow":["GET"]}}],"collection":[{"href":"http:\/\/argentinamunicipal.com.ar\/argentina\/wp-json\/wp\/v2\/posts"}],"about":[{"href":"http:\/\/argentinamunicipal.com.ar\/argentina\/wp-json\/wp\/v2\/types\/post"}],"author":[{"embeddable":true,"href":"http:\/\/argentinamunicipal.com.ar\/argentina\/wp-json\/wp\/v2\/users\/2"}],"replies":[{"embeddable":true,"href":"http:\/\/argentinamunicipal.com.ar\/argentina\/wp-json\/wp\/v2\/comments?post=12851"}],"version-history":[{"count":0,"href":"http:\/\/argentinamunicipal.com.ar\/argentina\/wp-json\/wp\/v2\/posts\/12851\/revisions"}],"wp:featuredmedia":[{"embeddable":true,"href":"http:\/\/argentinamunicipal.com.ar\/argentina\/wp-json\/wp\/v2\/media\/12852"}],"wp:attachment":[{"href":"http:\/\/argentinamunicipal.com.ar\/argentina\/wp-json\/wp\/v2\/media?parent=12851"}],"wp:term":[{"taxonomy":"category","embeddable":true,"href":"http:\/\/argentinamunicipal.com.ar\/argentina\/wp-json\/wp\/v2\/categories?post=12851"},{"taxonomy":"post_tag","embeddable":true,"href":"http:\/\/argentinamunicipal.com.ar\/argentina\/wp-json\/wp\/v2\/tags?post=12851"}],"curies":[{"name":"wp","href":"https:\/\/api.w.org\/{rel}","templated":true}]}}