{"id":1287,"date":"2014-02-17T15:05:11","date_gmt":"2014-02-17T18:05:11","guid":{"rendered":"http:\/\/argentinamunicipal.com.ar\/argentina\/?p=1287"},"modified":"2014-02-17T15:05:11","modified_gmt":"2014-02-17T18:05:11","slug":"no-queremos-manoseos-de-los-grandes-supermercados","status":"publish","type":"post","link":"http:\/\/argentinamunicipal.com.ar\/argentina\/no-queremos-manoseos-de-los-grandes-supermercados\/","title":{"rendered":"\u00abNo queremos manoseos\u00bb de los grandes supermercados"},"content":{"rendered":"<div id=\"attachment_1288\" style=\"width: 650px\" class=\"wp-caption aligncenter\"><a href=\"http:\/\/argentinamunicipal.com.ar\/argentina\/wp-content\/uploads\/2014\/02\/1323224209D.jpg\"><img loading=\"lazy\" decoding=\"async\" aria-describedby=\"caption-attachment-1288\" class=\"size-full wp-image-1288\" alt=\"&quot;Vamos a cuidar el bolsillo de los argentinos&quot;, dijo Pereyra\" src=\"http:\/\/argentinamunicipal.com.ar\/argentina\/wp-content\/uploads\/2014\/02\/1323224209D.jpg\" width=\"640\" height=\"480\" srcset=\"http:\/\/argentinamunicipal.com.ar\/argentina\/wp-content\/uploads\/2014\/02\/1323224209D.jpg 640w, http:\/\/argentinamunicipal.com.ar\/argentina\/wp-content\/uploads\/2014\/02\/1323224209D-300x225.jpg 300w\" sizes=\"auto, (max-width: 640px) 100vw, 640px\" \/><\/a><p id=\"caption-attachment-1288\" class=\"wp-caption-text\">\u00abVamos a cuidar el bolsillo de los argentinos\u00bb, dijo Pereyra<\/p><\/div>\n<p>Julio Pereyra destac\u00f3 el convenio de cooperaci\u00f3n y asistencia t\u00e9cnica que se firm\u00f3 entre la FAM y el Ministerio de Econom\u00eda, en el marco del Programa Precios Cuidados<\/p>\n<p>Luego de la firma del convenio de colaboraci\u00f3n mutua de los municipios con el Ministro de Econom\u00eda, Axel Kicillof, y el Secretario de Comercio, Augusto Costa, el intendente de Florencio Varela subray\u00f3, en declaraciones a T\u00e9lam, que \u00ablos propios intendentes ya est\u00e1n mirando los precios en los supermercados\u00bb.<\/p>\n<p>Asimismo, Pereyra se refiri\u00f3 a los empresarios y explic\u00f3 que \u00abfirmaron un acuerdo para mantener precios l\u00f3gicos\u00bb por lo tanto \u00abqueremos ver esos productos en las g\u00f3ndolas\u00bb.<\/p>\n<p>A su vez, agreg\u00f3 que \u00abvamos a cuidar el bolsillo de los argentinos\u00bb.El acuerdo comprende 194 productos incluidos en una canasta de alimentos, bebidas y art\u00edculos de perfumer\u00eda y librer\u00eda.<\/p>\n<p>Consultado por la maniobras especulativas para subir el d\u00f3lar, Pereyra se\u00f1al\u00f3 que \u00abhubo un abuso\u00bb y resalt\u00f3 que \u00abquisieron pegar un empuj\u00f3n en contra del pueblo argentino\u00bb.<\/p>\n<p>\u00abLos sectores desestabilizadores tienen intereses econ\u00f3micos, pero quienes los conducen quieren desestabilizar al gobierno y en muchos casos son los mismos que golpeaban las puertas de los cuarteles\u00bb en otras \u00e9pocas, dijo el presidente de la FAM.<\/p>\n<p>Por otro lado, en relaci\u00f3n a c\u00f3mo los consumidores participan del control de precios, Pereyra indic\u00f3 que \u00abla gente est\u00e1 tomando mucha conciencia, sabe que el gobierno no es quien forma los precios\u00bb y agreg\u00f3 que \u00ablos vecinos tienen una mirada clara de que los productos no pueden aumentar de manera desproporcionada\u00bb.<\/p>\n<p>La puesta en marcha del programa Precios Cuidados \u00absirvi\u00f3 para desnudar el aprovechamiento de algunos sectores\u00bb, aclar\u00f3 el intendente y a\u00f1adi\u00f3 que \u00abes un muy buen programa, sistematizado, no hab\u00eda visto un programa similar\u00bb.<\/p>\n<p>A su vez, Pereyra inform\u00f3 que la semana que viene se realizar\u00e1 un nuevo encuentro con un grupo de intendentes bonaerenses pertenecientes a la FAM, para establecer los mecanismos de coordinaci\u00f3n de monitoreo de costos de los insumos de la construcci\u00f3n.<\/p>\n<p>En esta primera etapa, el convenio lo formalizaron los municipios de Avellaneda, Berazategui, Berisso, Coronel Brandsen, Ca\u00f1uelas, Ensenada, Esteban Echeverr\u00eda, Ezeiza, Florencio Varela, Lan\u00fas, Lomas de Zamora, Lobos, Magdalena, La Matanza, Presidente Per\u00f3n, Punta Indio, Quilmes, San Vicente, Campana, General Las Heras, General Rodr\u00edguez, Ituzaing\u00f3, Jos\u00e9 C. Paz, Marcos Paz, Merlo, Moreno, Mor\u00f3n, Navarro, Suipacha y Tres de Febrero.<\/p>\n<h6>Fuente: El Sol de Quilmes<\/h6>\n","protected":false},"excerpt":{"rendered":"<p>Julio Pereyra destac\u00f3 el convenio de cooperaci\u00f3n y asistencia t\u00e9cnica que se firm\u00f3 entre la FAM y el Ministerio de Econom\u00eda, en el marco del Programa Precios Cuidados Luego de la firma del convenio de colaboraci\u00f3n mutua de los municipios con el Ministro de Econom\u00eda, Axel Kicillof, y el Secretario de Comercio, Augusto Costa, el<\/p>\n","protected":false},"author":1,"featured_media":1288,"comment_status":"closed","ping_status":"closed","sticky":false,"template":"","format":"standard","meta":{"footnotes":""},"categories":[5],"tags":[12],"class_list":["post-1287","post","type-post","status-publish","format-standard","has-post-thumbnail","hentry","category-informe-economico","tag-buenos-aires"],"_links":{"self":[{"href":"http:\/\/argentinamunicipal.com.ar\/argentina\/wp-json\/wp\/v2\/posts\/1287","targetHints":{"allow":["GET"]}}],"collection":[{"href":"http:\/\/argentinamunicipal.com.ar\/argentina\/wp-json\/wp\/v2\/posts"}],"about":[{"href":"http:\/\/argentinamunicipal.com.ar\/argentina\/wp-json\/wp\/v2\/types\/post"}],"author":[{"embeddable":true,"href":"http:\/\/argentinamunicipal.com.ar\/argentina\/wp-json\/wp\/v2\/users\/1"}],"replies":[{"embeddable":true,"href":"http:\/\/argentinamunicipal.com.ar\/argentina\/wp-json\/wp\/v2\/comments?post=1287"}],"version-history":[{"count":0,"href":"http:\/\/argentinamunicipal.com.ar\/argentina\/wp-json\/wp\/v2\/posts\/1287\/revisions"}],"wp:featuredmedia":[{"embeddable":true,"href":"http:\/\/argentinamunicipal.com.ar\/argentina\/wp-json\/wp\/v2\/media\/1288"}],"wp:attachment":[{"href":"http:\/\/argentinamunicipal.com.ar\/argentina\/wp-json\/wp\/v2\/media?parent=1287"}],"wp:term":[{"taxonomy":"category","embeddable":true,"href":"http:\/\/argentinamunicipal.com.ar\/argentina\/wp-json\/wp\/v2\/categories?post=1287"},{"taxonomy":"post_tag","embeddable":true,"href":"http:\/\/argentinamunicipal.com.ar\/argentina\/wp-json\/wp\/v2\/tags?post=1287"}],"curies":[{"name":"wp","href":"https:\/\/api.w.org\/{rel}","templated":true}]}}