{"id":128919,"date":"2022-08-26T05:36:10","date_gmt":"2022-08-26T08:36:10","guid":{"rendered":"http:\/\/argentinamunicipal.com.ar\/argentina\/?p=128919"},"modified":"2022-08-25T19:39:21","modified_gmt":"2022-08-25T22:39:21","slug":"un-ano-sin-la-gum-habia-una-expectativa-absurda-sobre-su-funcion-evaluo-el-intendente-de-rosario","status":"publish","type":"post","link":"http:\/\/argentinamunicipal.com.ar\/argentina\/un-ano-sin-la-gum-habia-una-expectativa-absurda-sobre-su-funcion-evaluo-el-intendente-de-rosario\/","title":{"rendered":"Un a\u00f1o sin la GUM: \u00abHab\u00eda una expectativa absurda sobre su funci\u00f3n\u00bb, evalu\u00f3 el intendente de Rosario"},"content":{"rendered":"<p>El intendente dijo que con la actual Direcci\u00f3n de Proximidad \u00abse busca que el estado municipal tenga presencia para ordenar los centros comerciales barriales\u00bb<\/p>\n<p>Este s\u00e1bado 27 de agosto se cumple un a\u00f1o de una de las resoluciones que causaron m\u00e1s pol\u00e9mica en la ciudad: la disoluci\u00f3n de la Guardia Urbana Municipal (GUM), que se termin\u00f3 convirtiendo en la Direcci\u00f3n de Proximidad. Tras la presentaci\u00f3n del plan de reconstrucci\u00f3n de 35 espacios p\u00fablicos en distintos barrios de Rosario, el intendente Pablo Javkin realiz\u00f3 este jueves un balance de lo que signific\u00f3 la reconfiguraci\u00f3n de un grupo de empleados municipales, cuyas funciones muchas veces -asegur\u00f3- fueron malinterpretadas.<\/p>\n<p>Ante una consulta puntual sobre este tema, Javkin dijo: \u201cTodos los procesos llevan tiempo. Los vecinos ten\u00edan una idea equivocada de la GUM. El municipio no tiene personal para portar armas. Por lo tanto, no tiene efectivos que puedan intervenir en los cr\u00edmenes. Alguna vez he le\u00eddo que cuando ocurr\u00eda un crimen, alguien preguntaba \u00bfd\u00f3nde est\u00e1 la GUM? Y no ten\u00eda intervenci\u00f3n en temas de seguridad\u201d.<\/p>\n<p>El intendente remarc\u00f3 que en un tema tan sensible como la seguridad p\u00fablica, cada estamento del Estado \u201ctiene que poner lo suyo\u00bb. Ampli\u00f3: \u00abNosotros hacemos esto (dijo en relaci\u00f3n a las intervenciones para mejorar espacios p\u00fablicos). En toda la GUM hab\u00eda 187 personas. Y se defin\u00eda el funcionamiento del estado municipal en funci\u00f3n de 187 personas, sobre las cuales la gente ten\u00eda una expectativa absurda\u00bb.<\/p>\n<p>\u201cNo vamos a combatir el narcotr\u00e1fico con un handy. Ni voy a exponer a un crimen a un empleado que lo \u00fanico que tiene en su poder es un equipo de comunicaci\u00f3n. Ven\u00edamos hablando de que no vemos persecuciones de delincuentes por parte de Gendarmer\u00eda o de la polic\u00eda provincial, \u00bfy le vamos a pedir eso a un empleado municipal?\u201d, se pregunt\u00f3.<\/p>\n<p>\u201cEste es un proceso que se inici\u00f3 y lleva su tiempo. Queremos una presencia del estado municipal en los centros comerciales barriales para trabajar en el ordenamiento de esos centros. Ya hay tres donde esto se puede verificar y lo vamos a extender a otros\u201d, agreg\u00f3 sobre los objetivos planteados para la gesti\u00f3n de la sucesora de la GUM, es decir la Direcci\u00f3n de Proximidad.<\/p>\n<p>Javkin estim\u00f3 que la ciudad \u201cdebe tener alrededor de 5 mil agentes policiales y ten\u00eda 187 personas para los tres turnos de una dependencia, y parec\u00eda que la discusi\u00f3n giraba en torno a eso. El cambio era algo que se estaba reclamando hace mucho y se hizo. Hay que capacitar a la gente. La GUM naci\u00f3 con otra idea, se le puso un uniforme casi militar. hab\u00eda que resolver eso. y se hizo. Ahora la vamos a re adecuar a lo que yo creo que debe ser la funci\u00f3n de un agente municipal. Es decir, estar en un centro comercial y cuidar su funcionamiento\u201d.<\/p>\n<h6>Fuente: La Capital<\/h6>\n","protected":false},"excerpt":{"rendered":"<p>El intendente dijo que con la actual Direcci\u00f3n de Proximidad \u00abse busca que el estado municipal tenga presencia para ordenar los centros comerciales barriales\u00bb<\/p>\n","protected":false},"author":2,"featured_media":128920,"comment_status":"closed","ping_status":"closed","sticky":false,"template":"","format":"standard","meta":{"footnotes":""},"categories":[2],"tags":[10],"class_list":["post-128919","post","type-post","status-publish","format-standard","has-post-thumbnail","hentry","category-informe-municipal","tag-santa-fe"],"_links":{"self":[{"href":"http:\/\/argentinamunicipal.com.ar\/argentina\/wp-json\/wp\/v2\/posts\/128919","targetHints":{"allow":["GET"]}}],"collection":[{"href":"http:\/\/argentinamunicipal.com.ar\/argentina\/wp-json\/wp\/v2\/posts"}],"about":[{"href":"http:\/\/argentinamunicipal.com.ar\/argentina\/wp-json\/wp\/v2\/types\/post"}],"author":[{"embeddable":true,"href":"http:\/\/argentinamunicipal.com.ar\/argentina\/wp-json\/wp\/v2\/users\/2"}],"replies":[{"embeddable":true,"href":"http:\/\/argentinamunicipal.com.ar\/argentina\/wp-json\/wp\/v2\/comments?post=128919"}],"version-history":[{"count":0,"href":"http:\/\/argentinamunicipal.com.ar\/argentina\/wp-json\/wp\/v2\/posts\/128919\/revisions"}],"wp:featuredmedia":[{"embeddable":true,"href":"http:\/\/argentinamunicipal.com.ar\/argentina\/wp-json\/wp\/v2\/media\/128920"}],"wp:attachment":[{"href":"http:\/\/argentinamunicipal.com.ar\/argentina\/wp-json\/wp\/v2\/media?parent=128919"}],"wp:term":[{"taxonomy":"category","embeddable":true,"href":"http:\/\/argentinamunicipal.com.ar\/argentina\/wp-json\/wp\/v2\/categories?post=128919"},{"taxonomy":"post_tag","embeddable":true,"href":"http:\/\/argentinamunicipal.com.ar\/argentina\/wp-json\/wp\/v2\/tags?post=128919"}],"curies":[{"name":"wp","href":"https:\/\/api.w.org\/{rel}","templated":true}]}}