{"id":128934,"date":"2022-08-29T05:00:01","date_gmt":"2022-08-29T08:00:01","guid":{"rendered":"http:\/\/argentinamunicipal.com.ar\/argentina\/?p=128934"},"modified":"2022-08-25T19:53:42","modified_gmt":"2022-08-25T22:53:42","slug":"realizaran-concurso-para-nuevas-ideas-jovenes-en-el-parque-industrial-de-rafaela","status":"publish","type":"post","link":"http:\/\/argentinamunicipal.com.ar\/argentina\/realizaran-concurso-para-nuevas-ideas-jovenes-en-el-parque-industrial-de-rafaela\/","title":{"rendered":"Realizar\u00e1n concurso para nuevas ideas j\u00f3venes en el Parque Industrial de Rafaela"},"content":{"rendered":"<p>En la ciudad se est\u00e1 proyectando la creaci\u00f3n de un Parque Regional de Rafaela con desarrollo ecosist\u00e9mico, para establecer un espacio verde de escala metropolitana en el suroeste de la ciudad.<\/p>\n<p>Se trata de un total de 66 hect\u00e1reas, detr\u00e1s del predio de la UNRaf. Formar\u00e1n parte de un ambicioso proyecto con vocaci\u00f3n ambiental, recreativa y social integradora en usos.<\/p>\n<p>La planificaci\u00f3n se genera en funci\u00f3n de las caracter\u00edsticas del sector. Esto ya que es zona de lagunas de retardo, combinando esparcimiento, actividades deportivas, educaci\u00f3n ambiental y el contacto de los habitantes con la naturaleza. Tendr\u00e1 una instancia de participaci\u00f3n ciudadana para el correcto uso del espacio.<\/p>\n<p>Leer tambi\u00e9n:\u00a0Julieta, la joven que sobrevivi\u00f3 gracias a la primera reconstrucci\u00f3n de cr\u00e1neo en Rafaela<br \/>\nTeniendo presente esta iniciativa, se abre la convocatoria al \u201cIdeat\u00f3n 2022 Concurso Educativo Ambiental\u201d. En el marco de la Agenda de la Ciencia, la Tecnolog\u00eda y la Innovaci\u00f3n 2022, que busca articular esfuerzos, para promover acciones orientadas a una mayor participaci\u00f3n de la juventud. Esto en la formulaci\u00f3n de ideas en las diferentes problem\u00e1ticas o propuestas de nuestra regi\u00f3n.<\/p>\n<p>El concurso surge del trabajo articulado entre el Instituto para el Desarrollo Sustentable (IDSR), la Secretar\u00eda de Ambiente y Movilidad, la Secretar\u00eda de Educaci\u00f3n de la Municipalidad de Rafaela y el Instituto Nacional de Tecnolog\u00eda Industrial (INTI).<\/p>\n<p>Informaci\u00f3n del concurso<br \/>\nEst\u00e1 dirigido a estudiantes de las escuelas de nivel secundario de la ciudad y de la regi\u00f3n, que se pueden organizar en grupos de no m\u00e1s de 5 integrantes, con uno o dos docentes a cargo.<\/p>\n<p>La propuesta implica la investigaci\u00f3n, desarrollo y comunicaci\u00f3n de la propuesta de valor. Pretende que los j\u00f3venes aporten conocimiento y creatividad, para pensar y encontrar ideas y soluciones innovadoras y sustentables para los desaf\u00edos propuestos del parque regional de nuestra ciudad. Y se convierten en agentes activos de iniciativas locales.<\/p>\n<p>Los ejes sobre los cuales pueden presentarse iniciativas son<br \/>\neconom\u00eda circular (infraestructuras y equipamiento),<br \/>\ncuidado de recursos naturales,<br \/>\naccesibilidad y servicios (conectividad, movilidad).<br \/>\nSe seleccionar\u00e1n dos proyectos ganadores, con premios individuales (auriculares con bluetooth para cada integrante del grupo) y premios institucionales (TV Led y proyector) seg\u00fan corresponda.<\/p>\n<h6>Fuente: Sin Mordaza<\/h6>\n","protected":false},"excerpt":{"rendered":"<p>En la ciudad se est\u00e1 proyectando la creaci\u00f3n de un Parque Regional de Rafaela con desarrollo ecosist\u00e9mico, para establecer un espacio verde de escala metropolitana en el suroeste de la ciudad.<\/p>\n","protected":false},"author":2,"featured_media":128935,"comment_status":"closed","ping_status":"closed","sticky":false,"template":"","format":"standard","meta":{"footnotes":""},"categories":[2],"tags":[10],"class_list":["post-128934","post","type-post","status-publish","format-standard","has-post-thumbnail","hentry","category-informe-municipal","tag-santa-fe"],"_links":{"self":[{"href":"http:\/\/argentinamunicipal.com.ar\/argentina\/wp-json\/wp\/v2\/posts\/128934","targetHints":{"allow":["GET"]}}],"collection":[{"href":"http:\/\/argentinamunicipal.com.ar\/argentina\/wp-json\/wp\/v2\/posts"}],"about":[{"href":"http:\/\/argentinamunicipal.com.ar\/argentina\/wp-json\/wp\/v2\/types\/post"}],"author":[{"embeddable":true,"href":"http:\/\/argentinamunicipal.com.ar\/argentina\/wp-json\/wp\/v2\/users\/2"}],"replies":[{"embeddable":true,"href":"http:\/\/argentinamunicipal.com.ar\/argentina\/wp-json\/wp\/v2\/comments?post=128934"}],"version-history":[{"count":0,"href":"http:\/\/argentinamunicipal.com.ar\/argentina\/wp-json\/wp\/v2\/posts\/128934\/revisions"}],"wp:featuredmedia":[{"embeddable":true,"href":"http:\/\/argentinamunicipal.com.ar\/argentina\/wp-json\/wp\/v2\/media\/128935"}],"wp:attachment":[{"href":"http:\/\/argentinamunicipal.com.ar\/argentina\/wp-json\/wp\/v2\/media?parent=128934"}],"wp:term":[{"taxonomy":"category","embeddable":true,"href":"http:\/\/argentinamunicipal.com.ar\/argentina\/wp-json\/wp\/v2\/categories?post=128934"},{"taxonomy":"post_tag","embeddable":true,"href":"http:\/\/argentinamunicipal.com.ar\/argentina\/wp-json\/wp\/v2\/tags?post=128934"}],"curies":[{"name":"wp","href":"https:\/\/api.w.org\/{rel}","templated":true}]}}