{"id":129022,"date":"2022-08-30T05:33:01","date_gmt":"2022-08-30T08:33:01","guid":{"rendered":"http:\/\/argentinamunicipal.com.ar\/argentina\/?p=129022"},"modified":"2022-08-29T20:35:40","modified_gmt":"2022-08-29T23:35:40","slug":"nuevo-transporte-publico-en-santa-fe-plantean-otro-mecanismo-para-definir-tarifas","status":"publish","type":"post","link":"http:\/\/argentinamunicipal.com.ar\/argentina\/nuevo-transporte-publico-en-santa-fe-plantean-otro-mecanismo-para-definir-tarifas\/","title":{"rendered":"Nuevo transporte p\u00fablico en Santa Fe: plantean otro mecanismo para definir tarifas"},"content":{"rendered":"<p>El municipio quiere reorganizar el esquema de tarifas a la par de la nueva licitaci\u00f3n de la flota de colectivos. Se realizar\u00e1 una encuesta de movilidad a 1.800 hogares del Gran Santa Fe.<\/p>\n<p>En el palacio municipal se presentaron avances de lo que es el nuevo proyecto encabezado por la municipalidad sobre el redise\u00f1o del sistema de transporte p\u00fablico de pasajeros en la ciudad de Santa Fe.<br \/>\nEn las pr\u00f3ximas semanas el municipio enviar\u00e1 al Concejo municipal un proyecto de ordenanza para establecer un nuevo marco regulatorio al transporte p\u00fablico, planteando lo que ser\u00e1 un nuevo mecanismo de actualizaci\u00f3n tarifaria y otras actualizaciones en el servicio con base a estudios interinstitucionales que ya se est\u00e1n realizando en conjunto con la Municipalidad.<\/p>\n<p><strong>Tarifas<\/strong><br \/>\nEn conjunto con la Municipalidad se encuentran trabajando distintos equipos pertenecientes a la Universidad Nacional del Litoral realizando estudios de campo. Ya a finales del a\u00f1o pasado se entreg\u00f3 al ejecutivo un diagn\u00f3stico preliminar justo al final de la emergencia de movilidad, aunque el segundo estudio que se entreg\u00f3 recientemente tendr\u00e1 un impacto en lo que ser\u00e1 la nueva regulaci\u00f3n de tarifas.<\/p>\n<p>La secretaria de movilidad del municipio, Andrea Zorz\u00f3n, brind\u00f3 detalles sobre lo que ser\u00e1 este proyecto de ordenanza, adem\u00e1s de informar sobre como se viene trabajando desde el ejecutivo: \u00abYa estamos alcanzando los valores de noviembre 2019.<\/p>\n<p>Si bien el escenario econ\u00f3mico del pa\u00eds no es el mejor desde el municipio pensamos que los usuarios no tenemos que ver reflejada esa situaci\u00f3n\u00bb.<\/p>\n<p>El segundo estudio entregado por las universidades es una matriz de costos, lo cual en palabras de Zorz\u00f3n \u00abes un componente muy importante para pensar un nuevo esquema tarifario y una nueva regulaci\u00f3n de la tarifa que formar\u00e1 parte de esta ordenanza\u00bb.<\/p>\n<p>\u00abLa calidad del servicio debe dar respuesta y por eso pensamos en reflotar la licitaci\u00f3n que vaya llevando a la flota de colectivos a la calidad que se merece, lo mismo que la frecuencia, antig\u00fcedad de coches y dem\u00e1s\u00bb, agreg\u00f3.<\/p>\n<p>Consultada por una fecha tentativa de licitaci\u00f3n, Zorz\u00f3n puntualiz\u00f3: \u00abEn primer lugar tenemos que conformar este mensaje de nueva ordenanza de regulaci\u00f3n del transporte p\u00fablico, lo cual va a ir acompa\u00f1ado de los pliegos y se estar\u00e1 remitiendo al Concejo. A\u00fan no tenemos fecha\u00bb.<\/p>\n<p><strong>Datos de la SUBE<\/strong><br \/>\n\u00abDesde la Municipalidad venimos trabajando en el dise\u00f1o de la nueva red del sistema de transporte p\u00fablico de pasajeros, para la elaboraci\u00f3n de la ordenanza que se estar\u00e1 remitiendo al Concejo Municipal. Desde la direcci\u00f3n de Movilidad entendemos importante hacerlo con datos que venimos construyendo a trav\u00e9s de distintas fuentes de informaci\u00f3n.<\/p>\n<p>El municipio estudi\u00f3 diversos par\u00e1metros en base al procesamiento de datos de la sube. Sobre esto, Zorz\u00f3n sostuvo que \u00abnos permite evaluar los viajes de las personas, analizar patrones de desplazamiento, las l\u00edneas m\u00e1s utilizadas, los horarios, las personas que tienen distintos beneficios, poder hacer un an\u00e1lisis seg\u00fan la poblaci\u00f3n como lo son los estudiantes, jubilados o quienes reciben una AUH\u00bb.<\/p>\n<p><strong>Encuesta de movilidad<\/strong><br \/>\nDesde septiembre, el municipio realizar\u00e1 una encuesta de movilidad en 1.800 hogares de todo el Gran Santa Fe. El \u00faltimo estudio similar se hizo en 2012 y ser\u00e1 financiado por el municipio.<\/p>\n<p>\u00abEsto nos va a permitir conocer c\u00f3mo se mueven, por qu\u00e9, si lo hacen en colectivo, si deciden hacerlo a trav\u00e9s de su autom\u00f3vil, su bicicleta, detectando falencias que pueda tener el sistema de colectivos adem\u00e1s de la definici\u00f3n de otras pol\u00edticas de movilidad, como lo es la redefinici\u00f3n del estacionamiento medido o nuevas bicisendas\u00bb, adelant\u00f3 Zorz\u00f3n.<\/p>\n<p><strong>Bicicletas p\u00fablicas<\/strong><br \/>\nA su vez se determin\u00f3 la factibilidad de determinados espacios como articuladores modales para poder pensar de manera integrada el sistema de bicicletas p\u00fablicas que va a estar muy pr\u00f3ximo a implementarse.<\/p>\n<p>\u00abEstamos muy pr\u00f3ximos a definir las estaciones de las bicis y tenemos que pensarlo de manera integrada con la parada de colectivos, taxis, para que un usuario llegue a determinado punto pudiendo hacer esos cambios\u00bb, indic\u00f3 la directora de movilidad.<\/p>\n<h6>Fuente: Uno<\/h6>\n","protected":false},"excerpt":{"rendered":"<p>El municipio quiere reorganizar el esquema de tarifas a la par de la nueva licitaci\u00f3n de la flota de colectivos. Se realizar\u00e1 una encuesta de movilidad a 1.800 hogares del Gran Santa Fe.<\/p>\n","protected":false},"author":2,"featured_media":129023,"comment_status":"closed","ping_status":"closed","sticky":false,"template":"","format":"standard","meta":{"footnotes":""},"categories":[2],"tags":[10],"class_list":["post-129022","post","type-post","status-publish","format-standard","has-post-thumbnail","hentry","category-informe-municipal","tag-santa-fe"],"_links":{"self":[{"href":"http:\/\/argentinamunicipal.com.ar\/argentina\/wp-json\/wp\/v2\/posts\/129022","targetHints":{"allow":["GET"]}}],"collection":[{"href":"http:\/\/argentinamunicipal.com.ar\/argentina\/wp-json\/wp\/v2\/posts"}],"about":[{"href":"http:\/\/argentinamunicipal.com.ar\/argentina\/wp-json\/wp\/v2\/types\/post"}],"author":[{"embeddable":true,"href":"http:\/\/argentinamunicipal.com.ar\/argentina\/wp-json\/wp\/v2\/users\/2"}],"replies":[{"embeddable":true,"href":"http:\/\/argentinamunicipal.com.ar\/argentina\/wp-json\/wp\/v2\/comments?post=129022"}],"version-history":[{"count":0,"href":"http:\/\/argentinamunicipal.com.ar\/argentina\/wp-json\/wp\/v2\/posts\/129022\/revisions"}],"wp:featuredmedia":[{"embeddable":true,"href":"http:\/\/argentinamunicipal.com.ar\/argentina\/wp-json\/wp\/v2\/media\/129023"}],"wp:attachment":[{"href":"http:\/\/argentinamunicipal.com.ar\/argentina\/wp-json\/wp\/v2\/media?parent=129022"}],"wp:term":[{"taxonomy":"category","embeddable":true,"href":"http:\/\/argentinamunicipal.com.ar\/argentina\/wp-json\/wp\/v2\/categories?post=129022"},{"taxonomy":"post_tag","embeddable":true,"href":"http:\/\/argentinamunicipal.com.ar\/argentina\/wp-json\/wp\/v2\/tags?post=129022"}],"curies":[{"name":"wp","href":"https:\/\/api.w.org\/{rel}","templated":true}]}}