{"id":129044,"date":"2022-08-30T18:14:15","date_gmt":"2022-08-30T21:14:15","guid":{"rendered":"http:\/\/argentinamunicipal.com.ar\/argentina\/?p=129044"},"modified":"2022-08-30T18:14:15","modified_gmt":"2022-08-30T21:14:15","slug":"y-en-eso-llego-luciani","status":"publish","type":"post","link":"http:\/\/argentinamunicipal.com.ar\/argentina\/y-en-eso-llego-luciani\/","title":{"rendered":"Y en eso lleg\u00f3 Luciani"},"content":{"rendered":"<p>Era o parec\u00eda que el Frente de Todos estaba en ca\u00edda libre, incluyendo la imagen de su l\u00edder \u2014entre las huestes propias\u2014 por la ambig\u00fcedad o contradicciones como miembro de la coalici\u00f3n y, en particular, por el apoyo impl\u00edcito al empoderamiento de Sergio Massa.<\/p>\n<p>M\u00e1s a\u00fan: el recorte, diferimiento o ajuste a secas en los presupuestos de \u00e1reas como Salud, Educaci\u00f3n y Vivienda, empalmado con la ratificaci\u00f3n de Gabriel Rubinstein como viceministro, pon\u00edan (y ponen) a Cristina en el callej\u00f3n muy estrecho de las diferencias entre pragmatismo necesario y posibilismo resignado.<\/p>\n<p>Y en eso lleg\u00f3 Luciani, por supuesto que como mascar\u00f3n de proa del conjunto reaccionario obnubilado por el odio.<\/p>\n<p>Un fiscal con serias dificultades expresivas al volcar el contenido de su acusaci\u00f3n, atada a papeles y teleprompter. Y cuya papa en la boca sugiere,\u00a0precisamente, antes que problemas articulatorios funcionales u org\u00e1nicos, la t\u00edpica falta de convencimiento en lo expuesto. La sobreactuaci\u00f3n. El histrionismo de la hip\u00e9rbole.\u00a0(se sugiere al respecto la magn\u00edfica columna de\u00a0Mario Goloboff, en\u00a0P\u00e1gina 12\u00a0del viernes pasado).<\/p>\n<p>Se est\u00e9 a favor o en contra de CFK, en lo pol\u00edtico propiamente dicho, est\u00e1 fuera de toda duda razonable que la inculpaci\u00f3n del fiscal \u2014en lo espec\u00edfico de la causa Vialidad\u2014 es un delirio jur\u00eddico. O, adem\u00e1s, como se\u00f1ala Goloboff y siendo ben\u00e9volos, una ficci\u00f3n literaria.<\/p>\n<p>Es en las usinas seriamente org\u00e1nicas de la derecha (Carlos Pagni, por ejemplo, quien no forma parte del fronting kitsch de la se\u00f1al televisiva de Macri), desde donde se advierte que lo de Luciani en general, y sobre todo al acusar a un gobierno democr\u00e1tico por asociaci\u00f3n il\u00edcita, no tiene m\u00e1s pies ni cabeza que las enso\u00f1aciones del fiscal y sus titanes en el ring.<\/p>\n<p>Es desde ah\u00ed donde previenen, quiz\u00e1 tarde, que las cosas podr\u00edan concluir tranquilamente en una absoluci\u00f3n, o en una condena (muy) menor por fraude a la administraci\u00f3n p\u00fablica.\u00a0Y en una Cristina victimizada, capaz de reintroducirse con arrojo en el favor popular y electoral. Como Lula: as\u00ed lo dicen.<\/p>\n<p>Una primera pregunta, que surge ipso facto, es\u00a0c\u00f3mo puede ser que la derecha, en su faz m\u00e1s operativa (el Partido Judicial, el Medi\u00e1tico, el \u201cpartidario\u201d y las corporaciones a cuyos intereses responden) haya cometido el yerro garrafal de interrumpir al enemigo cuando estaba o estar\u00eda equivoc\u00e1ndose.<\/p>\n<p>Vale.<\/p>\n<p>Pero sirve asimismo interrogarse si lo de Luciani no funge, acaso,\u00a0como un punto de equilibrio, de re-armonizaci\u00f3n (es un decir), para el enfrentamiento entre las bandas cambiemitas.<\/p>\n<p>Aqu\u00ed se se\u00f1al\u00f3, hace una semana, lo llamativo de que en\u00a0La Naci\u00f3n+\u00a0resaltaran\u00a0andanzas del precandidato macrista\u00a0Cristian Ritondo, ligadas a bandas de polic\u00edas, jueces y abogados bonaerenses, presuntamente asociadas al narcotr\u00e1fico.<\/p>\n<p>Fue y es, apenas, un bot\u00f3n de muestra.<\/p>\n<p>Carri\u00f3 ya hab\u00eda activado el ventilador interno\u00a0con anuencia de Macri,\u00a0para luego sumarle una denuncia por espionaje contra\u00a0Patricia Bullrich.<\/p>\n<p>Gerardo Morales, el capanga que gobierna Jujuy, le sali\u00f3 al cruce e imput\u00f3 a Carri\u00f3 ser \u201cla Cristina de Juntos por el Cambio\u201d.<\/p>\n<p>El alcalde porte\u00f1o qued\u00f3 en el medio sin saber para d\u00f3nde disparar, entre su necesidad de halconear adjetivos para no aparecer \u201cmoderado\u201d y, al mismo tiempo, seguir llamando a una \u201camplia coalici\u00f3n\u201d que abarque a \u201cperonistas\u201d, a fines de un \u201c70 por ciento del electorado\u201d porque, de lo contrario, \u201cnadie podr\u00eda gobernar\u201d.<\/p>\n<p>Y tras el error casi incre\u00edble del vallado recoleto, a Larreta se lo vio furciero, muy inc\u00f3modo, en lo que ni siquiera fue una conferencia de prensa. Pero, al cabo, se \u201crindi\u00f3\u201d y jug\u00f3 a endurecer su verba\u00a0(aunque, como le marc\u00f3\u00a0Clar\u00edn\u00a0en su t\u00edtulo central de portada, este domingo, arrug\u00f3 porque tuvo que retirar a la Polic\u00eda).<\/p>\n<p>Heidi no hab\u00eda vuelto a aparecer porque tampoco sab\u00eda d\u00f3nde ubicarse con exactitud. En C\u00f3rdoba, rigen las cuitas de si Schiaretti jugar\u00e1 al\u00a0cordobesismo \u201cindependiente\u201d que perjudica al humorista Luis Juez.\u00a0En Mendoza,\u00a0el radical Cornejo recela del correligionario \u00bfmassista? Morales.<\/p>\n<p>Y, trat\u00e1ndose de la provincia de Buenos Aires o, en esencia, de su tercer cord\u00f3n como madre de todas las batallas,\u00a0Ritondo contra Santilli; Santilli contra Vidal o no se sabe; la Comandante Pato contra Carri\u00f3 o tampoco se sabe. M\u00e1s Macri contra Larreta\u00a0\u00bfy viceversa?,\u00a0presidiendo el espect\u00e1culo.<\/p>\n<p>En el fondo, as\u00ed como todos ellos se pondr\u00edan de acuerdo cuando gobiernen, para proceder a un aut\u00e9ntico ajuste antipopular y descomunal,\u00a0hay el mientras tanto de que son un despelote.<\/p>\n<p>Eso es lo que les advierte aquella derecha org\u00e1nicamente m\u00e1s seria, que\u00a0tampoco dispone de un frente un\u00edvoco.<\/p>\n<p>La facci\u00f3n de la clase dominante adscripta a\u00a0la agroexportaci\u00f3n tiene intereses no necesariamente articulados con la parte del entramado industrial ligada al mercado interno.\u00a0Sectores del negocio de la miner\u00eda, del litio, del mercado energ\u00e9tico,\u00a0juegan un partido que quiere confiar en Massa.\u00a0\u201cEl campo\u201d no es todo lo mismo:\u00a0la Mesa de Enlace gauch\u00f3crata tiene una influencia medi\u00e1tica superlativa, pero carece de representatividad absoluta\u00a0y las convocatorias a paros (con los cortes de ruta que vociferan sus gurkas sueltos) fueron un fiasco.<\/p>\n<p>Y en eso lleg\u00f3 Luciani.<\/p>\n<p>\u00bfQu\u00e9 hizo ese fiscal pat\u00e9tico?\u00a0Nada menos que reinstalar a Cristina como el gran ordenador de la pol\u00edtica argentina. Y desatando un aluvi\u00f3n entusiasta e impredecible.<\/p>\n<p>Todos unificadamente\u00a0con ella, porque con Cristina no se jode. Y todos\u00a0contra ella\u00a0porque es la yegua, peligrosa, que envidian profundamente y\u00a0que m\u00e1s quisieran tener en lugar de unos chichip\u00edos con menos calle que Venecia.<\/p>\n<p>La locura narcisista de Luciani, impulsada por los \u00f3rganos de comunicaci\u00f3n \u00bfhegem\u00f3nicos? que ahora ven rodeado al barrio donde vive Ella al grito de que la Recoleta es de Per\u00f3n; inventando que son todos planeros cuando hasta los m\u00f3viles de ellos registran se\u00f1oras, se\u00f1ores y piber\u00edo que salen del laburo sin ning\u00fan micro contratado mediante\u00a0y van a decirle ac\u00e1 estamos, Cristina, y se juntan todas las tribus del PJ, y dicen vamos a reventar la calle que perdimos, en todo el pa\u00eds&#8230;\u00a0la locura \u00e9sa del odio reflot\u00f3 \u00e9pica, o cierta \u00e9pica, que se hab\u00eda extraviado.<\/p>\n<p>\u00bfD\u00f3nde se ha visto, hoy, que en alg\u00fan lado se salga a defender a una l\u00edder, a una referencia, a un s\u00edmbolo,\u00a0sin importar que de por medio haya un programa econ\u00f3mico m\u00e1s emparentado con ajuste que con justicia distributiva?<\/p>\n<p>El apoyo a Cristina tiene una intensidad conmovedora, no s\u00f3lo entre los propios sino tambi\u00e9n frente a quienes hab\u00edan olvidado c\u00f3mo era aquello de estremecerse con una figura pol\u00edtica.<\/p>\n<p>Pero ahora viene la pregunta de respuesta m\u00e1s complicada.<\/p>\n<p>As\u00ed como es impresionante que tanta o tan significativa gente salga a la calle, porque probable o seguramente se reactiv\u00f3 la memoria de que alguna vez de hace poco estuvimos mejor, y porque \u2014encima\u2014 se sale a esa calle por un hecho que conecta con la pol\u00edtica y no con lo econ\u00f3mico,\u00a0\u00bfcu\u00e1nto habr\u00e1 de que esa conexi\u00f3n sirva para edificar Poder?<\/p>\n<p>Entre la potencia del sentimiento para proteger a Cristina, contra la persecuci\u00f3n pol\u00edtica y judicial que afronta, y la fuerza del antiperonismo como motor hist\u00f3rico de volumen similar o mayor,\u00a0\u00bfqu\u00e9 pasa y pasar\u00e1 con los laburantes que la yugan a toda hora; con la mayor\u00eda silenciosa que asiste al activismo de las minor\u00edas intensas; con quienes argumentan, presumible y l\u00f3gicamente, que yo no como, o no llego a fin de mes, con nada de eso de Luciani, ni del acoso a Cristina, ni de que es una chorra, ni tres pitos?<\/p>\n<p>Imposible saberlo.<\/p>\n<p>Podr\u00eda ser que esta reactivaci\u00f3n emocional del Frente de Todos, que en estos d\u00edas licua sus fracturas y disidencias, tenga alcance acotado porque la mayor\u00eda de \u201cla gente\u201d sufre que se la traga la inflaci\u00f3n. No el karma judicial de Cristina.<\/p>\n<p>Y podr\u00eda ser que la necesidad de volver a creer en algo\/alguien de \u201cla pol\u00edtica\u201d (cuya credibilidad est\u00e1 al nivel m\u00e1s bajo desde 2001) depare sorpresas.<\/p>\n<p>Depender\u00e1 de la percepci\u00f3n mayoritaria en cuanto a las expectativas y concreciones en lo econ\u00f3mico.<\/p>\n<p>Massa no tira, ni tirar\u00e1, si no demuestra que, adem\u00e1s de sus ambiciones personales, tiene mu\u00f1eca y respaldo interno para conjugar a los clanes de una aristocracia corporativa que insiste en carecer de capacidad dirigente.<\/p>\n<p>Pero\u00a0esos clanes tampoco conf\u00edan en la murga descoordinada del escenario cambiemita.<\/p>\n<p>Por lo pronto, cuando era o parec\u00eda que en el FdT ya no hab\u00eda m\u00e1s nada que hacer, lleg\u00f3 Luciani como referente de esa murga.<\/p>\n<p>Y Cristina, en lo personal y como referencia de la memoria reavivada, les desaf\u00eda que, m\u00ednimamente, no todo est\u00e1 dicho.<\/p>\n<p>Por Eduardo Aliverti<\/p>\n<h6>Fuente: P\u00e1gina 12<\/h6>\n","protected":false},"excerpt":{"rendered":"<p>Era o parec\u00eda que el Frente de Todos estaba en ca\u00edda libre, incluyendo la imagen de su l\u00edder \u2014entre las huestes propias\u2014 por la ambig\u00fcedad o contradicciones como miembro de la coalici\u00f3n y, en particular, por el apoyo impl\u00edcito al empoderamiento de Sergio Massa.<\/p>\n","protected":false},"author":2,"featured_media":129045,"comment_status":"closed","ping_status":"closed","sticky":false,"template":"","format":"standard","meta":{"footnotes":""},"categories":[6],"tags":[21],"class_list":["post-129044","post","type-post","status-publish","format-standard","has-post-thumbnail","hentry","category-opiniones","tag-argentina"],"_links":{"self":[{"href":"http:\/\/argentinamunicipal.com.ar\/argentina\/wp-json\/wp\/v2\/posts\/129044","targetHints":{"allow":["GET"]}}],"collection":[{"href":"http:\/\/argentinamunicipal.com.ar\/argentina\/wp-json\/wp\/v2\/posts"}],"about":[{"href":"http:\/\/argentinamunicipal.com.ar\/argentina\/wp-json\/wp\/v2\/types\/post"}],"author":[{"embeddable":true,"href":"http:\/\/argentinamunicipal.com.ar\/argentina\/wp-json\/wp\/v2\/users\/2"}],"replies":[{"embeddable":true,"href":"http:\/\/argentinamunicipal.com.ar\/argentina\/wp-json\/wp\/v2\/comments?post=129044"}],"version-history":[{"count":0,"href":"http:\/\/argentinamunicipal.com.ar\/argentina\/wp-json\/wp\/v2\/posts\/129044\/revisions"}],"wp:featuredmedia":[{"embeddable":true,"href":"http:\/\/argentinamunicipal.com.ar\/argentina\/wp-json\/wp\/v2\/media\/129045"}],"wp:attachment":[{"href":"http:\/\/argentinamunicipal.com.ar\/argentina\/wp-json\/wp\/v2\/media?parent=129044"}],"wp:term":[{"taxonomy":"category","embeddable":true,"href":"http:\/\/argentinamunicipal.com.ar\/argentina\/wp-json\/wp\/v2\/categories?post=129044"},{"taxonomy":"post_tag","embeddable":true,"href":"http:\/\/argentinamunicipal.com.ar\/argentina\/wp-json\/wp\/v2\/tags?post=129044"}],"curies":[{"name":"wp","href":"https:\/\/api.w.org\/{rel}","templated":true}]}}