{"id":129086,"date":"2022-08-31T04:32:30","date_gmt":"2022-08-31T07:32:30","guid":{"rendered":"http:\/\/argentinamunicipal.com.ar\/argentina\/?p=129086"},"modified":"2022-08-31T06:36:27","modified_gmt":"2022-08-31T09:36:27","slug":"wado-de-pedro-y-cresto-encabezaron-un-encuentro-federal-con-mas-de-500-intendentes-de-santa-fe-cordoba-y-entre-rios","status":"publish","type":"post","link":"http:\/\/argentinamunicipal.com.ar\/argentina\/wado-de-pedro-y-cresto-encabezaron-un-encuentro-federal-con-mas-de-500-intendentes-de-santa-fe-cordoba-y-entre-rios\/","title":{"rendered":"Wado de Pedro y Cresto encabezaron un encuentro federal con m\u00e1s de 500 intendentes de Santa Fe, C\u00f3rdoba y Entre R\u00edos"},"content":{"rendered":"<p>En Santa Fe, el ministro del Interior de la Naci\u00f3n Eduardo \u00abWado\u00bb de Pedro y el titular del Enohsa Enrique Cresto presidieron el panel central del 1\u00b0 Encuentro de Obra P\u00fablica Federal en la Regi\u00f3n Centro, con intendentes, intendentas y representantes comunales de Entre R\u00edos, Santa Fe y C\u00f3rdoba<\/p>\n<p>En la mesa principal del foro estuvieron el ex secretario de Obras P\u00fablicas de Naci\u00f3n y actual intendente de Villa Mar\u00eda (C\u00f3rdoba), Mart\u00edn Gill; el subsecretario de Relaciones Municipales de Interior, Pablo Giles; el subsecretario de Ejecuci\u00f3n de Obra P\u00fablica, Edgardo Depetri; la Ministra de Infraestructura de Santa Fe, Silvina Frana; el Presidente de la Liga de Intendentes Justicialistas de Entre R\u00edos, Lucas Larrarte; el diputado nacional Tom\u00e1s Ledesma y el intendente de Gualeguaych\u00fa, Mart\u00edn Piaggio, entre otras autoridades.<\/p>\n<p>El Ministro de Obras P\u00fablicas de la Naci\u00f3n, Gabriel Katopodis, particip\u00f3 por teleconferencia de la reuni\u00f3n, destacando la impronta federal del ministerio y el proceso de expansi\u00f3n de la obra p\u00fablica de agua y saneamiento que lleva adelante Enohsa. En tanto que las palabras iniciales de la jornada estuvieron a cargo del gobernador de Santa Fe, Omar Perotti.<\/p>\n<p>\u2022 Redistribuir y equilibrar<\/p>\n<p>En la oportunidad, De Pedro hizo hincapi\u00e9 en la necesidad de motorizar un desarrollo federal del pa\u00eds, y resalt\u00f3 que \u00abhay que redistribuir la riqueza a lo largo y ancho de Argentina\u00bb, ya que \u00abno podemos seguir concentrando todo alrededor del Puerto de la Ciudad de Buenos Aires, porque eso no es sin\u00f3nimo de federalismo\u00bb.<\/p>\n<p>\u00abEn el Ministerio de Obras P\u00fablicas de la Naci\u00f3n y, principalmente, en el Enohsa se est\u00e1 haciendo un gran trabajo para democratizar la obra p\u00fablica y garantizar que las obras lleguen donde tienen que llegar. Enrique tiene un gran compromiso con la tarea que el Presidente y el Frente de Todos le encomendaron. Que hoy contemos con cientos de obras de agua y saneamiento en todo el pa\u00eds es una demostraci\u00f3n concreta del alcance de este trabajo conjunto de Naci\u00f3n con los gobiernos provinciales y locales de toda la Argentina\u00bb, destac\u00f3 De Pedro.<\/p>\n<p>\u2022 Planes quinquenales<\/p>\n<p>A su turno, Cresto agradeci\u00f3 \u00aba todos los que hicieron posible este primer encuentro\u00bb y argument\u00f3 la necesidad de \u00abunir fuerzas entre los intendentes y presidentes comunales porque la construcci\u00f3n de este proyecto pol\u00edtico es desde abajo hacia arriba, y empieza por los gobiernos locales. Pero necesariamente ese trabajo debe ser en articulaci\u00f3n con los estados provinciales y con Naci\u00f3n, porque un municipio en soledad no puede generar las herramientas de inclusi\u00f3n y desarrollo que se est\u00e1n llevando adelante en tantos puntos del pa\u00eds\u00bb.<\/p>\n<p>Destac\u00f3 el federalismo de la obra p\u00fablica, al mencionar que \u00abel Estado Nacional est\u00e1 realizando obras trascendentales en todas las localidades, sin importar color pol\u00edtico ni cantidad de habitantes. Eso marca la diferencia de nuestro gobierno con otros anteriores\u00bb. En tal sentido, manifest\u00f3 su reconocimiento y agradecimiento \u00aba los ministros Gabriel Katopodis, Sergio Massa y al Jefe de Gabinete, Juan Manzur, como as\u00ed tambi\u00e9n a los intendentes y gobernadores, con los que trabajamos constantemente, especialmente con el gobernador de mi provincia, Gustavo Bordet\u00bb, dijo Cresto.<\/p>\n<p>Asimismo, el titular del Enohsa record\u00f3 el legado del Plan Quinquenal de Juan Domingo Per\u00f3n, que establec\u00eda \u00abuna divisi\u00f3n del pa\u00eds en 74 regiones para un mejor aprovechamiento de los recursos y mayor equidad en la distribuci\u00f3n de los mismos. Es fundamental que podamos recuperar esa idea federal porque nos marca una visi\u00f3n de desarrollo igualitario del pa\u00eds que debemos llevar siempre como bandera\u00bb, puntualiz\u00f3.<\/p>\n<p>\u2022 Presencias<\/p>\n<p>Entre las autoridades, invitados especiales y participantes de la jornada estuvieron tambi\u00e9n los intendentes entrerrianos Gerardo Chapino (Federal), Claudia Monjo (Villaguay), Alfredo Francolini (Concordia), Ricardo Bravo (Federaci\u00f3n), Dami\u00e1n Ar\u00e9valo (Feliciano), Luis Alberto Schaaf (Rosario del Tala), Jos\u00e9 Luis Walser (Col\u00f3n), Juan Carlos Darrich\u00f3n (Diamante), Gustavo Rold\u00e1n (Ibicuy), e intendentes, intendentas, presidentas y presidentes de comunas de los departamentos Paran\u00e1, Concordia, Col\u00f3n, Uruguay, Gualeguaych\u00fa, Gualeguay, Islas del Ibicuy, Victoria, Diamante, Nogoy\u00e1, San Salvador, Tala, La Paz, Feliciano, Federal, Federaci\u00f3n y Villaguay.<\/p>\n<h6>Fuente: APFDigital<\/h6>\n","protected":false},"excerpt":{"rendered":"<p>En Santa Fe, el ministro del Interior de la Naci\u00f3n Eduardo \u00abWado\u00bb de Pedro y el titular del Enohsa Enrique Cresto presidieron el panel central del 1\u00b0 Encuentro de Obra P\u00fablica Federal en la Regi\u00f3n Centro<\/p>\n","protected":false},"author":2,"featured_media":129087,"comment_status":"closed","ping_status":"closed","sticky":false,"template":"","format":"standard","meta":{"footnotes":""},"categories":[2],"tags":[3,17,10],"class_list":["post-129086","post","type-post","status-publish","format-standard","has-post-thumbnail","hentry","category-informe-municipal","tag-cordoba","tag-entre-rios","tag-santa-fe"],"_links":{"self":[{"href":"http:\/\/argentinamunicipal.com.ar\/argentina\/wp-json\/wp\/v2\/posts\/129086","targetHints":{"allow":["GET"]}}],"collection":[{"href":"http:\/\/argentinamunicipal.com.ar\/argentina\/wp-json\/wp\/v2\/posts"}],"about":[{"href":"http:\/\/argentinamunicipal.com.ar\/argentina\/wp-json\/wp\/v2\/types\/post"}],"author":[{"embeddable":true,"href":"http:\/\/argentinamunicipal.com.ar\/argentina\/wp-json\/wp\/v2\/users\/2"}],"replies":[{"embeddable":true,"href":"http:\/\/argentinamunicipal.com.ar\/argentina\/wp-json\/wp\/v2\/comments?post=129086"}],"version-history":[{"count":0,"href":"http:\/\/argentinamunicipal.com.ar\/argentina\/wp-json\/wp\/v2\/posts\/129086\/revisions"}],"wp:featuredmedia":[{"embeddable":true,"href":"http:\/\/argentinamunicipal.com.ar\/argentina\/wp-json\/wp\/v2\/media\/129087"}],"wp:attachment":[{"href":"http:\/\/argentinamunicipal.com.ar\/argentina\/wp-json\/wp\/v2\/media?parent=129086"}],"wp:term":[{"taxonomy":"category","embeddable":true,"href":"http:\/\/argentinamunicipal.com.ar\/argentina\/wp-json\/wp\/v2\/categories?post=129086"},{"taxonomy":"post_tag","embeddable":true,"href":"http:\/\/argentinamunicipal.com.ar\/argentina\/wp-json\/wp\/v2\/tags?post=129086"}],"curies":[{"name":"wp","href":"https:\/\/api.w.org\/{rel}","templated":true}]}}