{"id":12920,"date":"2014-08-10T07:00:38","date_gmt":"2014-08-10T10:00:38","guid":{"rendered":"http:\/\/argentinamunicipal.com.ar\/argentina\/?p=12920"},"modified":"2014-08-07T18:51:31","modified_gmt":"2014-08-07T21:51:31","slug":"crearan-en-rio-negro-el-sistema-de-tratamiento-de-neumaticos-usados","status":"publish","type":"post","link":"http:\/\/argentinamunicipal.com.ar\/argentina\/crearan-en-rio-negro-el-sistema-de-tratamiento-de-neumaticos-usados\/","title":{"rendered":"Crear\u00e1n en R\u00edo Negro el sistema de tratamiento de neum\u00e1ticos usados"},"content":{"rendered":"<p><a href=\"http:\/\/argentinamunicipal.com.ar\/argentina\/wp-content\/uploads\/2014\/08\/cc3b3aea3dbb8052de2dee75164325cf.jpg\"><img loading=\"lazy\" decoding=\"async\" class=\"aligncenter  wp-image-12921\" src=\"http:\/\/argentinamunicipal.com.ar\/argentina\/wp-content\/uploads\/2014\/08\/cc3b3aea3dbb8052de2dee75164325cf.jpg\" alt=\"cc3b3aea3dbb8052de2dee75164325cf\" width=\"683\" height=\"454\" srcset=\"http:\/\/argentinamunicipal.com.ar\/argentina\/wp-content\/uploads\/2014\/08\/cc3b3aea3dbb8052de2dee75164325cf.jpg 887w, http:\/\/argentinamunicipal.com.ar\/argentina\/wp-content\/uploads\/2014\/08\/cc3b3aea3dbb8052de2dee75164325cf-300x199.jpg 300w\" sizes=\"auto, (max-width: 683px) 100vw, 683px\" \/><\/a><\/p>\n<p>La creaci\u00f3n de un sistema integrado de tratamiento para neum\u00e1ticos fuera de uso podr\u00eda aprobar la Legislatura en breve tiempo, porque el proyecto de ley fue analizado el martes pasado en comisiones en forma favorable.<\/p>\n<p>El objetivo de la propuesta, que presentaron los legisladores radicales Leonardo Ballester, Francisco Gonz\u00e1lez y Hugo Funes, es promover un sistema integrado de manejo responsable de los neum\u00e1ticos fuera de uso, fomentar el cuidado del medio ambiente, el reciclado y toda forma de valorizaci\u00f3n del neum\u00e1tico en desecho.<\/p>\n<p>Tambi\u00e9n procura crear conciencia sobre los efectos integralmente negativos derivados de la quema y almacenamiento inapropiado que ejerce sobre la salud de la poblaci\u00f3n.<\/p>\n<p>La futura ley prohibir\u00e1 en la provincia de R\u00edo Negro la quema de neum\u00e1ticos a cielo abierto para cualquier fin, en la v\u00eda p\u00fablica y su dep\u00f3sito en fuentes de agua, basurales, terrenos bald\u00edos y cualquier otro lugar a cielo abierto, con destino de su confinamiento como residuo.<\/p>\n<p>La fundamentaci\u00f3n del proyecto en comisiones estuvo a cargo del legislador radical Alejandro Betel\u00fa, quien refiri\u00f3 que, seg\u00fan estad\u00edsticas en el a\u00f1o 2010 ,ya se fabricaban en el pa\u00eds 17 millones de neum\u00e1ticos, acompa\u00f1ando la creciente producci\u00f3n de veh\u00edculos (724.000).<\/p>\n<p>En el a\u00f1o 2011, el crecimiento de la industria automotriz fue de un 8 por ciento, es decir 60.000 mil autos m\u00e1s, que multiplicado por cinco neum\u00e1ticos representan 300.000 cubiertas m\u00e1s s\u00f3lo para cubrir esa producci\u00f3n de 0 Km. A esto hay que agregarle el mercado de reposici\u00f3n, pero sin contar los camiones y m\u00e1quinas agr\u00edcolas, por ejemplo.<\/p>\n<p>Otros datos indican que en el pa\u00eds de desechan mas de 7 millones de neum\u00e1ticos al a\u00f1o, provocando un gran problema de contaminaci\u00f3n del aire, suelo, agua, afectando en general el medio ambiente y la salud p\u00fablica.<\/p>\n<p>\u201cEsta iniciativa se refiere a la conservaci\u00f3n del medio ambiente, pensando en las generaciones futuras, velando por el uso y el goce del ambiente para todos, tendiendo a una mejor calidad de vida, compartiendo la naturaleza sin da\u00f1arla. Este proyecto de sistema integrado de tratamiento para neum\u00e1ticos fuera se uso para la provincia de R\u00edo Negro es, sin duda, un paso m\u00e1s que importante para ese objetivo\u201d, destacar los tres autores del proyecto de ley.<\/p>\n<h6>Fuente: ADN R\u00edo Negro<\/h6>\n","protected":false},"excerpt":{"rendered":"<p>La creaci\u00f3n de un sistema integrado de tratamiento para neum\u00e1ticos fuera de uso podr\u00eda aprobar la Legislatura en breve tiempo, porque el proyecto de ley fue analizado el martes pasado en comisiones en forma favorable. El objetivo de la propuesta, que presentaron los legisladores radicales Leonardo Ballester, Francisco Gonz\u00e1lez y Hugo Funes, es promover un<\/p>\n","protected":false},"author":2,"featured_media":12921,"comment_status":"closed","ping_status":"closed","sticky":false,"template":"","format":"standard","meta":{"footnotes":""},"categories":[2],"tags":[11],"class_list":["post-12920","post","type-post","status-publish","format-standard","has-post-thumbnail","hentry","category-informe-municipal","tag-rio-negro"],"_links":{"self":[{"href":"http:\/\/argentinamunicipal.com.ar\/argentina\/wp-json\/wp\/v2\/posts\/12920","targetHints":{"allow":["GET"]}}],"collection":[{"href":"http:\/\/argentinamunicipal.com.ar\/argentina\/wp-json\/wp\/v2\/posts"}],"about":[{"href":"http:\/\/argentinamunicipal.com.ar\/argentina\/wp-json\/wp\/v2\/types\/post"}],"author":[{"embeddable":true,"href":"http:\/\/argentinamunicipal.com.ar\/argentina\/wp-json\/wp\/v2\/users\/2"}],"replies":[{"embeddable":true,"href":"http:\/\/argentinamunicipal.com.ar\/argentina\/wp-json\/wp\/v2\/comments?post=12920"}],"version-history":[{"count":0,"href":"http:\/\/argentinamunicipal.com.ar\/argentina\/wp-json\/wp\/v2\/posts\/12920\/revisions"}],"wp:featuredmedia":[{"embeddable":true,"href":"http:\/\/argentinamunicipal.com.ar\/argentina\/wp-json\/wp\/v2\/media\/12921"}],"wp:attachment":[{"href":"http:\/\/argentinamunicipal.com.ar\/argentina\/wp-json\/wp\/v2\/media?parent=12920"}],"wp:term":[{"taxonomy":"category","embeddable":true,"href":"http:\/\/argentinamunicipal.com.ar\/argentina\/wp-json\/wp\/v2\/categories?post=12920"},{"taxonomy":"post_tag","embeddable":true,"href":"http:\/\/argentinamunicipal.com.ar\/argentina\/wp-json\/wp\/v2\/tags?post=12920"}],"curies":[{"name":"wp","href":"https:\/\/api.w.org\/{rel}","templated":true}]}}