{"id":129210,"date":"2022-09-07T05:42:04","date_gmt":"2022-09-07T08:42:04","guid":{"rendered":"http:\/\/argentinamunicipal.com.ar\/argentina\/?p=129210"},"modified":"2022-09-06T19:44:05","modified_gmt":"2022-09-06T22:44:05","slug":"no-hay-lugar-para-el-odio-antidemocratico","status":"publish","type":"post","link":"http:\/\/argentinamunicipal.com.ar\/argentina\/no-hay-lugar-para-el-odio-antidemocratico\/","title":{"rendered":"No hay lugar para el odio antidemocr\u00e1tico"},"content":{"rendered":"<p>El ataque a la vicepresidenta gener\u00f3 una respuesta inmediata por parte de todos los actores de la sociedad. Dirigentes pol\u00edticos, instituciones y comunicadores se pronunciaron al respecto. El repudio tuvo como eje central el innegable car\u00e1cter de vulneraci\u00f3n al ordendemocr\u00e1tico del suceso.<\/p>\n<p>POR IRENE POLIMENI SOSA<\/p>\n<p>Tras el paro y movilizaci\u00f3n masiva en defensa de la democracia y repudio al\u00a0atentado contra CFK. La irresponsabilidad de m\u00e1s de una d\u00e9cada de\u00a0discursos del odio no es gratuita y la sociedad lo sabe.<\/p>\n<p>El viernes, organizaciones pol\u00edticas, sociales y sindicales se manifestaron masivamente a trav\u00e9s\u00a0de un paro y una movilizaci\u00f3n a Plaza de Mayo en repudio al atentado contra Cristina\u00a0Fernandez de Kirchner y defensa de la democracia. Las dos consignas convocaron focos de\u00a0movilizaci\u00f3n en otros puntos a lo largo y ancho del pa\u00eds.<\/p>\n<p>El ataque a la vicepresidenta gener\u00f3 una respuesta inmediata por parte de todos los actores de la sociedad. Dirigentes pol\u00edticos, instituciones y comunicadores se pronunciaron al respecto. El repudio tuvo como eje central el innegable car\u00e1cter de vulneraci\u00f3n al orden\u00a0democr\u00e1tico del suceso.<\/p>\n<p>Para quien observa el escenario pol\u00edtico y entiende que el discurso p\u00fablico es un territorio\u00a0donde se dirimen los caminos de las discusiones que lleva adelante una sociedad, no hay\u00a0lugar a dudas: este hecho lamentable, este exabrupto de violencia, no es m\u00e1s que la\u00a0manifestaci\u00f3n extrema de la acumulaci\u00f3n de m\u00e1s de una d\u00e9cada de discursos de odio\u00a0lanzados, reproducidos, reformulados, expuestos en el terreno de la opini\u00f3n p\u00fablica como si\u00a0de algo natural se tratara y, adem\u00e1s, defendidos a capa y espada como estandartes de la\u00a0libertad de expresi\u00f3n.<\/p>\n<p>La movilizaci\u00f3n hacia Plaza de Mayo estuvo repleta de j\u00f3venes. Agrupadxs entre amigxs, con sus familias, en columnas de organizaciones sociales o pol\u00edticas, se mezclaban con el\u00a0resto de lxs manifestantes.<\/p>\n<p>\u201cLo que pas\u00f3 ayer fue un atentado a la democracia.\u201d me dice Benjam\u00edn, que tiene 19 a\u00f1os y\u00a0asisti\u00f3 por primera vez a una movilizaci\u00f3n en el 2016, en el marco de un reclamo al\u00a0Gobierno de la Ciudad por falta de calefacci\u00f3n en los colegios. \u201cEste pa\u00eds ya dijo nunca\u00a0m\u00e1s. Venir ac\u00e1 es entender eso y defender esa bandera.\u201d<\/p>\n<p>Le pregunto a Mariana (22 a\u00f1os) por qu\u00e9 piensa que es importante movilizarse. \u201cPrimero\u00a0que todo, para defender la democracia. Lo que pas\u00f3 ayer no es un caso aislado, sino el\u00a0resultado de un fomento al odio constante por parte de los medios de comunicaci\u00f3n\u00a0hegem\u00f3nicos. Creo que es una amenaza a lo que tanto nos cost\u00f3 construir desde el 83. Mi familia fue victima del terrorismo de Estado. Tengo el compromiso de estar aca para\u00a0defender la democracia por la que ellos lucharon\u201d. Me dice que si para sus familiares la\u00a0democracia era una transformaci\u00f3n que deb\u00edan construir, a nosotrxs nos toca mantenerla.<\/p>\n<p>\u201cYa la tenemos, es muy importante entender eso. Ellxs tuvieron que dejar sus vidas, perder\u00a0compa\u00f1erxs y familiares para construirla, y nosotrxs tenemos que defender esa\u00a0construcci\u00f3n porque hay mucha gente que no quiere que exista m\u00e1s\u201d.<\/p>\n<p>Est\u00e1 claro para todxs lxs pibxs a lxs que me acerco que el atentado contra CFK no fue s\u00f3lo contra su integridad f\u00edsica, sino tambi\u00e9n contra la democracia. Una democracia que, como\u00a0dice Mariana, nos ha costado horrores defender y estabilizar. Nos ha costado vidas, m\u00e1s de 30.000. Nos ha costado exilios. Nos ha costado a\u00f1os de herida social. Nos ha costado que\u00a0una generaci\u00f3n entera viviera la pol\u00edtica como un compromiso de vida o muerte, como un\u00a0compromiso que pod\u00eda hacerte enemigo del orden p\u00fablico, que pod\u00eda hacerte desaparecer.<\/p>\n<p>A m\u00ed, a nosotrxs, nos toc\u00f3 ser de otra generaci\u00f3n: una que creci\u00f3 con fuertes presencias\u00a0pol\u00edticas. Con madres y abuelas de plaza de mayo reclamando memoria, verdad y justicia. Nunca\u00a0 venganza. La reivindicaci\u00f3n de su lucha nos permiti\u00f3 comprender la pol\u00edtica como\u00a0una herramienta para transformar y construir. Nos permiti\u00f3 observar de qu\u00e9 manera es\u00a0posible un activismo desde el amor. De qu\u00e9 manera la subversi\u00f3n civil puede marcarle la cancha al poder pol\u00edtico desde el reclamo por el justo funcionamiento de los mecanismos de\u00a0la democracia. De qu\u00e9 manera es posible una alianza entre las figuras que ocupan los\u00a0lugares de poder y las necesidades, los deseos y los reclamos de lxs vulneradxs por el\u00a0sistema.<\/p>\n<p>En esa direcci\u00f3n van las ideas que me comparte \u00c1ngel -Caco para lxs amigxs- que tambi\u00e9n\u00a0tiene 19 a\u00f1os: \u201cLa pol\u00edtica es la herramienta que tienen los pueblos para enfrentar la\u00a0injusticia de los poderosos. Los que hablan mal de la pol\u00edtica son los mismos que quieren\u00a0usarla en contra del pueblo. Por eso el pueblo tiene que entender que es la \u00fanica forma que\u00a0tiene para hacerles frente. Y creo que lo est\u00e1 haciendo, esta plaza es el claro reflejo de\u00a0eso\u201d. Le pregunto si recuerda cu\u00e1l fue su primera movilizaci\u00f3n popular. \u201cEra muy chico, fue\u00a0un 25 de mayo, cerr\u00f3 con un recital de La Renga ac\u00e1 en la plaza\u201d me responde entre risas,\u00a0e inmediatamente agrega: \u201cyo soy parte de una generaci\u00f3n muy privilegiada. Me pude\u00a0egresar en pandemia gracias a una Conectar Igualdad y ahora estoy cursando una carrera\u00a0gracias a esa computadora tambi\u00e9n. Vivo en una villa, a m\u00ed nadie me regal\u00f3 nada.<\/p>\n<p>Yo cre\u00eda\u00a0de chico que el progreso estaba afuera de la villa, que ten\u00eda que salir para progresar. Y\u00a0Cristina me dijo, a trav\u00e9s de sus pol\u00edticas: dentro de la villa pod\u00e9s y vas a progresar, ten\u00e9s la\u00a0posibilidad de estudiar en una escuela p\u00fablica. Y todo eso se lo agradezco mucho\u201d.<\/p>\n<p>\u00c1ngel tiene un cartel que dice \u201cno fue un loquito suelto, es un plan de odio\u201d. Le pregunto por\u00a0qu\u00e9 eligi\u00f3 esa frase. \u201cCuando me enter\u00e9 de lo que pas\u00f3, y vi de qu\u00e9 manera le gatillaban la\u00a0cabeza a nuestra vicepresidenta, me di cuenta de que eso era s\u00f3lo el punto c\u00falmine y visible de algo que se viene trabajando hace meses desde los medios de comunicaci\u00f3n y el\u00a0partido judicial. Todo ese odio sembrado en la sociedad, reflejado en una acci\u00f3n. Algunos\u00a0nos sorprendemos con esa acci\u00f3n y otros se hacen los boludos porque estaban haciendo\u00a0todo lo necesario para que esto pasara y ahora no se quieren hacer cargo\u201d.<\/p>\n<p>Lo que dice \u00c1ngel es cierto, excepto por un detalle para nada menor: la construcci\u00f3n\u00a0discursiva que habilita un suceso como el que vivimos el mi\u00e9rcoles por la noche no es un trabajo de los \u00faltimos meses. Es un programa sistem\u00e1tico que los sectores de poder de la\u00a0Argentina vienen desplegando hace d\u00e9cadas, y que se concentra en la figura de CFK hace\u00a0por lo menos 14 a\u00f1os.<\/p>\n<p>En el 2008 yo ten\u00eda 11. Estaba en quinto grado. Recuerdo que en el aula de mi colegio\u00a0porte\u00f1o privado y progre circul\u00f3 la pregunta \u201c\u00bfvos est\u00e1s con Cristina o con el campo?\u201d. Se\u00a0estaba discutiendo la famosa resoluci\u00f3n 125, que fijaba un esquema de retenciones m\u00f3viles\u00a0para la exportaci\u00f3n de trigo, soja, ma\u00edz y girasol. Recuerdo que no ten\u00eda idea de c\u00f3mo\u00a0responder a esa pregunta, recuerdo que ese mismo a\u00f1o -dif\u00edcil saber si antes o despu\u00e9s- le\u00a0pregunt\u00e9 a mi mam\u00e1 si ella era peronista. O qu\u00e9 era el peronismo. Recuerdo porque ese\u00a0momento despert\u00f3 en m\u00ed una intriga, un advertir que exist\u00eda la necesidad de posicionarse en\u00a0relaci\u00f3n a cuestiones que, tal vez, no pod\u00eda terminar de entender todav\u00eda. A\u00f1os despu\u00e9s,\u00a0las entender\u00eda. Y cu\u00e1nto: mis primeras marchas fueron multitudinarias: memoria, verdad y\u00a0justicia, los l\u00e1pices siguen escribiendo, a donde vayan los iremos a buscar.<\/p>\n<p>En el 2009 intervinieron la se\u00f1al de frecuencia de la Torre de Control del Aeroparque Jorge\u00a0Newbery para que Cristina Fernandez, y pronto todo el pa\u00eds, escuchara c\u00f3mo en la radio del\u00a0helic\u00f3ptero en el que viajaba la entonces presidenta, una voz dec\u00eda \u201cmaten a la yegua\u201d.<\/p>\n<p>Durante los meses que siguieron, escuchamos esa frase reproducirse en la televisi\u00f3n y la\u00a0radio una y otra vez. Una ineludible frecuencia sonora en la que hoy pienso y me genera la\u00a0misma sensaci\u00f3n que los olores de la infancia.\u00a0Cuento esto porque lo recuerdo, porque lo viv\u00ed. Para dar cuenta de que el exabrupto de\u00a0violencia que ha sacudido al pa\u00eds, es el resultado de por lo menos 13 a\u00f1os de construcci\u00f3n\u00a0de un gran supuesto enemigo p\u00fablico. Una construcci\u00f3n discursiva que defiende a la vez\u00a0secreta y evidentemente un status quo beneficiario de las minor\u00edas que conforman el poder\u00a0real de la Argentina, a trav\u00e9s de amenazas impl\u00edcitas y expl\u00edcitas contra el orden\u00a0democr\u00e1tico. Declaraciones extremas, tapas de diarios injuriosas, discusiones televisivas\u00a0aberrantes, manifestaciones con pedidos de muerte, marchas con bolsas mortuorias,\u00a0amenazas en redes sociales, piedrazos a edificios p\u00fablicos, vandalizaci\u00f3n de esculturas,\u00a0arbitrariedades judiciales. Odio antidemocr\u00e1tico.<\/p>\n<p>\u201cNuestro pa\u00eds tiene un historial de violencia que creemos que es parte del pasado, pero\u00a0siempre est\u00e1 a punto de aflorar\u201d me comenta Jes\u00fas (25 a\u00f1os). \u201cMe parece que es un deber\u00a0c\u00edvico y no una cuesti\u00f3n partidaria estar ac\u00e1 hoy. Esto es una afrenta a la libertad\u00a0democr\u00e1tica. Creo que los discursos de odio est\u00e1n en todos los frentes pol\u00edticos y\u00a0partidarios: la velocidad de las redes, perseguir los puntos de rating, pensar que el que\u00a0piensa distinto es un pelotudo, son vicios en los que los que est\u00e1n de este lado tambi\u00e9n\u00a0incurren. Pero el fascismo no es la respuesta nunca.\u201d Le pregunto c\u00f3mo piensa que se va a\u00a0desarrollar ahora el panorama pol\u00edtico. \u201cTengo la esperanza de que este lamentable\u00a0episodio sea un llamado a la cautela por parte de toda la sociedad, y que nos genere mayor\u00a0conciencia de nuestros discursos\u201d, me responde, sin dejar de mencionar que \u201ccomo eterno\u00a0simpatizante del peronismo\u201d espera \u201cse entienda que esto demuestra de pies a cabeza qu\u00e9\u00a0es lo que hay del lado de enfrente\u201d.<\/p>\n<p>En el alegato que public\u00f3 el pasado 23 de agosto, en el marco de la Causa Vialidad por la\u00a0que la Justicia la investiga, CFK dijo que se la quer\u00eda condenar a 12 a\u00f1os de prisi\u00f3n como\u00a0represalia por los 12 a\u00f1os de gobierno que llevaron adelante ella y N\u00e9stor Kirchner. En ese\u00a0mismo video, dijo una frase elemental para pensar la coyuntura pol\u00edtica que nos toca\u00a0transitar: \u201cno vienen por m\u00ed, vienen por ustedes\u201d. Ese d\u00eda tambi\u00e9n se congregaron j\u00f3venes\u00a0en la Plaza del Congreso. Ulises (24 a\u00f1os), que se encontraba ah\u00ed para expresar su apoyo\u00a0a la vicepresidenta, dijo que para \u00e9l los poderes f\u00e1cticos han encontrado la forma de\u00a0interponer sus intereses sin corromper la democracia antigua. \u201cAntes la democracia era un\u00a0problema para ellos, por eso se entienden los golpes de estado del siglo XX. Pero ahora\u00a0pueden sostener una democracia un poco teatral. Esa es la operaci\u00f3n del low fare\u201d. A la luz\u00a0de los acontecimientos recientes, su lectura adquiere otra contundencia. El \u201custedes\u201d de \u201cno\u00a0vienen por m\u00ed, vienen por ustedes\u201d es, como suger\u00eda Ulises, con total claridad, un ustedes\u00a0grande, muy grande: ustedes, todxs aquellxs que creen en la democracia.<\/p>\n<p>Las operaciones\u00a0del low fare, que implican necesariamente una alianza medi\u00e1tica que construya una\u00a0legitimidad del accionar de la justicia, se cristalizan en una explosi\u00f3n de odio que atenta\u00a0directamente, sin efeumismos, contra el principio democr\u00e1tico.<\/p>\n<p>La presidenta del Pro, Patricia Bullrich, confirm\u00f3 en una declaraci\u00f3n que para ella es l\u00f3gico\u00a0que a 12 a\u00f1os de gobierno kirchnerista, correspondan 12 a\u00f1os de condena. El\u00a0razonamiento es peligrosamente parecido a la lisa y llana idea de la venganza, esa contra la\u00a0que hemos erigido un sentido com\u00fan en la defensa de la lucha de madres y abuelas de\u00a0Plaza de Mayo.<\/p>\n<p>Pero hay algo que a esa l\u00f3gica escapa, y que las movilizaciones masivas de ayer\u00a0evidencian con claridad: mantenerse 12 a\u00f1os en el Gobierno con la voluntad pol\u00edtica de\u00a0avanzar directamente en contra de los intereses de los sectores de poder s\u00f3lo es posible\u00a0con un fuerte respaldo popular. El proceso que abrieron los gobiernos kirchneristas est\u00e1\u00a0\u00edntimamente ligado con la construcci\u00f3n de una base militante y de una complicidad social\u00a0respecto a qui\u00e9nes ocupan los espacios de poder y para qu\u00e9. Quiero decir, sin respaldo\u00a0popular, no hay 12 a\u00f1os de kirchnerismo. Sin kirchnerismo no hay nuevas mayor\u00edas\u00a0nacionales y populares.<\/p>\n<p>Hoy m\u00e1s que nunca, resulta necesario que los actores todo el arco pol\u00edtico entiendan que la\u00a0generaci\u00f3n y propagaci\u00f3n de discursos de odio debe tener un l\u00edmite, que ese l\u00edmite es\u00a0-mucho m\u00e1s all\u00e1 de toda inclinaci\u00f3n partidaria- una responsabilidad de la sociedad toda, y\u00a0que de esa responsabilidad pende nuestro sistema democr\u00e1tico. La irresponsabilidad\u00a0discursiva ha demostrado no ser gratuita. Y la sociedad ha demostrado saberlo. Nadie sabe\u00a0exactamente qu\u00e9 habr\u00eda pasado si el atentado contra Cristina Fernandez de Kirchner\u00a0hubiese sido exitoso, pero no hay dudas de que la consecuencia habr\u00eda sido una escalada\u00a0de violencia escalofriante. La Argentina tiene ahora debe construir un consenso respecto a\u00a0esto. Hay que cuidar los pilares de una democracia que permita la diferencia y el conflicto,sin aniquilar la construcci\u00f3n colectiva. Para ello, ser\u00eda elemental extraer una conclusi\u00f3n\u00a0m\u00e1s, y resguardarla en el seno de nuestros debates y contiendas: la destrucci\u00f3n de un\u00a0dirigente no es la destrucci\u00f3n de su proyecto pol\u00edtico, ni las ideas que lo sostienen. La\u00a0pol\u00edtica es mucho, mucho m\u00e1s que un clientelismo ciego y un pu\u00f1ado de personas con\u00a0trajes defendiendo sus propios intereses. Por eso, el camino para desarticular un proyecto\u00a0pol\u00edtico no es la ret\u00f3rica del odio y la violencia concentrada. Es la construcci\u00f3n de otro\u00a0proyecto, es el debate profundo de ideas e intereses, es la utilizaci\u00f3n de las herramientas y\u00a0la participaci\u00f3n en los procesos democr\u00e1ticos. Al menos, as\u00ed lo entiende y exige la enorme\u00a0porci\u00f3n del pueblo argentino que ayer colm\u00f3 las calles y las plazas del pa\u00eds.<\/p>\n<h6>Fuente: Telam<\/h6>\n","protected":false},"excerpt":{"rendered":"<p>El ataque a la vicepresidenta gener\u00f3 una respuesta inmediata por parte de todos los actores de la sociedad. Dirigentes pol\u00edticos, instituciones y comunicadores se pronunciaron al respecto.<\/p>\n","protected":false},"author":2,"featured_media":129211,"comment_status":"closed","ping_status":"closed","sticky":false,"template":"","format":"standard","meta":{"footnotes":""},"categories":[6],"tags":[21],"class_list":["post-129210","post","type-post","status-publish","format-standard","has-post-thumbnail","hentry","category-opiniones","tag-argentina"],"_links":{"self":[{"href":"http:\/\/argentinamunicipal.com.ar\/argentina\/wp-json\/wp\/v2\/posts\/129210","targetHints":{"allow":["GET"]}}],"collection":[{"href":"http:\/\/argentinamunicipal.com.ar\/argentina\/wp-json\/wp\/v2\/posts"}],"about":[{"href":"http:\/\/argentinamunicipal.com.ar\/argentina\/wp-json\/wp\/v2\/types\/post"}],"author":[{"embeddable":true,"href":"http:\/\/argentinamunicipal.com.ar\/argentina\/wp-json\/wp\/v2\/users\/2"}],"replies":[{"embeddable":true,"href":"http:\/\/argentinamunicipal.com.ar\/argentina\/wp-json\/wp\/v2\/comments?post=129210"}],"version-history":[{"count":0,"href":"http:\/\/argentinamunicipal.com.ar\/argentina\/wp-json\/wp\/v2\/posts\/129210\/revisions"}],"wp:featuredmedia":[{"embeddable":true,"href":"http:\/\/argentinamunicipal.com.ar\/argentina\/wp-json\/wp\/v2\/media\/129211"}],"wp:attachment":[{"href":"http:\/\/argentinamunicipal.com.ar\/argentina\/wp-json\/wp\/v2\/media?parent=129210"}],"wp:term":[{"taxonomy":"category","embeddable":true,"href":"http:\/\/argentinamunicipal.com.ar\/argentina\/wp-json\/wp\/v2\/categories?post=129210"},{"taxonomy":"post_tag","embeddable":true,"href":"http:\/\/argentinamunicipal.com.ar\/argentina\/wp-json\/wp\/v2\/tags?post=129210"}],"curies":[{"name":"wp","href":"https:\/\/api.w.org\/{rel}","templated":true}]}}