{"id":129332,"date":"2022-09-09T05:32:21","date_gmt":"2022-09-09T08:32:21","guid":{"rendered":"http:\/\/argentinamunicipal.com.ar\/argentina\/?p=129332"},"modified":"2022-09-08T19:35:33","modified_gmt":"2022-09-08T22:35:33","slug":"america-latina-el-epicentro-de-las-grandes-luchas-politicas","status":"publish","type":"post","link":"http:\/\/argentinamunicipal.com.ar\/argentina\/america-latina-el-epicentro-de-las-grandes-luchas-politicas\/","title":{"rendered":"Am\u00e9rica Latina, el epicentro de las grandes luchas pol\u00edticas"},"content":{"rendered":"<p>En unos d\u00edas o semanas, Am\u00e9rica Latina est\u00e1 definiendo su futuro. El atentado a Cristina, el refer\u00e9ndum chileno, las elecciones brasile\u00f1as, en sus consecuencias, hacen que el continente termine el a\u00f1o con otra fisonom\u00eda, para bien o para mal.<\/p>\n<p>Lo cierto es que\u00a0Am\u00e9rica Latina se reafirma como el epicentro de las grandes luchas pol\u00edticas contempor\u00e1neas. Fue aqu\u00ed donde el neoliberalismo tuvo gobiernos cada vez m\u00e1s radicales. Fue aqu\u00ed donde surgieron los gobiernos antineoliberales y los principales l\u00edderes pol\u00edticos de izquierda del siglo XXI.<\/p>\n<p>Aqu\u00ed es donde contin\u00faan teniendo lugar los enfrentamientos m\u00e1s importantes de nuestro tiempo. Aqu\u00ed, donde se define la muerte o la supervivencia del neoliberalismo.<\/p>\n<p>En todos los pa\u00edses, el choque entre la izquierda y la derecha tom\u00f3 nuevas formas. Con una izquierda antineoliberal y una derecha radicalizada, asumiendo el\u00a0discurso del odio.<\/p>\n<p>El ataque a Cristina fue el episodio que m\u00e1s expresa este discurso y sus consecuencias criminales. Fue all\u00ed donde la extrema derecha pas\u00f3 de las palabras a los hechos, con la escalada de amenazas contra Cristina, Alberto Fern\u00e1ndez y la democracia argentina,\u00a0se dispar\u00f3 el gatillo.<\/p>\n<p>El pa\u00eds, envuelto en una guerra econ\u00f3mica por el sabotaje al gran capital, por el llamado a subir precios indiscriminadamente como forma de multiplicar sus ganancias y sabotear al gobierno, apel\u00f3 a formas pol\u00edticas para tratar de golpear duramente a la izquierda, por el ataque contra Cristina. Los tiros asesinar\u00edan al principal l\u00edder argentino, pero tambi\u00e9n a la democracia argentina.<\/p>\n<p>Las\u00a0movilizaciones populares\u00a0en defensa de la democracia y de Cristina y los intentos de Alberto Fern\u00e1ndez de armar un pacto nacional en defensa de la democracia, pueden cambiar el panorama pol\u00edtico del pa\u00eds. Pero la derecha, tras declaraciones formales de condena al atentado, no muestra disposici\u00f3n a un gran acuerdo formal de paz. Se repiten las acusaciones de que el gobierno usar\u00eda el ataque para atacarlos, instrumentalizando la situaci\u00f3n.<\/p>\n<p>Las pr\u00f3ximas semanas ser\u00e1n decisivas\u00a0para el futuro econ\u00f3mico y pol\u00edtico del pa\u00eds, incluso proyect\u00e1ndose el escenario para las elecciones presidenciales del pr\u00f3ximo a\u00f1o.<\/p>\n<p>Las elecciones brasile\u00f1as, con la probable elecci\u00f3n de Lula, son su gran novedad. Habr\u00e1 que ver si logra triunfar en la primera vuelta, a principios o finales de octubre. La derecha re\u00fane todas sus fuerzas para, consciente de la incapacidad de Bolsonaro para ser reelegido,\u00a0retomar e intensificar el antipetismo, para tratar de hacer la definici\u00f3n dada en la segunda vuelta, para tratar de evitar que la victoria de Lula llegue en la primera vuelta, con una nuevo presidente muy fuerte.<\/p>\n<p>En todo caso, la probable elecci\u00f3n de Lula ser\u00e1 el avance m\u00e1s significativo con el que podr\u00e1 contar Am\u00e9rica Latina, junto a los gobiernos de M\u00e9xico, Argentina, Colombia, Bolivia, Honduras, para coordinar sus fuerzas en la lucha contra el neoliberalismo.<\/p>\n<p>El refer\u00e9ndum chileno a\u00f1ade un nuevo elemento.\u00a0La reversi\u00f3n de los resultados anteriores, producto de una campa\u00f1a brutal de la derecha, como Chile a\u00fan no hab\u00eda conocido, plantea nuevos y complejos dilemas al gobierno de Boric.<\/p>\n<p>\u00bfPor qu\u00e9 y c\u00f3mo se produjo esta inversi\u00f3n?\u00a0Es un tema para un an\u00e1lisis m\u00e1s detallado, pero se puede decir, al menos, que hay\u00a0tres niveles de derrota.<\/p>\n<p>La primera fue una derrota pol\u00edtica. La derecha supo flexibilizar sus posiciones, ocultando el retorno de la constituci\u00f3n de Pinochet, para afirmar su voluntad de aceptar una nueva constituci\u00f3n, pero hecha de otra manera -sin paridad de g\u00e9nero, sin bancada ind\u00edgena- y con plazos m\u00e1s largos. Conquist\u00f3 a sectores del centro e incluso de la izquierda moderada -como la Democracia Cristiana- que expresaron su apoyo al rechazo.<\/p>\n<p>Mientras que la posici\u00f3n oficialista no pudo retener ni siquiera m\u00e1s de la mitad de los votos de quienes hab\u00edan votado a favor de una nueva Constituci\u00f3n. Cre\u00eda que la buena propuesta de una nueva Constituci\u00f3n, por s\u00ed sola, servir\u00eda para reunir los votos de los que estaban a favor de la Convenci\u00f3n Constituyente.<\/p>\n<p>A la derrota pol\u00edtica contribuy\u00f3 la r\u00e1pida disminuci\u00f3n del apoyo al gobierno de Boric -38%- en los primeros meses de gobierno, que tard\u00f3 en reaccionar y retomar la iniciativa, con proyectos que atiendan las necesidades de la poblaci\u00f3n.<\/p>\n<p>La segunda fue una derrota medi\u00e1tica.\u00a0Chile vivi\u00f3 la campa\u00f1a de fake news m\u00e1s brutal que haya conocido el pa\u00eds, centrada en la descalificaci\u00f3n mentirosa de lo que estaba pasando en la Convenci\u00f3n y el comportamiento de sus miembros, en lo que estar\u00eda preparando el gobierno (desde cambiar el color de la bandera chilena hasta que los mapuches tendr\u00edan derecho de veto sobre todo lo que hiciera el gobierno).<\/p>\n<p>No hubo un mando pol\u00edtico y medi\u00e1tico de la campa\u00f1a Apruebo, que buscaba responder a estas mentiras, que proliferaron durante toda la campa\u00f1a. La opini\u00f3n p\u00fablica se pronunci\u00f3 fuertemente contra la Convenci\u00f3n y el gobierno, extendi\u00e9ndose esto al rechazo del nuevo proyecto de Constituci\u00f3n.<\/p>\n<p>El tercer nivel de derrota fue a nivel de masas. El Frente Amplio y los movimientos sociales no revelaron que ten\u00edan la capacidad de llevar la campa\u00f1a del Apruebo a un nivel masivo en todo el pa\u00eds. La magnitud y extensi\u00f3n de la derrota, en todas las regiones de Chile, incluso en la regi\u00f3n metropolitana, basti\u00f3n de la izquierda, as\u00ed lo expresa.<\/p>\n<p>El aislamiento en relaci\u00f3n al sentir del pueblo tom\u00f3 por sorpresa un resultado tan consistente de rechazo a la nueva Constituci\u00f3n, no captado por los l\u00edderes de la campa\u00f1a por el Apruebo.<\/p>\n<p>\u00bfC\u00f3mo reaccionar\u00e1 el pa\u00eds ante esta derrota? Los medios de comunicaci\u00f3n son los responsables de concentrar el peso de la derrota en el gobierno. Los sectores moderados de izquierda y centro propondr\u00e1n ingresar al gobierno como una forma de romper el aislamiento del gobierno.<\/p>\n<p>Muy bueno el discurso de Boric en televisi\u00f3n nacional, un discurso de estadista, que asimila el resultado, pero reafirma los objetivos del movimiento 2019, dotar a Chile de una nueva constituci\u00f3n democr\u00e1tica, que de una vez por todas pase la p\u00e1gina del pinochetismo y del el modelo neoliberal.<\/p>\n<p>Las disputas m\u00e1s importantes se desarrollar\u00e1n en torno a la reforma del gobierno y la convocatoria a una nueva constituyente, que revelar\u00e1 c\u00f3mo sale Chile de la derrota y qu\u00e9 fuerzas tiene la izquierda para recuperar la iniciativa. Fundamental, sobre todo, es la unidad en torno a la defensa del gobierno. Y en segundo lugar, que el gobierno tome medidas que defiendan las necesidades inmediatas de la poblaci\u00f3n, as\u00ed como atender las preocupaciones de seguridad ciudadana, entre otras.<\/p>\n<p>El ataque a Cristina y la derrota del refer\u00e9ndum en Chile refuerzan la centralidad de la disputa medi\u00e1tica, de la opini\u00f3n p\u00fablica, la importancia decisiva de la disputa ideol\u00f3gica, cultural y de valores, que termina siendo la gran palanca de los grandes acontecimientos pol\u00edticos.<\/p>\n<p>La agitaci\u00f3n latinoamericana no se detendr\u00e1, ni siquiera con la probable victoria de Lula.\u00a0El continente seguir\u00e1 siendo el epicentro de las grandes luchas del mundo contempor\u00e1neo, as\u00ed como seguir\u00e1 proyectando y consolidando a sus l\u00edderes como los principales l\u00edderes de la izquierda del siglo XXI.<\/p>\n<p>Pero Am\u00e9rica Latina tiene que valerse de los gobiernos conquistados -M\u00e9xico, Argentina, Colombia, Bolivia, Chile, Honduras, a los que se sumar\u00e1 el de Lula- para enfrentar colectivamente el conjunto de problemas que enfrenta el continente.<\/p>\n<p>Hay una gran mayor\u00eda pol\u00edtica nueva en Am\u00e9rica Latina, que debe servir de palanca para llevar a cabo transformaciones fundamentales en el continente -a nivel econ\u00f3mico, pol\u00edtico, social, medi\u00e1tico-, para que la convulsi\u00f3n sirva para construir un mundo menos desigual. Am\u00e9rica Latina, m\u00e1s justa, m\u00e1s solidaria, m\u00e1s democr\u00e1tica.<\/p>\n<p>Por Emir Sader<\/p>\n<h6>Fuente: P\u00e1gina 12<\/h6>\n","protected":false},"excerpt":{"rendered":"<p>En unos d\u00edas o semanas, Am\u00e9rica Latina est\u00e1 definiendo su futuro. El atentado a Cristina, el refer\u00e9ndum chileno, las elecciones brasile\u00f1as, en sus consecuencias, hacen que el continente termine el a\u00f1o con otra fisonom\u00eda, para bien o para mal.<\/p>\n","protected":false},"author":2,"featured_media":129333,"comment_status":"closed","ping_status":"closed","sticky":false,"template":"","format":"standard","meta":{"footnotes":""},"categories":[6],"tags":[21],"class_list":["post-129332","post","type-post","status-publish","format-standard","has-post-thumbnail","hentry","category-opiniones","tag-argentina"],"_links":{"self":[{"href":"http:\/\/argentinamunicipal.com.ar\/argentina\/wp-json\/wp\/v2\/posts\/129332","targetHints":{"allow":["GET"]}}],"collection":[{"href":"http:\/\/argentinamunicipal.com.ar\/argentina\/wp-json\/wp\/v2\/posts"}],"about":[{"href":"http:\/\/argentinamunicipal.com.ar\/argentina\/wp-json\/wp\/v2\/types\/post"}],"author":[{"embeddable":true,"href":"http:\/\/argentinamunicipal.com.ar\/argentina\/wp-json\/wp\/v2\/users\/2"}],"replies":[{"embeddable":true,"href":"http:\/\/argentinamunicipal.com.ar\/argentina\/wp-json\/wp\/v2\/comments?post=129332"}],"version-history":[{"count":0,"href":"http:\/\/argentinamunicipal.com.ar\/argentina\/wp-json\/wp\/v2\/posts\/129332\/revisions"}],"wp:featuredmedia":[{"embeddable":true,"href":"http:\/\/argentinamunicipal.com.ar\/argentina\/wp-json\/wp\/v2\/media\/129333"}],"wp:attachment":[{"href":"http:\/\/argentinamunicipal.com.ar\/argentina\/wp-json\/wp\/v2\/media?parent=129332"}],"wp:term":[{"taxonomy":"category","embeddable":true,"href":"http:\/\/argentinamunicipal.com.ar\/argentina\/wp-json\/wp\/v2\/categories?post=129332"},{"taxonomy":"post_tag","embeddable":true,"href":"http:\/\/argentinamunicipal.com.ar\/argentina\/wp-json\/wp\/v2\/tags?post=129332"}],"curies":[{"name":"wp","href":"https:\/\/api.w.org\/{rel}","templated":true}]}}